{"id":2606,"date":"2019-06-28T13:19:19","date_gmt":"2019-06-28T11:19:19","guid":{"rendered":"http:\/\/agora.xtec.cat\/iesjoanamigo\/?p=2606"},"modified":"2019-09-09T10:20:59","modified_gmt":"2019-09-09T08:20:59","slug":"llistat-de-llibres-lectures-i-material-curs-2019-2020","status":"publish","type":"post","link":"https:\/\/agora.xtec.cat\/iesjoanamigo\/portada\/llistat-de-llibres-lectures-i-material-curs-2019-2020\/","title":{"rendered":"Llistat de llibres, lectures i material curs 2019-2020"},"content":{"rendered":"<p>Us adjuntem el llistat de llibres, lectures i material de les mat\u00e8ries. L&#8217;assignaci\u00f3 de grup el va donar el tutor individual el dia d&#8217;entrega de notes.<\/p>\n<p>Pel que fa al llistat de llibres, uns comentaris:<\/p>\n<ul>\n<li>Tot i que es poden comprar on es vulgui, es recomana fer-ho mitjan\u00e7ant <a href=\"http:\/\/www.iddink.cat\">Iddink<\/a> (gesti\u00f3 realitzada per l&#8217;AMPA). El preu del 1r pla\u00e7 \u00e9s si la comanda es realitza abans del dia 21 de juliol; si es realitza a posteriori, el preu passa a ser el del 2n pla\u00e7.<\/li>\n<li>Veureu que hi ha mat\u00e8ries que no tenen llibres per\u00f2 hi ha una quantitat pels dossiers i el material d&#8217;\u00fas a l&#8217;aula; aquest material l&#8217;heu d&#8217;abonar obligat\u00f2riament.<\/li>\n<li>Tamb\u00e9 veureu que hi ha una agenda sense cost subvencionada per l&#8217;ampa.<\/li>\n<\/ul>\n<p>Pel que fa al material, es pot comprar a la papereria \u00cdndex.<\/p>\n<p>La direcci\u00f3.<\/p>\n<p><a href=\"https:\/\/agora.xtec.cat\/iesjoanamigo\/wp-content\/uploads\/usu506\/2019\/06\/Llistat-material-2019-20.pdf\">Llistat material curs 2019-2020<\/a><\/p>\n<p><a href=\"https:\/\/agora.xtec.cat\/iesjoanamigo\/wp-content\/uploads\/usu506\/2019\/06\/438-llista-per-cursos-2019-20.pdf\">Llistat llibres curs 2019-2020<\/a><\/p>\n","protected":false},"excerpt":{"rendered":"<p>Us adjuntem el llistat de llibres, lectures i material de les mat\u00e8ries. L&#8217;assignaci\u00f3 de grup el va donar el tutor individual el dia d&#8217;entrega de notes. Pel que fa al llistat de llibres, uns comentaris: Tot i que es poden comprar on es vulgui, es recomana fer-ho mitjan\u00e7ant Iddink (gesti\u00f3 realitzada per l&#8217;AMPA). El preu [&hellip;]<\/p>\n","protected":false},"author":1,"featured_media":0,"comment_status":"open","ping_status":"closed","sticky":false,"template":"","format":"standard","meta":{"_bbp_topic_count":0,"_bbp_reply_count":0,"_bbp_total_topic_count":0,"_bbp_total_reply_count":0,"_bbp_voice_count":0,"_bbp_anonymous_reply_count":0,"_bbp_topic_count_hidden":0,"_bbp_reply_count_hidden":0,"_bbp_forum_subforum_count":0,"site-sidebar-layout":"default","site-content-layout":"","ast-site-content-layout":"","site-content-style":"default","site-sidebar-style":"default","ast-global-header-display":"","ast-banner-title-visibility":"","ast-main-header-display":"","ast-hfb-above-header-display":"","ast-hfb-below-header-display":"","ast-hfb-mobile-header-display":"","site-post-title":"","ast-breadcrumbs-content":"","ast-featured-img":"","footer-sml-layout":"","theme-transparent-header-meta":"","adv-header-id-meta":"","stick-header-meta":"","header-above-stick-meta":"","header-main-stick-meta":"","header-below-stick-meta":"","astra-migrate-meta-layouts":"default","ast-page-background-enabled":"default","ast-page-background-meta":{"desktop":{"background-color":"var(--ast-global-color-4)","background-image":"","background-repeat":"repeat","background-position":"center center","background-size":"auto","background-attachment":"scroll","background-type":"","background-media":"","overlay-type":"","overlay-color":"","overlay-opacity":"","overlay-gradient":""},"tablet":{"background-color":"","background-image":"","background-repeat":"repeat","background-position":"center center","background-size":"auto","background-attachment":"scroll","background-type":"","background-media":"","overlay-type":"","overlay-color":"","overlay-opacity":"","overlay-gradient":""},"mobile":{"background-color":"","background-image":"","background-repeat":"repeat","background-position":"center center","background-size":"auto","background-attachment":"scroll","background-type":"","background-media":"","overlay-type":"","overlay-color":"","overlay-opacity":"","overlay-gradient":""}},"ast-content-background-meta":{"desktop":{"background-color":"var(--ast-global-color-5)","background-image":"","background-repeat":"repeat","background-position":"center center","background-size":"auto","background-attachment":"scroll","background-type":"","background-media":"","overlay-type":"","overlay-color":"","overlay-opacity":"","overlay-gradient":""},"tablet":{"background-color":"var(--ast-global-color-5)","background-image":"","background-repeat":"repeat","background-position":"center center","background-size":"auto","background-attachment":"scroll","background-type":"","background-media":"","overlay-type":"","overlay-color":"","overlay-opacity":"","overlay-gradient":""},"mobile":{"background-color":"var(--ast-global-color-5)","background-image":"","background-repeat":"repeat","background-position":"center center","background-size":"auto","background-attachment":"scroll","background-type":"","background-media":"","overlay-type":"","overlay-color":"","overlay-opacity":"","overlay-gradient":""}},"footnotes":""},"categories":[29],"tags":[130],"class_list":["post-2606","post","type-post","status-publish","format-standard","hentry","category-portada","tag-curs-2019-2020"],"post_mailing_queue_ids":[],"_links":{"self":[{"href":"https:\/\/agora.xtec.cat\/iesjoanamigo\/wp-json\/wp\/v2\/posts\/2606","targetHints":{"allow":["GET"]}}],"collection":[{"href":"https:\/\/agora.xtec.cat\/iesjoanamigo\/wp-json\/wp\/v2\/posts"}],"about":[{"href":"https:\/\/agora.xtec.cat\/iesjoanamigo\/wp-json\/wp\/v2\/types\/post"}],"author":[{"embeddable":true,"href":"https:\/\/agora.xtec.cat\/iesjoanamigo\/wp-json\/wp\/v2\/users\/1"}],"replies":[{"embeddable":true,"href":"https:\/\/agora.xtec.cat\/iesjoanamigo\/wp-json\/wp\/v2\/comments?post=2606"}],"version-history":[{"count":1,"href":"https:\/\/agora.xtec.cat\/iesjoanamigo\/wp-json\/wp\/v2\/posts\/2606\/revisions"}],"predecessor-version":[{"id":2609,"href":"https:\/\/agora.xtec.cat\/iesjoanamigo\/wp-json\/wp\/v2\/posts\/2606\/revisions\/2609"}],"wp:attachment":[{"href":"https:\/\/agora.xtec.cat\/iesjoanamigo\/wp-json\/wp\/v2\/media?parent=2606"}],"wp:term":[{"taxonomy":"category","embeddable":true,"href":"https:\/\/agora.xtec.cat\/iesjoanamigo\/wp-json\/wp\/v2\/categories?post=2606"},{"taxonomy":"post_tag","embeddable":true,"href":"https:\/\/agora.xtec.cat\/iesjoanamigo\/wp-json\/wp\/v2\/tags?post=2606"}],"curies":[{"name":"wp","href":"https:\/\/api.w.org\/{rel}","templated":true}]}}