{"id":2559,"date":"2019-05-27T10:49:15","date_gmt":"2019-05-27T08:49:15","guid":{"rendered":"http:\/\/agora.xtec.cat\/iesjoanamigo\/?p=2559"},"modified":"2019-06-28T13:21:41","modified_gmt":"2019-06-28T11:21:41","slug":"linstitut-joan-amigo-i-callau-participa-al-programa-tas-de-la-fundacio-alicia","status":"publish","type":"post","link":"https:\/\/agora.xtec.cat\/iesjoanamigo\/general\/linstitut-joan-amigo-i-callau-participa-al-programa-tas-de-la-fundacio-alicia\/","title":{"rendered":"L\u2019Institut Joan Amig\u00f3 i Callau participa al Programa TAS de la Fundaci\u00f3 Al\u00edcia"},"content":{"rendered":"<p>Els alumnes de 1r d\u2019 ESO de l\u2019Institut Joan Amig\u00f3 i Callau del grup de projectes \u201cQui no t\u00e9 un all, t\u00e9 una ceba\u201d han participat al programa TAS, Tu i Al\u00edcia per la Salut. El Programa TAS \u00e9s una acci\u00f3 educativa que t\u00e9 com a objectiu millorar els h\u00e0bits alimentaris i d\u2019activitat f\u00edsica dels adolescents i fomentar que siguin els mateixos estudiants, amb la seva participaci\u00f3 activa, els impulsors i gestors dels canvis de millora. El Programa aposta per la cuina com a eina b\u00e0sica per millorar l\u2019alimentaci\u00f3, fomenta la pr\u00e0ctica de l\u2019activitat f\u00edsica a trav\u00e9s de l\u2019oci actiu i ensenya als alumnes a trobar l\u2019equilibri entre el que mengen i l\u2019activitat f\u00edsica que fan per poder tenir un estil de vida saludable.<\/p>\n<p>Han treballat h\u00e0bits d\u2019alimentaci\u00f3 saludable i promoci\u00f3 d\u2019un estil de vida actiu, a trav\u00e9s d\u2019un treball interdisciplinari i cooperatiu. Per aix\u00f2 han proposat activitats pels companys, han promogut un concurs d\u2019elaboraci\u00f3 d\u2019un esmorzar saludable entre tots els cursos. Han fet de cuiners, per descobrir receptes d\u2019altres pa\u00efsos i receptes tradicionals del nostre entorn i han apr\u00e8s que la cuina \u00e9s divertida. Com a tancament del projecte els alumnes han elaborat un llibre de receptes saludables.<\/p>\n<p>Rita Prats<\/p>\n<p><a href=\"https:\/\/agora.xtec.cat\/iesjoanamigo\/wp-content\/uploads\/usu506\/2019\/05\/IMG_1017.jpg\"><img loading=\"lazy\" decoding=\"async\" class=\"alignnone size-large wp-image-2560\" src=\"https:\/\/agora.xtec.cat\/iesjoanamigo\/wp-content\/uploads\/usu506\/2019\/05\/IMG_1017-1024x768.jpg\" alt=\"\" width=\"1024\" height=\"768\" srcset=\"https:\/\/agora.xtec.cat\/iesjoanamigo\/wp-content\/uploads\/usu506\/2019\/05\/IMG_1017.jpg 1024w, https:\/\/agora.xtec.cat\/iesjoanamigo\/wp-content\/uploads\/usu506\/2019\/05\/IMG_1017-300x225.jpg 300w, https:\/\/agora.xtec.cat\/iesjoanamigo\/wp-content\/uploads\/usu506\/2019\/05\/IMG_1017-768x576.jpg 768w, https:\/\/agora.xtec.cat\/iesjoanamigo\/wp-content\/uploads\/usu506\/2019\/05\/IMG_1017-200x150.jpg 200w\" sizes=\"auto, (max-width: 1024px) 100vw, 1024px\" \/><\/a> <a href=\"https:\/\/agora.xtec.cat\/iesjoanamigo\/wp-content\/uploads\/usu506\/2019\/05\/IMG_1018.jpg\"><img loading=\"lazy\" decoding=\"async\" class=\"alignnone size-large wp-image-2561\" src=\"https:\/\/agora.xtec.cat\/iesjoanamigo\/wp-content\/uploads\/usu506\/2019\/05\/IMG_1018-1024x768.jpg\" alt=\"\" width=\"1024\" height=\"768\" srcset=\"https:\/\/agora.xtec.cat\/iesjoanamigo\/wp-content\/uploads\/usu506\/2019\/05\/IMG_1018-1024x768.jpg 1024w, https:\/\/agora.xtec.cat\/iesjoanamigo\/wp-content\/uploads\/usu506\/2019\/05\/IMG_1018-300x225.jpg 300w, https:\/\/agora.xtec.cat\/iesjoanamigo\/wp-content\/uploads\/usu506\/2019\/05\/IMG_1018-768x576.jpg 768w, https:\/\/agora.xtec.cat\/iesjoanamigo\/wp-content\/uploads\/usu506\/2019\/05\/IMG_1018-200x150.jpg 200w, https:\/\/agora.xtec.cat\/iesjoanamigo\/wp-content\/uploads\/usu506\/2019\/05\/IMG_1018.jpg 1632w\" sizes=\"auto, (max-width: 1024px) 100vw, 1024px\" \/><\/a><\/p>\n","protected":false},"excerpt":{"rendered":"<p>Els alumnes de 1r d\u2019 ESO de l\u2019Institut Joan Amig\u00f3 i Callau del grup de projectes \u201cQui no t\u00e9 un all, t\u00e9 una ceba\u201d han participat al programa TAS, Tu i Al\u00edcia per la Salut. El Programa TAS \u00e9s una acci\u00f3 educativa que t\u00e9 com a objectiu millorar els h\u00e0bits alimentaris i d\u2019activitat f\u00edsica dels [&hellip;]<\/p>\n","protected":false},"author":1,"featured_media":2560,"comment_status":"open","ping_status":"closed","sticky":false,"template":"","format":"standard","meta":{"_bbp_topic_count":0,"_bbp_reply_count":0,"_bbp_total_topic_count":0,"_bbp_total_reply_count":0,"_bbp_voice_count":0,"_bbp_anonymous_reply_count":0,"_bbp_topic_count_hidden":0,"_bbp_reply_count_hidden":0,"_bbp_forum_subforum_count":0,"site-sidebar-layout":"default","site-content-layout":"","ast-site-content-layout":"","site-content-style":"default","site-sidebar-style":"default","ast-global-header-display":"","ast-banner-title-visibility":"","ast-main-header-display":"","ast-hfb-above-header-display":"","ast-hfb-below-header-display":"","ast-hfb-mobile-header-display":"","site-post-title":"","ast-breadcrumbs-content":"","ast-featured-img":"","footer-sml-layout":"","theme-transparent-header-meta":"","adv-header-id-meta":"","stick-header-meta":"","header-above-stick-meta":"","header-main-stick-meta":"","header-below-stick-meta":"","astra-migrate-meta-layouts":"default","ast-page-background-enabled":"default","ast-page-background-meta":{"desktop":{"background-color":"var(--ast-global-color-4)","background-image":"","background-repeat":"repeat","background-position":"center center","background-size":"auto","background-attachment":"scroll","background-type":"","background-media":"","overlay-type":"","overlay-color":"","overlay-opacity":"","overlay-gradient":""},"tablet":{"background-color":"","background-image":"","background-repeat":"repeat","background-position":"center center","background-size":"auto","background-attachment":"scroll","background-type":"","background-media":"","overlay-type":"","overlay-color":"","overlay-opacity":"","overlay-gradient":""},"mobile":{"background-color":"","background-image":"","background-repeat":"repeat","background-position":"center center","background-size":"auto","background-attachment":"scroll","background-type":"","background-media":"","overlay-type":"","overlay-color":"","overlay-opacity":"","overlay-gradient":""}},"ast-content-background-meta":{"desktop":{"background-color":"var(--ast-global-color-5)","background-image":"","background-repeat":"repeat","background-position":"center center","background-size":"auto","background-attachment":"scroll","background-type":"","background-media":"","overlay-type":"","overlay-color":"","overlay-opacity":"","overlay-gradient":""},"tablet":{"background-color":"var(--ast-global-color-5)","background-image":"","background-repeat":"repeat","background-position":"center center","background-size":"auto","background-attachment":"scroll","background-type":"","background-media":"","overlay-type":"","overlay-color":"","overlay-opacity":"","overlay-gradient":""},"mobile":{"background-color":"var(--ast-global-color-5)","background-image":"","background-repeat":"repeat","background-position":"center center","background-size":"auto","background-attachment":"scroll","background-type":"","background-media":"","overlay-type":"","overlay-color":"","overlay-opacity":"","overlay-gradient":""}},"footnotes":""},"categories":[1,29],"tags":[128],"class_list":["post-2559","post","type-post","status-publish","format-standard","has-post-thumbnail","hentry","category-general","category-portada","tag-curs-2018-2019"],"post_mailing_queue_ids":[],"_links":{"self":[{"href":"https:\/\/agora.xtec.cat\/iesjoanamigo\/wp-json\/wp\/v2\/posts\/2559","targetHints":{"allow":["GET"]}}],"collection":[{"href":"https:\/\/agora.xtec.cat\/iesjoanamigo\/wp-json\/wp\/v2\/posts"}],"about":[{"href":"https:\/\/agora.xtec.cat\/iesjoanamigo\/wp-json\/wp\/v2\/types\/post"}],"author":[{"embeddable":true,"href":"https:\/\/agora.xtec.cat\/iesjoanamigo\/wp-json\/wp\/v2\/users\/1"}],"replies":[{"embeddable":true,"href":"https:\/\/agora.xtec.cat\/iesjoanamigo\/wp-json\/wp\/v2\/comments?post=2559"}],"version-history":[{"count":1,"href":"https:\/\/agora.xtec.cat\/iesjoanamigo\/wp-json\/wp\/v2\/posts\/2559\/revisions"}],"predecessor-version":[{"id":2562,"href":"https:\/\/agora.xtec.cat\/iesjoanamigo\/wp-json\/wp\/v2\/posts\/2559\/revisions\/2562"}],"wp:featuredmedia":[{"embeddable":true,"href":"https:\/\/agora.xtec.cat\/iesjoanamigo\/wp-json\/wp\/v2\/media\/2560"}],"wp:attachment":[{"href":"https:\/\/agora.xtec.cat\/iesjoanamigo\/wp-json\/wp\/v2\/media?parent=2559"}],"wp:term":[{"taxonomy":"category","embeddable":true,"href":"https:\/\/agora.xtec.cat\/iesjoanamigo\/wp-json\/wp\/v2\/categories?post=2559"},{"taxonomy":"post_tag","embeddable":true,"href":"https:\/\/agora.xtec.cat\/iesjoanamigo\/wp-json\/wp\/v2\/tags?post=2559"}],"curies":[{"name":"wp","href":"https:\/\/api.w.org\/{rel}","templated":true}]}}