{"id":2552,"date":"2019-05-15T13:08:47","date_gmt":"2019-05-15T11:08:47","guid":{"rendered":"http:\/\/agora.xtec.cat\/iesjoanamigo\/?p=2552"},"modified":"2019-06-28T13:21:56","modified_gmt":"2019-06-28T11:21:56","slug":"preinscripcio-smx-curs-2019-20","status":"publish","type":"post","link":"https:\/\/agora.xtec.cat\/iesjoanamigo\/general\/preinscripcio-smx-curs-2019-20\/","title":{"rendered":"Preinscripci\u00f3 SMX curs 2019-20"},"content":{"rendered":"<h5>Calendari de la preinscripci\u00f3<\/h5>\n<table>\n<tbody>\n<tr>\n<td>Oferta inicial de places escolars: 10 de maig de 2019<\/td>\n<\/tr>\n<tr>\n<td>Presentaci\u00f3 de sol\u00b7licituds: del 14 al 21 de maig de 2019<\/td>\n<\/tr>\n<tr>\n<td>Presentaci\u00f3 de documentaci\u00f3: fins al 23 de maig de 2019<\/td>\n<\/tr>\n<tr>\n<td>Llista de sol\u00b7licituds amb la puntuaci\u00f3 provisional: 7 de juny de 2019<\/td>\n<\/tr>\n<tr>\n<td>Presentaci\u00f3 de reclamacions: del 10 al 14 de juny de 2019<\/td>\n<\/tr>\n<tr>\n<td>Llista de sol\u00b7licituds amb la puntuaci\u00f3 un cop resoltes les reclamacions: 19 de juny de 2019<\/td>\n<\/tr>\n<tr>\n<td>Sorteig del n\u00famero de desempat: 20 de juny de 2019, a les 11h, als serveis centrals del Departament d&#8217;Educaci\u00f3 (Via Augusta, 202, Barcelona)<\/td>\n<\/tr>\n<tr>\n<td>Llista ordenada definitiva: 25 de juny de 2019<\/td>\n<\/tr>\n<tr>\n<td>Oferta final de places escolars: 5 de juliol de 2019<\/td>\n<\/tr>\n<tr>\n<td>Llista d&#8217;alumnes admesos i llista d&#8217;espera: 8 de juliol de 2019<\/td>\n<\/tr>\n<\/tbody>\n<\/table>\n<h5>Calendari de la matr\u00edcula<\/h5>\n<table>\n<tbody>\n<tr>\n<td>Alumnes preinscrits amb pla\u00e7a assignada (matr\u00edcula ordin\u00e0ria): del 9 al 15 de juliol de 2019<\/td>\n<\/tr>\n<tr>\n<td>Ampliaci\u00f3 de sol\u00b7licituds (2a fase d&#8217;admissi\u00f3): 3 i 4 de setembre de 2019<\/td>\n<\/tr>\n<tr>\n<td>Llista d&#8217;admesos (2a fase d&#8217;admissi\u00f3): 6 de setembre de 2019<\/td>\n<\/tr>\n<tr>\n<td>Per\u00edode de matr\u00edcula (2a fase d&#8217;admissi\u00f3): 9 i 10 de setembre de 2019<\/td>\n<\/tr>\n<\/tbody>\n<\/table>\n<div class=\"FW_sPregunta FW_sImpacte\">\n<div class=\"FW_sArticleFoto\">\n<div class=\"FW_sEditPro\">\n<p><span style=\"font-size: 1em; font-weight: bold;\">Sol\u00b7licitud de preinscripci\u00f3<\/span><\/p>\n<\/div>\n<\/div>\n<\/div>\n<p>S&#8217;ha de realitzar per Internet a aquest <a href=\"http:\/\/ensenyament.gencat.cat\/ca\/tramits\/tramits-temes\/fp_gm_9420?moda=1\">enlla\u00e7<\/a>.<\/p>\n<p>Si s&#8217;ha emplenat la sol\u00b7licitud electr\u00f2nica (anterior enlla\u00e7), el tr\u00e0mit de presentaci\u00f3 s&#8217;acaba amb l&#8217;enviament del formulari i no s&#8217;ha de presentar cap c\u00f2pia al centre ni tampoc cap documentaci\u00f3 acreditativa que es pugui validar electr\u00f2nicament de la persona sol\u00b7licitant ni de l&#8217;alumne. En tot cas, cal presentar la documentaci\u00f3 acreditativa que no es pugui validar electr\u00f2nicament, al centre educatiu que s&#8217;ha demanat en primera opci\u00f3 i en el termini establert.<\/p>\n<h6>Documentaci\u00f3<\/h6>\n<p>Si l&#8217;alumne \u00e9s major d&#8217;edat o fa els 18 anys durant l&#8217;any 2019, ha de presentar l&#8217;original i una fotoc\u00f2pia del DNI o NIE, nom\u00e9s en el cas que no s&#8217;hagi pogut validar el document electr\u00f2nicament; o b\u00e9 del passaport o del document d&#8217;identitat del pa\u00eds d&#8217;origen, si es tracta d&#8217;estrangers comunitaris.<\/p>\n<p>Si l&#8217;alumne \u00e9s menor d&#8217;edat i no fa els 18 anys durant l&#8217;any 2019, ha de presentar els documents seg\u00fcents:<\/p>\n<ul>\n<li>Original i fotoc\u00f2pia del DNI o NIE de l&#8217;alumne, nom\u00e9s en el cas que no s&#8217;hagi pogut validar el document electr\u00f2nicament; o b\u00e9 del passaport o del document d&#8217;identitat del pa\u00eds d&#8217;origen, si es tracta d&#8217;estrangers comunitaris.<\/li>\n<li>Original i fotoc\u00f2pia del llibre de fam\u00edlia o altres documents relatius a la filiaci\u00f3. Si est\u00e0 en situaci\u00f3 d&#8217;acolliment, la resoluci\u00f3 d&#8217;acolliment del Departament de Treball, Afers Socials i Fam\u00edlies.<\/li>\n<li>Original i fotoc\u00f2pia del DNI o NIE de la persona sol\u00b7licitant (pare, mare, tutor\/a o guardador\/a de fet), nom\u00e9s en el cas que no s&#8217;hagi pogut validar el document electr\u00f2nicament; o b\u00e9 del passaport o del document d&#8217;identitat del pa\u00eds d&#8217;origen, si es tracta d&#8217;estrangers comunitaris.<\/li>\n<\/ul>\n<p>M\u00e9s informaci\u00f3 <a href=\"http:\/\/queestudiar.gencat.cat\/ca\/preinscripcio\/estudis\/fp-gm\/\">Formaci\u00f3 professional de grau mitj\u00e0. Estudiar a Catalunya. Generalitat de Catalunya<\/a>.<\/p>\n","protected":false},"excerpt":{"rendered":"<p>Calendari de la preinscripci\u00f3 Oferta inicial de places escolars: 10 de maig de 2019 Presentaci\u00f3 de sol\u00b7licituds: del 14 al 21 de maig de 2019 Presentaci\u00f3 de documentaci\u00f3: fins al 23 de maig de 2019 Llista de sol\u00b7licituds amb la puntuaci\u00f3 provisional: 7 de juny de 2019 Presentaci\u00f3 de reclamacions: del 10 al 14 de [&hellip;]<\/p>\n","protected":false},"author":1,"featured_media":0,"comment_status":"open","ping_status":"closed","sticky":false,"template":"","format":"standard","meta":{"_bbp_topic_count":0,"_bbp_reply_count":0,"_bbp_total_topic_count":0,"_bbp_total_reply_count":0,"_bbp_voice_count":0,"_bbp_anonymous_reply_count":0,"_bbp_topic_count_hidden":0,"_bbp_reply_count_hidden":0,"_bbp_forum_subforum_count":0,"site-sidebar-layout":"default","site-content-layout":"","ast-site-content-layout":"","site-content-style":"default","site-sidebar-style":"default","ast-global-header-display":"","ast-banner-title-visibility":"","ast-main-header-display":"","ast-hfb-above-header-display":"","ast-hfb-below-header-display":"","ast-hfb-mobile-header-display":"","site-post-title":"","ast-breadcrumbs-content":"","ast-featured-img":"","footer-sml-layout":"","theme-transparent-header-meta":"","adv-header-id-meta":"","stick-header-meta":"","header-above-stick-meta":"","header-main-stick-meta":"","header-below-stick-meta":"","astra-migrate-meta-layouts":"default","ast-page-background-enabled":"default","ast-page-background-meta":{"desktop":{"background-color":"var(--ast-global-color-4)","background-image":"","background-repeat":"repeat","background-position":"center center","background-size":"auto","background-attachment":"scroll","background-type":"","background-media":"","overlay-type":"","overlay-color":"","overlay-opacity":"","overlay-gradient":""},"tablet":{"background-color":"","background-image":"","background-repeat":"repeat","background-position":"center center","background-size":"auto","background-attachment":"scroll","background-type":"","background-media":"","overlay-type":"","overlay-color":"","overlay-opacity":"","overlay-gradient":""},"mobile":{"background-color":"","background-image":"","background-repeat":"repeat","background-position":"center center","background-size":"auto","background-attachment":"scroll","background-type":"","background-media":"","overlay-type":"","overlay-color":"","overlay-opacity":"","overlay-gradient":""}},"ast-content-background-meta":{"desktop":{"background-color":"var(--ast-global-color-5)","background-image":"","background-repeat":"repeat","background-position":"center center","background-size":"auto","background-attachment":"scroll","background-type":"","background-media":"","overlay-type":"","overlay-color":"","overlay-opacity":"","overlay-gradient":""},"tablet":{"background-color":"var(--ast-global-color-5)","background-image":"","background-repeat":"repeat","background-position":"center center","background-size":"auto","background-attachment":"scroll","background-type":"","background-media":"","overlay-type":"","overlay-color":"","overlay-opacity":"","overlay-gradient":""},"mobile":{"background-color":"var(--ast-global-color-5)","background-image":"","background-repeat":"repeat","background-position":"center center","background-size":"auto","background-attachment":"scroll","background-type":"","background-media":"","overlay-type":"","overlay-color":"","overlay-opacity":"","overlay-gradient":""}},"footnotes":""},"categories":[1,29],"tags":[130],"class_list":["post-2552","post","type-post","status-publish","format-standard","hentry","category-general","category-portada","tag-curs-2019-2020"],"post_mailing_queue_ids":[],"_links":{"self":[{"href":"https:\/\/agora.xtec.cat\/iesjoanamigo\/wp-json\/wp\/v2\/posts\/2552","targetHints":{"allow":["GET"]}}],"collection":[{"href":"https:\/\/agora.xtec.cat\/iesjoanamigo\/wp-json\/wp\/v2\/posts"}],"about":[{"href":"https:\/\/agora.xtec.cat\/iesjoanamigo\/wp-json\/wp\/v2\/types\/post"}],"author":[{"embeddable":true,"href":"https:\/\/agora.xtec.cat\/iesjoanamigo\/wp-json\/wp\/v2\/users\/1"}],"replies":[{"embeddable":true,"href":"https:\/\/agora.xtec.cat\/iesjoanamigo\/wp-json\/wp\/v2\/comments?post=2552"}],"version-history":[{"count":1,"href":"https:\/\/agora.xtec.cat\/iesjoanamigo\/wp-json\/wp\/v2\/posts\/2552\/revisions"}],"predecessor-version":[{"id":2553,"href":"https:\/\/agora.xtec.cat\/iesjoanamigo\/wp-json\/wp\/v2\/posts\/2552\/revisions\/2553"}],"wp:attachment":[{"href":"https:\/\/agora.xtec.cat\/iesjoanamigo\/wp-json\/wp\/v2\/media?parent=2552"}],"wp:term":[{"taxonomy":"category","embeddable":true,"href":"https:\/\/agora.xtec.cat\/iesjoanamigo\/wp-json\/wp\/v2\/categories?post=2552"},{"taxonomy":"post_tag","embeddable":true,"href":"https:\/\/agora.xtec.cat\/iesjoanamigo\/wp-json\/wp\/v2\/tags?post=2552"}],"curies":[{"name":"wp","href":"https:\/\/api.w.org\/{rel}","templated":true}]}}