{"id":2504,"date":"2019-03-20T10:03:10","date_gmt":"2019-03-20T09:03:10","guid":{"rendered":"http:\/\/agora.xtec.cat\/iesjoanamigo\/?p=2504"},"modified":"2019-03-21T21:42:18","modified_gmt":"2019-03-21T20:42:18","slug":"orientacio-academica-a-lins-joan-amigo","status":"publish","type":"post","link":"https:\/\/agora.xtec.cat\/iesjoanamigo\/general\/orientacio-academica-a-lins-joan-amigo\/","title":{"rendered":"Orientaci\u00f3 acad\u00e8mica a l\u2019INS Joan Amig\u00f3"},"content":{"rendered":"<p style=\"text-align: justify;\">Una de les coses que m\u00e9s neguiteja als nostres alumnes, especialment a 4t d\u2019ESO, \u00e9s quin cam\u00ed seguir despr\u00e9s de la ESO. Alguns ho tenen clar, i ja saben quin batxillerat faran o quin cicle els agradaria fer. Per\u00f2 la majoria tenen molts dubtes, i no \u00e9s estrany, ja que l\u2019oferta, especialment de cicles, \u00e9s molt \u00e0mplia: actualment s\u2019ofereixen m\u00e9s de 150 cicles diferents!<br \/>\n\u00c9s per aix\u00f2 que des de les hores de tutoria, comen\u00e7ant a 3r d\u2019ESO i refor\u00e7ant-ho a 4t, ens dediquem a fer multitud d\u2019activitats dirigides a reflexionar sobre les actituds i aptituds pr\u00f2pies, de cara a facilitar la millor elecci\u00f3 per part de cada alumne.<br \/>\nEntre les activitats que realitzem, el passat dijous 14 de mar\u00e7 vam fer una visita al Complex Educatiu de Tarragona. All\u00ed vam poder veure el campus, ens van fer una xerrada sobre les possibilitats acad\u00e8miques despr\u00e9s de la ESO i vam poder fer una visita a les instal.lacions de l\u2019institut Pere Martell (on vam veure els cicles de mec\u00e0nica, soldadura i impressi\u00f3 gr\u00e0fica) i de l\u2019institut Cal.l\u00edpolis (on vam veure els cicles de farm\u00e0cia, infermeria, imatge personal, diet\u00e8tica, emerg\u00e8ncies sanit\u00e0ries i activitats esportives).<br \/>\nM\u00e9s tard vam visitar l\u2019Espai de l\u2019Estudiant de Valls, on els alumnes van poder agafar informaci\u00f3 i preguntar dubtes. Hi havia m\u00e9s de 60 expositors, tan d\u2019instituts de tota la prov\u00edncia que ofereixen batxillerats i cicles com de les Universitats de tot Catalunya.<br \/>\nAra, amb tota la informaci\u00f3 recollida, toca replantejar-se qu\u00e8 volen fer, quin cam\u00ed volen agafar, i triar all\u00f2 que creguin que els pot agradar i interessar m\u00e9s. Una elecci\u00f3 sovint no gens f\u00e0cil.<\/p>\n<p style=\"text-align: justify;\">Rosalia Angl\u00e8s i Eug\u00e8nia Vizacarra<br \/>\nTutores de 4t<\/p>\n<figure id=\"attachment_2505\" aria-describedby=\"caption-attachment-2505\" style=\"width: 1024px\" class=\"wp-caption alignnone\"><a href=\"https:\/\/agora.xtec.cat\/iesjoanamigo\/wp-content\/uploads\/usu506\/2019\/03\/IMG_20190314_090145.jpg\"><img loading=\"lazy\" decoding=\"async\" class=\"size-large wp-image-2505\" src=\"https:\/\/agora.xtec.cat\/iesjoanamigo\/wp-content\/uploads\/usu506\/2019\/03\/IMG_20190314_090145-1024x768.jpg\" alt=\"\" width=\"1024\" height=\"768\" srcset=\"https:\/\/agora.xtec.cat\/iesjoanamigo\/wp-content\/uploads\/usu506\/2019\/03\/IMG_20190314_090145-1024x768.jpg 1024w, https:\/\/agora.xtec.cat\/iesjoanamigo\/wp-content\/uploads\/usu506\/2019\/03\/IMG_20190314_090145-300x225.jpg 300w, https:\/\/agora.xtec.cat\/iesjoanamigo\/wp-content\/uploads\/usu506\/2019\/03\/IMG_20190314_090145-768x576.jpg 768w, https:\/\/agora.xtec.cat\/iesjoanamigo\/wp-content\/uploads\/usu506\/2019\/03\/IMG_20190314_090145-200x150.jpg 200w\" sizes=\"auto, (max-width: 1024px) 100vw, 1024px\" \/><\/a><figcaption id=\"caption-attachment-2505\" class=\"wp-caption-text\">All-focus<\/figcaption><\/figure>\n<figure id=\"attachment_2506\" aria-describedby=\"caption-attachment-2506\" style=\"width: 1024px\" class=\"wp-caption alignnone\"><a href=\"https:\/\/agora.xtec.cat\/iesjoanamigo\/wp-content\/uploads\/usu506\/2019\/03\/IMG_20190314_091319.jpg\"><img loading=\"lazy\" decoding=\"async\" class=\"size-large wp-image-2506\" src=\"https:\/\/agora.xtec.cat\/iesjoanamigo\/wp-content\/uploads\/usu506\/2019\/03\/IMG_20190314_091319-1024x768.jpg\" alt=\"\" width=\"1024\" height=\"768\" srcset=\"https:\/\/agora.xtec.cat\/iesjoanamigo\/wp-content\/uploads\/usu506\/2019\/03\/IMG_20190314_091319-1024x768.jpg 1024w, https:\/\/agora.xtec.cat\/iesjoanamigo\/wp-content\/uploads\/usu506\/2019\/03\/IMG_20190314_091319-300x225.jpg 300w, https:\/\/agora.xtec.cat\/iesjoanamigo\/wp-content\/uploads\/usu506\/2019\/03\/IMG_20190314_091319-768x576.jpg 768w, https:\/\/agora.xtec.cat\/iesjoanamigo\/wp-content\/uploads\/usu506\/2019\/03\/IMG_20190314_091319-200x150.jpg 200w\" sizes=\"auto, (max-width: 1024px) 100vw, 1024px\" \/><\/a><figcaption id=\"caption-attachment-2506\" class=\"wp-caption-text\">All-focus<\/figcaption><\/figure>\n<figure id=\"attachment_2507\" aria-describedby=\"caption-attachment-2507\" style=\"width: 1024px\" class=\"wp-caption alignnone\"><a href=\"https:\/\/agora.xtec.cat\/iesjoanamigo\/wp-content\/uploads\/usu506\/2019\/03\/IMG_20190314_091331.jpg\"><img loading=\"lazy\" decoding=\"async\" class=\"size-large wp-image-2507\" src=\"https:\/\/agora.xtec.cat\/iesjoanamigo\/wp-content\/uploads\/usu506\/2019\/03\/IMG_20190314_091331-1024x768.jpg\" alt=\"\" width=\"1024\" height=\"768\" srcset=\"https:\/\/agora.xtec.cat\/iesjoanamigo\/wp-content\/uploads\/usu506\/2019\/03\/IMG_20190314_091331-1024x768.jpg 1024w, https:\/\/agora.xtec.cat\/iesjoanamigo\/wp-content\/uploads\/usu506\/2019\/03\/IMG_20190314_091331-300x225.jpg 300w, https:\/\/agora.xtec.cat\/iesjoanamigo\/wp-content\/uploads\/usu506\/2019\/03\/IMG_20190314_091331-768x576.jpg 768w, https:\/\/agora.xtec.cat\/iesjoanamigo\/wp-content\/uploads\/usu506\/2019\/03\/IMG_20190314_091331-200x150.jpg 200w\" sizes=\"auto, (max-width: 1024px) 100vw, 1024px\" \/><\/a><figcaption id=\"caption-attachment-2507\" class=\"wp-caption-text\">All-focus<\/figcaption><\/figure>\n","protected":false},"excerpt":{"rendered":"<p>Una de les coses que m\u00e9s neguiteja als nostres alumnes, especialment a 4t d\u2019ESO, \u00e9s quin cam\u00ed seguir despr\u00e9s de la ESO. Alguns ho tenen clar, i ja saben quin batxillerat faran o quin cicle els agradaria fer. Per\u00f2 la majoria tenen molts dubtes, i no \u00e9s estrany, ja que l\u2019oferta, especialment de cicles, \u00e9s [&hellip;]<\/p>\n","protected":false},"author":1,"featured_media":2506,"comment_status":"open","ping_status":"closed","sticky":false,"template":"","format":"standard","meta":{"_bbp_topic_count":0,"_bbp_reply_count":0,"_bbp_total_topic_count":0,"_bbp_total_reply_count":0,"_bbp_voice_count":0,"_bbp_anonymous_reply_count":0,"_bbp_topic_count_hidden":0,"_bbp_reply_count_hidden":0,"_bbp_forum_subforum_count":0,"site-sidebar-layout":"default","site-content-layout":"","ast-site-content-layout":"","site-content-style":"default","site-sidebar-style":"default","ast-global-header-display":"","ast-banner-title-visibility":"","ast-main-header-display":"","ast-hfb-above-header-display":"","ast-hfb-below-header-display":"","ast-hfb-mobile-header-display":"","site-post-title":"","ast-breadcrumbs-content":"","ast-featured-img":"","footer-sml-layout":"","theme-transparent-header-meta":"","adv-header-id-meta":"","stick-header-meta":"","header-above-stick-meta":"","header-main-stick-meta":"","header-below-stick-meta":"","astra-migrate-meta-layouts":"default","ast-page-background-enabled":"default","ast-page-background-meta":{"desktop":{"background-color":"var(--ast-global-color-4)","background-image":"","background-repeat":"repeat","background-position":"center center","background-size":"auto","background-attachment":"scroll","background-type":"","background-media":"","overlay-type":"","overlay-color":"","overlay-opacity":"","overlay-gradient":""},"tablet":{"background-color":"","background-image":"","background-repeat":"repeat","background-position":"center center","background-size":"auto","background-attachment":"scroll","background-type":"","background-media":"","overlay-type":"","overlay-color":"","overlay-opacity":"","overlay-gradient":""},"mobile":{"background-color":"","background-image":"","background-repeat":"repeat","background-position":"center center","background-size":"auto","background-attachment":"scroll","background-type":"","background-media":"","overlay-type":"","overlay-color":"","overlay-opacity":"","overlay-gradient":""}},"ast-content-background-meta":{"desktop":{"background-color":"var(--ast-global-color-5)","background-image":"","background-repeat":"repeat","background-position":"center center","background-size":"auto","background-attachment":"scroll","background-type":"","background-media":"","overlay-type":"","overlay-color":"","overlay-opacity":"","overlay-gradient":""},"tablet":{"background-color":"var(--ast-global-color-5)","background-image":"","background-repeat":"repeat","background-position":"center center","background-size":"auto","background-attachment":"scroll","background-type":"","background-media":"","overlay-type":"","overlay-color":"","overlay-opacity":"","overlay-gradient":""},"mobile":{"background-color":"var(--ast-global-color-5)","background-image":"","background-repeat":"repeat","background-position":"center center","background-size":"auto","background-attachment":"scroll","background-type":"","background-media":"","overlay-type":"","overlay-color":"","overlay-opacity":"","overlay-gradient":""}},"footnotes":""},"categories":[1,29],"tags":[128],"class_list":["post-2504","post","type-post","status-publish","format-standard","has-post-thumbnail","hentry","category-general","category-portada","tag-curs-2018-2019"],"post_mailing_queue_ids":[],"_links":{"self":[{"href":"https:\/\/agora.xtec.cat\/iesjoanamigo\/wp-json\/wp\/v2\/posts\/2504","targetHints":{"allow":["GET"]}}],"collection":[{"href":"https:\/\/agora.xtec.cat\/iesjoanamigo\/wp-json\/wp\/v2\/posts"}],"about":[{"href":"https:\/\/agora.xtec.cat\/iesjoanamigo\/wp-json\/wp\/v2\/types\/post"}],"author":[{"embeddable":true,"href":"https:\/\/agora.xtec.cat\/iesjoanamigo\/wp-json\/wp\/v2\/users\/1"}],"replies":[{"embeddable":true,"href":"https:\/\/agora.xtec.cat\/iesjoanamigo\/wp-json\/wp\/v2\/comments?post=2504"}],"version-history":[{"count":1,"href":"https:\/\/agora.xtec.cat\/iesjoanamigo\/wp-json\/wp\/v2\/posts\/2504\/revisions"}],"predecessor-version":[{"id":2508,"href":"https:\/\/agora.xtec.cat\/iesjoanamigo\/wp-json\/wp\/v2\/posts\/2504\/revisions\/2508"}],"wp:featuredmedia":[{"embeddable":true,"href":"https:\/\/agora.xtec.cat\/iesjoanamigo\/wp-json\/wp\/v2\/media\/2506"}],"wp:attachment":[{"href":"https:\/\/agora.xtec.cat\/iesjoanamigo\/wp-json\/wp\/v2\/media?parent=2504"}],"wp:term":[{"taxonomy":"category","embeddable":true,"href":"https:\/\/agora.xtec.cat\/iesjoanamigo\/wp-json\/wp\/v2\/categories?post=2504"},{"taxonomy":"post_tag","embeddable":true,"href":"https:\/\/agora.xtec.cat\/iesjoanamigo\/wp-json\/wp\/v2\/tags?post=2504"}],"curies":[{"name":"wp","href":"https:\/\/api.w.org\/{rel}","templated":true}]}}