{"id":2495,"date":"2019-03-18T11:01:27","date_gmt":"2019-03-18T10:01:27","guid":{"rendered":"http:\/\/agora.xtec.cat\/iesjoanamigo\/?p=2495"},"modified":"2019-03-21T21:43:50","modified_gmt":"2019-03-21T20:43:50","slug":"la-prensa-a-les-aules-de-l-institut-joan-amigo","status":"publish","type":"post","link":"https:\/\/agora.xtec.cat\/iesjoanamigo\/general\/la-prensa-a-les-aules-de-l-institut-joan-amigo\/","title":{"rendered":"La premsa a les aules de l&#8217;Institut Joan Amig\u00f3"},"content":{"rendered":"<p style=\"text-align: justify;\">Rita Prats i N\u00faria Ribes<br \/>\nTutores de 1r d&#8217;ESO<\/p>\n<p style=\"text-align: justify;\">\u00c9s indubtable la influ\u00e8ncia que els mitjans de comunicaci\u00f3 exerceixen sobre la societat actual. Qualsevol fet es propaga en q\u00fcesti\u00f3 de segons per tot el m\u00f3n i la manera com s&#8217;explica t\u00e9 un determinat impacte en aquells que reben la informaci\u00f3. La opini\u00f3 p\u00fablica es modela i es manipula amb relativa facilitat si no som capa\u00e7os de diferenciar entre fets objectius i subjectius. Per aquest motiu, el programa de La premsa a les escoles ens ha semblat interessant per treballar el text narratiu i a m\u00e9s con\u00e8ixer com s&#8217;origina una noticia, l&#8217;estructuraci\u00f3, com s&#8217;escullen, qui ho fa&#8230;<br \/>\nUna vegada posats en contacte amb el Col\u00b7legi de Periodistes de la Demarcaci\u00f3 de Tarragona, la persona encarregada de fer-nos-en cinc c\u00e8ntims ha estat el reconegut periodista Josep M\u00aa Girona que ha estat director de Comunicaci\u00f3 de Prisa Radio i de la Ser a Catalunya. Llicenciat en periodisme per la UAB va iniciar-se a R\u00e0dio Reus on va ser redactor, cap dels serveis Informatius i Director. Amb la seva experi\u00e8ncia, ens va apropar did\u00e0cticament el m\u00f3n del periodisme i les noticies.<br \/>\nLa xerrada s&#8217;emmarca en el programa &#8220;La premsa a les escoles&#8221; amb la col\u00b7laboraci\u00f3 de l&#8217;Obra Social de La Caixa i el Col\u00b7legi de Periodistes &#8220;per donar a con\u00e8ixer la funci\u00f3 social dels mitjans de comunicaci\u00f3 i reflexionar sobre les noves formes de comunicaci\u00f3 i consum informatiu&#8221;. l&#8217;alumnat va mostrar un inter\u00e8s especial per les &#8220;fake news&#8221; i per saber identificar-les.<\/p>\n<figure id=\"attachment_2496\" aria-describedby=\"caption-attachment-2496\" style=\"width: 1015px\" class=\"wp-caption alignnone\"><a href=\"https:\/\/agora.xtec.cat\/iesjoanamigo\/wp-content\/uploads\/usu506\/2019\/03\/jmg.jpg\"><img loading=\"lazy\" decoding=\"async\" class=\"size-large wp-image-2496\" src=\"https:\/\/agora.xtec.cat\/iesjoanamigo\/wp-content\/uploads\/usu506\/2019\/03\/jmg-1015x1024.jpg\" alt=\"\" width=\"1015\" height=\"1024\" srcset=\"https:\/\/agora.xtec.cat\/iesjoanamigo\/wp-content\/uploads\/usu506\/2019\/03\/jmg-1015x1024.jpg 1015w, https:\/\/agora.xtec.cat\/iesjoanamigo\/wp-content\/uploads\/usu506\/2019\/03\/jmg-150x150.jpg 150w, https:\/\/agora.xtec.cat\/iesjoanamigo\/wp-content\/uploads\/usu506\/2019\/03\/jmg-297x300.jpg 297w, https:\/\/agora.xtec.cat\/iesjoanamigo\/wp-content\/uploads\/usu506\/2019\/03\/jmg-768x775.jpg 768w, https:\/\/agora.xtec.cat\/iesjoanamigo\/wp-content\/uploads\/usu506\/2019\/03\/jmg.jpg 1284w\" sizes=\"auto, (max-width: 1015px) 100vw, 1015px\" \/><\/a><figcaption id=\"caption-attachment-2496\" class=\"wp-caption-text\">SONY DSC<\/figcaption><\/figure>\n<figure id=\"attachment_2497\" aria-describedby=\"caption-attachment-2497\" style=\"width: 1024px\" class=\"wp-caption alignnone\"><a href=\"https:\/\/agora.xtec.cat\/iesjoanamigo\/wp-content\/uploads\/usu506\/2019\/03\/jmg2.jpg\"><img loading=\"lazy\" decoding=\"async\" class=\"size-large wp-image-2497\" src=\"https:\/\/agora.xtec.cat\/iesjoanamigo\/wp-content\/uploads\/usu506\/2019\/03\/jmg2-1024x517.jpg\" alt=\"\" width=\"1024\" height=\"517\" srcset=\"https:\/\/agora.xtec.cat\/iesjoanamigo\/wp-content\/uploads\/usu506\/2019\/03\/jmg2-1024x517.jpg 1024w, https:\/\/agora.xtec.cat\/iesjoanamigo\/wp-content\/uploads\/usu506\/2019\/03\/jmg2-300x151.jpg 300w, https:\/\/agora.xtec.cat\/iesjoanamigo\/wp-content\/uploads\/usu506\/2019\/03\/jmg2-768x388.jpg 768w, https:\/\/agora.xtec.cat\/iesjoanamigo\/wp-content\/uploads\/usu506\/2019\/03\/jmg2.jpg 1936w\" sizes=\"auto, (max-width: 1024px) 100vw, 1024px\" \/><\/a><figcaption id=\"caption-attachment-2497\" class=\"wp-caption-text\">SONY DSC<\/figcaption><\/figure>\n<p>&nbsp;<\/p>\n","protected":false},"excerpt":{"rendered":"<p>Rita Prats i N\u00faria Ribes Tutores de 1r d&#8217;ESO \u00c9s indubtable la influ\u00e8ncia que els mitjans de comunicaci\u00f3 exerceixen sobre la societat actual. Qualsevol fet es propaga en q\u00fcesti\u00f3 de segons per tot el m\u00f3n i la manera com s&#8217;explica t\u00e9 un determinat impacte en aquells que reben la informaci\u00f3. La opini\u00f3 p\u00fablica es modela [&hellip;]<\/p>\n","protected":false},"author":1,"featured_media":2497,"comment_status":"open","ping_status":"closed","sticky":false,"template":"","format":"standard","meta":{"_bbp_topic_count":0,"_bbp_reply_count":0,"_bbp_total_topic_count":0,"_bbp_total_reply_count":0,"_bbp_voice_count":0,"_bbp_anonymous_reply_count":0,"_bbp_topic_count_hidden":0,"_bbp_reply_count_hidden":0,"_bbp_forum_subforum_count":0,"site-sidebar-layout":"default","site-content-layout":"","ast-site-content-layout":"","site-content-style":"default","site-sidebar-style":"default","ast-global-header-display":"","ast-banner-title-visibility":"","ast-main-header-display":"","ast-hfb-above-header-display":"","ast-hfb-below-header-display":"","ast-hfb-mobile-header-display":"","site-post-title":"","ast-breadcrumbs-content":"","ast-featured-img":"","footer-sml-layout":"","theme-transparent-header-meta":"","adv-header-id-meta":"","stick-header-meta":"","header-above-stick-meta":"","header-main-stick-meta":"","header-below-stick-meta":"","astra-migrate-meta-layouts":"default","ast-page-background-enabled":"default","ast-page-background-meta":{"desktop":{"background-color":"var(--ast-global-color-4)","background-image":"","background-repeat":"repeat","background-position":"center center","background-size":"auto","background-attachment":"scroll","background-type":"","background-media":"","overlay-type":"","overlay-color":"","overlay-opacity":"","overlay-gradient":""},"tablet":{"background-color":"","background-image":"","background-repeat":"repeat","background-position":"center center","background-size":"auto","background-attachment":"scroll","background-type":"","background-media":"","overlay-type":"","overlay-color":"","overlay-opacity":"","overlay-gradient":""},"mobile":{"background-color":"","background-image":"","background-repeat":"repeat","background-position":"center center","background-size":"auto","background-attachment":"scroll","background-type":"","background-media":"","overlay-type":"","overlay-color":"","overlay-opacity":"","overlay-gradient":""}},"ast-content-background-meta":{"desktop":{"background-color":"var(--ast-global-color-5)","background-image":"","background-repeat":"repeat","background-position":"center center","background-size":"auto","background-attachment":"scroll","background-type":"","background-media":"","overlay-type":"","overlay-color":"","overlay-opacity":"","overlay-gradient":""},"tablet":{"background-color":"var(--ast-global-color-5)","background-image":"","background-repeat":"repeat","background-position":"center center","background-size":"auto","background-attachment":"scroll","background-type":"","background-media":"","overlay-type":"","overlay-color":"","overlay-opacity":"","overlay-gradient":""},"mobile":{"background-color":"var(--ast-global-color-5)","background-image":"","background-repeat":"repeat","background-position":"center center","background-size":"auto","background-attachment":"scroll","background-type":"","background-media":"","overlay-type":"","overlay-color":"","overlay-opacity":"","overlay-gradient":""}},"footnotes":""},"categories":[1,29],"tags":[128],"class_list":["post-2495","post","type-post","status-publish","format-standard","has-post-thumbnail","hentry","category-general","category-portada","tag-curs-2018-2019"],"post_mailing_queue_ids":[],"_links":{"self":[{"href":"https:\/\/agora.xtec.cat\/iesjoanamigo\/wp-json\/wp\/v2\/posts\/2495","targetHints":{"allow":["GET"]}}],"collection":[{"href":"https:\/\/agora.xtec.cat\/iesjoanamigo\/wp-json\/wp\/v2\/posts"}],"about":[{"href":"https:\/\/agora.xtec.cat\/iesjoanamigo\/wp-json\/wp\/v2\/types\/post"}],"author":[{"embeddable":true,"href":"https:\/\/agora.xtec.cat\/iesjoanamigo\/wp-json\/wp\/v2\/users\/1"}],"replies":[{"embeddable":true,"href":"https:\/\/agora.xtec.cat\/iesjoanamigo\/wp-json\/wp\/v2\/comments?post=2495"}],"version-history":[{"count":3,"href":"https:\/\/agora.xtec.cat\/iesjoanamigo\/wp-json\/wp\/v2\/posts\/2495\/revisions"}],"predecessor-version":[{"id":2516,"href":"https:\/\/agora.xtec.cat\/iesjoanamigo\/wp-json\/wp\/v2\/posts\/2495\/revisions\/2516"}],"wp:featuredmedia":[{"embeddable":true,"href":"https:\/\/agora.xtec.cat\/iesjoanamigo\/wp-json\/wp\/v2\/media\/2497"}],"wp:attachment":[{"href":"https:\/\/agora.xtec.cat\/iesjoanamigo\/wp-json\/wp\/v2\/media?parent=2495"}],"wp:term":[{"taxonomy":"category","embeddable":true,"href":"https:\/\/agora.xtec.cat\/iesjoanamigo\/wp-json\/wp\/v2\/categories?post=2495"},{"taxonomy":"post_tag","embeddable":true,"href":"https:\/\/agora.xtec.cat\/iesjoanamigo\/wp-json\/wp\/v2\/tags?post=2495"}],"curies":[{"name":"wp","href":"https:\/\/api.w.org\/{rel}","templated":true}]}}