{"id":2478,"date":"2019-03-11T10:39:15","date_gmt":"2019-03-11T09:39:15","guid":{"rendered":"http:\/\/agora.xtec.cat\/iesjoanamigo\/?p=2478"},"modified":"2019-03-21T21:42:57","modified_gmt":"2019-03-21T20:42:57","slug":"lestudi-de-plom-a-les-mines-de-bellmunt","status":"publish","type":"post","link":"https:\/\/agora.xtec.cat\/iesjoanamigo\/general\/lestudi-de-plom-a-les-mines-de-bellmunt\/","title":{"rendered":"L&#8217;estudi de plom a les mines de Bellmunt"},"content":{"rendered":"<p style=\"text-align: justify;\">Miquel Valls<br \/>\nProfessor de Ci\u00e8ncies<\/p>\n<p style=\"text-align: justify;\">L&#8217;alumnat de 1r d\u2019ESO de l&#8217;Institut Joan Amig\u00f3 de L&#8217;Espluga de Francol\u00ed ha visitat<br \/>\nel patrimoni miner de Bellmunt del Priorat. L&#8217;activitat minera ha impactat en el paisatge que les rodeja i que s&#8217;observa quan et vas apropant als municipis de Falset i el Molar, a la serra de Montsant i totes les terrasses plantades de vinya amb el terra negre de pissarra o de llicorella, com li diuen all\u00e0 a la pissarra.<br \/>\nImpressiona l\u2019espai i les dimensions de la mina, amb unes instal\u00b7lacions noves i un personal molt amable que fa molt amena la visita que comen\u00e7a amb una introducci\u00f3 al metall m\u00e9s tou i m\u00e9s pesat de tots els metalls comuns continuant pels usos del plom en el passat, la seva decaiguda per la substituci\u00f3 del pl\u00e0stic, la hist\u00f2ria de la mina Eug\u00e8nia -la m\u00e9s important de Catalunya pel seu rendiment i qualitat de les extraccions-, com s&#8217;obtenia la Galena -sulfur de plom-, el funcionament de la fundici\u00f3 i la relaci\u00f3 de la gent del terreny amb aquestes instal\u00b7lacions. Abans de baixar a la mina, van explicar els minerals que all\u00ed pod\u00edem trobar, les caracter\u00edstiques principals, els seus usos i vam poder tocar i palpar diferents mostres.<br \/>\nLa mina Eug\u00e8nia, la part que es visita, comen\u00e7a amb una baixada de 35 metres fins arribar a una galeria horitzontal del nivell 1, veient una zona d\u2019extracci\u00f3 de galena amb representacions que ens introdueixen com seria el treball a la mina, el pou principal i la sortida a la zona on es tirava la ganga, on anava tot el destriatge i on els nostre alumnes van intentar buscar petits fragments de galena, molts d\u2019ells amb \u00e8xit. Un mat\u00ed intens i una visita que us aconsellem a tots. Els or\u00edgens de la mina es situen a l&#8217;any 1870 i ha estat funcionant fins el 1972.<br \/>\nA la tarda vam visitar el Celler Cooperatiu de Falset, on un actor, caracteritzat com a becari del Celler, els va tenir tota l\u2019estona desconcertats, atents i entretinguts al fer la visita al celler. Va ser un dia diferent per con\u00e8ixer el territori, aprendre coses fora de l\u2019aula i tenir viv\u00e8ncies amb els companys.<\/p>\n<p><a href=\"https:\/\/agora.xtec.cat\/iesjoanamigo\/wp-content\/uploads\/usu506\/2019\/03\/Sortida-mines-foto-1.jpg\"><img loading=\"lazy\" decoding=\"async\" class=\"alignnone size-full wp-image-2479\" src=\"https:\/\/agora.xtec.cat\/iesjoanamigo\/wp-content\/uploads\/usu506\/2019\/03\/Sortida-mines-foto-1.jpg\" alt=\"\" width=\"968\" height=\"648\" srcset=\"https:\/\/agora.xtec.cat\/iesjoanamigo\/wp-content\/uploads\/usu506\/2019\/03\/Sortida-mines-foto-1.jpg 968w, https:\/\/agora.xtec.cat\/iesjoanamigo\/wp-content\/uploads\/usu506\/2019\/03\/Sortida-mines-foto-1-300x201.jpg 300w, https:\/\/agora.xtec.cat\/iesjoanamigo\/wp-content\/uploads\/usu506\/2019\/03\/Sortida-mines-foto-1-768x514.jpg 768w\" sizes=\"auto, (max-width: 968px) 100vw, 968px\" \/><\/a> <a href=\"https:\/\/agora.xtec.cat\/iesjoanamigo\/wp-content\/uploads\/usu506\/2019\/03\/Visita-a-la-cooperativa.jpg\"><img loading=\"lazy\" decoding=\"async\" class=\"alignnone size-large wp-image-2480\" src=\"https:\/\/agora.xtec.cat\/iesjoanamigo\/wp-content\/uploads\/usu506\/2019\/03\/Visita-a-la-cooperativa.jpg\" alt=\"\" width=\"968\" height=\"648\" srcset=\"https:\/\/agora.xtec.cat\/iesjoanamigo\/wp-content\/uploads\/usu506\/2019\/03\/Visita-a-la-cooperativa.jpg 968w, https:\/\/agora.xtec.cat\/iesjoanamigo\/wp-content\/uploads\/usu506\/2019\/03\/Visita-a-la-cooperativa-300x201.jpg 300w, https:\/\/agora.xtec.cat\/iesjoanamigo\/wp-content\/uploads\/usu506\/2019\/03\/Visita-a-la-cooperativa-768x514.jpg 768w\" sizes=\"auto, (max-width: 968px) 100vw, 968px\" \/><\/a><\/p>\n","protected":false},"excerpt":{"rendered":"<p>Miquel Valls Professor de Ci\u00e8ncies L&#8217;alumnat de 1r d\u2019ESO de l&#8217;Institut Joan Amig\u00f3 de L&#8217;Espluga de Francol\u00ed ha visitat el patrimoni miner de Bellmunt del Priorat. L&#8217;activitat minera ha impactat en el paisatge que les rodeja i que s&#8217;observa quan et vas apropant als municipis de Falset i el Molar, a la serra de Montsant [&hellip;]<\/p>\n","protected":false},"author":1,"featured_media":2479,"comment_status":"open","ping_status":"closed","sticky":false,"template":"","format":"standard","meta":{"_bbp_topic_count":0,"_bbp_reply_count":0,"_bbp_total_topic_count":0,"_bbp_total_reply_count":0,"_bbp_voice_count":0,"_bbp_anonymous_reply_count":0,"_bbp_topic_count_hidden":0,"_bbp_reply_count_hidden":0,"_bbp_forum_subforum_count":0,"site-sidebar-layout":"default","site-content-layout":"","ast-site-content-layout":"","site-content-style":"default","site-sidebar-style":"default","ast-global-header-display":"","ast-banner-title-visibility":"","ast-main-header-display":"","ast-hfb-above-header-display":"","ast-hfb-below-header-display":"","ast-hfb-mobile-header-display":"","site-post-title":"","ast-breadcrumbs-content":"","ast-featured-img":"","footer-sml-layout":"","theme-transparent-header-meta":"","adv-header-id-meta":"","stick-header-meta":"","header-above-stick-meta":"","header-main-stick-meta":"","header-below-stick-meta":"","astra-migrate-meta-layouts":"default","ast-page-background-enabled":"default","ast-page-background-meta":{"desktop":{"background-color":"var(--ast-global-color-4)","background-image":"","background-repeat":"repeat","background-position":"center center","background-size":"auto","background-attachment":"scroll","background-type":"","background-media":"","overlay-type":"","overlay-color":"","overlay-opacity":"","overlay-gradient":""},"tablet":{"background-color":"","background-image":"","background-repeat":"repeat","background-position":"center center","background-size":"auto","background-attachment":"scroll","background-type":"","background-media":"","overlay-type":"","overlay-color":"","overlay-opacity":"","overlay-gradient":""},"mobile":{"background-color":"","background-image":"","background-repeat":"repeat","background-position":"center center","background-size":"auto","background-attachment":"scroll","background-type":"","background-media":"","overlay-type":"","overlay-color":"","overlay-opacity":"","overlay-gradient":""}},"ast-content-background-meta":{"desktop":{"background-color":"var(--ast-global-color-5)","background-image":"","background-repeat":"repeat","background-position":"center center","background-size":"auto","background-attachment":"scroll","background-type":"","background-media":"","overlay-type":"","overlay-color":"","overlay-opacity":"","overlay-gradient":""},"tablet":{"background-color":"var(--ast-global-color-5)","background-image":"","background-repeat":"repeat","background-position":"center center","background-size":"auto","background-attachment":"scroll","background-type":"","background-media":"","overlay-type":"","overlay-color":"","overlay-opacity":"","overlay-gradient":""},"mobile":{"background-color":"var(--ast-global-color-5)","background-image":"","background-repeat":"repeat","background-position":"center center","background-size":"auto","background-attachment":"scroll","background-type":"","background-media":"","overlay-type":"","overlay-color":"","overlay-opacity":"","overlay-gradient":""}},"footnotes":""},"categories":[1,29],"tags":[128],"class_list":["post-2478","post","type-post","status-publish","format-standard","has-post-thumbnail","hentry","category-general","category-portada","tag-curs-2018-2019"],"post_mailing_queue_ids":[],"_links":{"self":[{"href":"https:\/\/agora.xtec.cat\/iesjoanamigo\/wp-json\/wp\/v2\/posts\/2478","targetHints":{"allow":["GET"]}}],"collection":[{"href":"https:\/\/agora.xtec.cat\/iesjoanamigo\/wp-json\/wp\/v2\/posts"}],"about":[{"href":"https:\/\/agora.xtec.cat\/iesjoanamigo\/wp-json\/wp\/v2\/types\/post"}],"author":[{"embeddable":true,"href":"https:\/\/agora.xtec.cat\/iesjoanamigo\/wp-json\/wp\/v2\/users\/1"}],"replies":[{"embeddable":true,"href":"https:\/\/agora.xtec.cat\/iesjoanamigo\/wp-json\/wp\/v2\/comments?post=2478"}],"version-history":[{"count":1,"href":"https:\/\/agora.xtec.cat\/iesjoanamigo\/wp-json\/wp\/v2\/posts\/2478\/revisions"}],"predecessor-version":[{"id":2481,"href":"https:\/\/agora.xtec.cat\/iesjoanamigo\/wp-json\/wp\/v2\/posts\/2478\/revisions\/2481"}],"wp:featuredmedia":[{"embeddable":true,"href":"https:\/\/agora.xtec.cat\/iesjoanamigo\/wp-json\/wp\/v2\/media\/2479"}],"wp:attachment":[{"href":"https:\/\/agora.xtec.cat\/iesjoanamigo\/wp-json\/wp\/v2\/media?parent=2478"}],"wp:term":[{"taxonomy":"category","embeddable":true,"href":"https:\/\/agora.xtec.cat\/iesjoanamigo\/wp-json\/wp\/v2\/categories?post=2478"},{"taxonomy":"post_tag","embeddable":true,"href":"https:\/\/agora.xtec.cat\/iesjoanamigo\/wp-json\/wp\/v2\/tags?post=2478"}],"curies":[{"name":"wp","href":"https:\/\/api.w.org\/{rel}","templated":true}]}}