{"id":2472,"date":"2019-03-11T10:36:25","date_gmt":"2019-03-11T09:36:25","guid":{"rendered":"http:\/\/agora.xtec.cat\/iesjoanamigo\/?p=2472"},"modified":"2019-03-21T21:43:06","modified_gmt":"2019-03-21T20:43:06","slug":"el-carnaval-arriba-a-l-institut-joan-amigo","status":"publish","type":"post","link":"https:\/\/agora.xtec.cat\/iesjoanamigo\/general\/el-carnaval-arriba-a-l-institut-joan-amigo\/","title":{"rendered":"El Carnaval arriba a l&#8217; institut JOAN AMIG\u00d3"},"content":{"rendered":"<p style=\"text-align: justify;\">El passat divendres 1 de mar\u00e7 a l\u2019institut vam celebrar la festa del Carnaval. Els alumnes portaven un parell de setmanes assajant els balls, preparant les m\u00fasiques i les coreografies, coordinant-se i resolent els conflictes que van sorgint.<br \/>\nLa festa va comen\u00e7ar a l\u2019hora d\u2019esbarjo. Els alumnes de 4t ens tenien preparat l\u2019esmorzar: coc amb xocolata i sucs de cara a recaptar fons pel seu viatge de fi de curs. Amb la panxa plena cada classe va anar a la seva aula a disfressar-se. A continuaci\u00f3 vam rebre a Ses Majestats el Rei i la Reina Carnestoltes de L&#8217;Espluga de Francol\u00ed, als quals agra\u00efm la visita, i ens vam dirigir tots i totes cap al gimn\u00e0s per comen\u00e7ar el concurs de balls i disfresses.<br \/>\nEls alumnes de 1rA es van disfressar de superherois i els alumnes de 1rB de la s\u00e8rie d\u2019\u00e8xit \u201cLa casa de papel\u201d. Els alumnes de 2n ens van portar de viatge en avi\u00f3, disfressant-se de passatgers i d\u2019hostesses. Els alumnes de 3r van venir en pijama. I els alumnes de 4t d\u2019ESO van fer d\u2019espies i es van emportar&#8230;..els ex\u00e0mens!!! Tots van guanyar algun premi: a la millor improvisaci\u00f3, al millor show, al millor vestuari, a la millor planificaci\u00f3 &#8230; Per\u00f2 el primer premi se\u2019l va emportar la classe de 4t d\u2019ESO.<br \/>\nTots i totes ens ho vam passar molt b\u00e9. Vam riure, vam ballar i ens vam divertir. Fins i tot els professors i professores vam participar fent el caracter\u00edstic ball de \u201cSaturday Night\u201d amb el qual vam fer moure l\u2019esquelet a tot l\u2019institut sencer!<br \/>\nRosalia Angl\u00e8s<br \/>\nCoordinadora d\u2019activitats<\/p>\n<figure id=\"attachment_2473\" aria-describedby=\"caption-attachment-2473\" style=\"width: 1024px\" class=\"wp-caption alignnone\"><a href=\"https:\/\/agora.xtec.cat\/iesjoanamigo\/wp-content\/uploads\/usu506\/2019\/03\/1-ESO-A.jpg\"><img loading=\"lazy\" decoding=\"async\" class=\"size-large wp-image-2473\" src=\"https:\/\/agora.xtec.cat\/iesjoanamigo\/wp-content\/uploads\/usu506\/2019\/03\/1-ESO-A-1024x626.jpg\" alt=\"\" width=\"1024\" height=\"626\" srcset=\"https:\/\/agora.xtec.cat\/iesjoanamigo\/wp-content\/uploads\/usu506\/2019\/03\/1-ESO-A-1024x626.jpg 1024w, https:\/\/agora.xtec.cat\/iesjoanamigo\/wp-content\/uploads\/usu506\/2019\/03\/1-ESO-A-300x183.jpg 300w, https:\/\/agora.xtec.cat\/iesjoanamigo\/wp-content\/uploads\/usu506\/2019\/03\/1-ESO-A-768x469.jpg 768w, https:\/\/agora.xtec.cat\/iesjoanamigo\/wp-content\/uploads\/usu506\/2019\/03\/1-ESO-A.jpg 1768w\" sizes=\"auto, (max-width: 1024px) 100vw, 1024px\" \/><\/a><figcaption id=\"caption-attachment-2473\" class=\"wp-caption-text\">SONY DSC<\/figcaption><\/figure>\n<figure id=\"attachment_2474\" aria-describedby=\"caption-attachment-2474\" style=\"width: 1024px\" class=\"wp-caption alignnone\"><a href=\"https:\/\/agora.xtec.cat\/iesjoanamigo\/wp-content\/uploads\/usu506\/2019\/03\/1-ESO-B.jpg\"><img loading=\"lazy\" decoding=\"async\" class=\"size-large wp-image-2474\" src=\"https:\/\/agora.xtec.cat\/iesjoanamigo\/wp-content\/uploads\/usu506\/2019\/03\/1-ESO-B-1024x568.jpg\" alt=\"\" width=\"1024\" height=\"568\" srcset=\"https:\/\/agora.xtec.cat\/iesjoanamigo\/wp-content\/uploads\/usu506\/2019\/03\/1-ESO-B-1024x568.jpg 1024w, https:\/\/agora.xtec.cat\/iesjoanamigo\/wp-content\/uploads\/usu506\/2019\/03\/1-ESO-B-300x166.jpg 300w, https:\/\/agora.xtec.cat\/iesjoanamigo\/wp-content\/uploads\/usu506\/2019\/03\/1-ESO-B-768x426.jpg 768w, https:\/\/agora.xtec.cat\/iesjoanamigo\/wp-content\/uploads\/usu506\/2019\/03\/1-ESO-B.jpg 1841w\" sizes=\"auto, (max-width: 1024px) 100vw, 1024px\" \/><\/a><figcaption id=\"caption-attachment-2474\" class=\"wp-caption-text\">SONY DSC<\/figcaption><\/figure>\n<figure id=\"attachment_2475\" aria-describedby=\"caption-attachment-2475\" style=\"width: 1024px\" class=\"wp-caption alignnone\"><a href=\"https:\/\/agora.xtec.cat\/iesjoanamigo\/wp-content\/uploads\/usu506\/2019\/03\/3-ESO.jpg\"><img loading=\"lazy\" decoding=\"async\" class=\"size-large wp-image-2475\" src=\"https:\/\/agora.xtec.cat\/iesjoanamigo\/wp-content\/uploads\/usu506\/2019\/03\/3-ESO-1024x403.jpg\" alt=\"\" width=\"1024\" height=\"403\" srcset=\"https:\/\/agora.xtec.cat\/iesjoanamigo\/wp-content\/uploads\/usu506\/2019\/03\/3-ESO-1024x403.jpg 1024w, https:\/\/agora.xtec.cat\/iesjoanamigo\/wp-content\/uploads\/usu506\/2019\/03\/3-ESO-300x118.jpg 300w, https:\/\/agora.xtec.cat\/iesjoanamigo\/wp-content\/uploads\/usu506\/2019\/03\/3-ESO-768x302.jpg 768w, https:\/\/agora.xtec.cat\/iesjoanamigo\/wp-content\/uploads\/usu506\/2019\/03\/3-ESO.jpg 1788w\" sizes=\"auto, (max-width: 1024px) 100vw, 1024px\" \/><\/a><figcaption id=\"caption-attachment-2475\" class=\"wp-caption-text\">SONY DSC<\/figcaption><\/figure>\n<figure id=\"attachment_2476\" aria-describedby=\"caption-attachment-2476\" style=\"width: 1024px\" class=\"wp-caption alignnone\"><a href=\"https:\/\/agora.xtec.cat\/iesjoanamigo\/wp-content\/uploads\/usu506\/2019\/03\/4-ESO.jpg\"><img loading=\"lazy\" decoding=\"async\" class=\"size-large wp-image-2476\" src=\"https:\/\/agora.xtec.cat\/iesjoanamigo\/wp-content\/uploads\/usu506\/2019\/03\/4-ESO-1024x647.jpg\" alt=\"\" width=\"1024\" height=\"647\" srcset=\"https:\/\/agora.xtec.cat\/iesjoanamigo\/wp-content\/uploads\/usu506\/2019\/03\/4-ESO-1024x647.jpg 1024w, https:\/\/agora.xtec.cat\/iesjoanamigo\/wp-content\/uploads\/usu506\/2019\/03\/4-ESO-300x190.jpg 300w, https:\/\/agora.xtec.cat\/iesjoanamigo\/wp-content\/uploads\/usu506\/2019\/03\/4-ESO-768x485.jpg 768w, https:\/\/agora.xtec.cat\/iesjoanamigo\/wp-content\/uploads\/usu506\/2019\/03\/4-ESO.jpg 1768w\" sizes=\"auto, (max-width: 1024px) 100vw, 1024px\" \/><\/a><figcaption id=\"caption-attachment-2476\" class=\"wp-caption-text\">SONY DSC<\/figcaption><\/figure>\n","protected":false},"excerpt":{"rendered":"<p>El passat divendres 1 de mar\u00e7 a l\u2019institut vam celebrar la festa del Carnaval. Els alumnes portaven un parell de setmanes assajant els balls, preparant les m\u00fasiques i les coreografies, coordinant-se i resolent els conflictes que van sorgint. La festa va comen\u00e7ar a l\u2019hora d\u2019esbarjo. Els alumnes de 4t ens tenien preparat l\u2019esmorzar: coc amb [&hellip;]<\/p>\n","protected":false},"author":1,"featured_media":2473,"comment_status":"open","ping_status":"closed","sticky":false,"template":"","format":"standard","meta":{"_bbp_topic_count":0,"_bbp_reply_count":0,"_bbp_total_topic_count":0,"_bbp_total_reply_count":0,"_bbp_voice_count":0,"_bbp_anonymous_reply_count":0,"_bbp_topic_count_hidden":0,"_bbp_reply_count_hidden":0,"_bbp_forum_subforum_count":0,"site-sidebar-layout":"default","site-content-layout":"","ast-site-content-layout":"","site-content-style":"default","site-sidebar-style":"default","ast-global-header-display":"","ast-banner-title-visibility":"","ast-main-header-display":"","ast-hfb-above-header-display":"","ast-hfb-below-header-display":"","ast-hfb-mobile-header-display":"","site-post-title":"","ast-breadcrumbs-content":"","ast-featured-img":"","footer-sml-layout":"","theme-transparent-header-meta":"","adv-header-id-meta":"","stick-header-meta":"","header-above-stick-meta":"","header-main-stick-meta":"","header-below-stick-meta":"","astra-migrate-meta-layouts":"default","ast-page-background-enabled":"default","ast-page-background-meta":{"desktop":{"background-color":"var(--ast-global-color-4)","background-image":"","background-repeat":"repeat","background-position":"center center","background-size":"auto","background-attachment":"scroll","background-type":"","background-media":"","overlay-type":"","overlay-color":"","overlay-opacity":"","overlay-gradient":""},"tablet":{"background-color":"","background-image":"","background-repeat":"repeat","background-position":"center center","background-size":"auto","background-attachment":"scroll","background-type":"","background-media":"","overlay-type":"","overlay-color":"","overlay-opacity":"","overlay-gradient":""},"mobile":{"background-color":"","background-image":"","background-repeat":"repeat","background-position":"center center","background-size":"auto","background-attachment":"scroll","background-type":"","background-media":"","overlay-type":"","overlay-color":"","overlay-opacity":"","overlay-gradient":""}},"ast-content-background-meta":{"desktop":{"background-color":"var(--ast-global-color-5)","background-image":"","background-repeat":"repeat","background-position":"center center","background-size":"auto","background-attachment":"scroll","background-type":"","background-media":"","overlay-type":"","overlay-color":"","overlay-opacity":"","overlay-gradient":""},"tablet":{"background-color":"var(--ast-global-color-5)","background-image":"","background-repeat":"repeat","background-position":"center center","background-size":"auto","background-attachment":"scroll","background-type":"","background-media":"","overlay-type":"","overlay-color":"","overlay-opacity":"","overlay-gradient":""},"mobile":{"background-color":"var(--ast-global-color-5)","background-image":"","background-repeat":"repeat","background-position":"center center","background-size":"auto","background-attachment":"scroll","background-type":"","background-media":"","overlay-type":"","overlay-color":"","overlay-opacity":"","overlay-gradient":""}},"footnotes":""},"categories":[1,29],"tags":[128],"class_list":["post-2472","post","type-post","status-publish","format-standard","has-post-thumbnail","hentry","category-general","category-portada","tag-curs-2018-2019"],"post_mailing_queue_ids":[],"_links":{"self":[{"href":"https:\/\/agora.xtec.cat\/iesjoanamigo\/wp-json\/wp\/v2\/posts\/2472","targetHints":{"allow":["GET"]}}],"collection":[{"href":"https:\/\/agora.xtec.cat\/iesjoanamigo\/wp-json\/wp\/v2\/posts"}],"about":[{"href":"https:\/\/agora.xtec.cat\/iesjoanamigo\/wp-json\/wp\/v2\/types\/post"}],"author":[{"embeddable":true,"href":"https:\/\/agora.xtec.cat\/iesjoanamigo\/wp-json\/wp\/v2\/users\/1"}],"replies":[{"embeddable":true,"href":"https:\/\/agora.xtec.cat\/iesjoanamigo\/wp-json\/wp\/v2\/comments?post=2472"}],"version-history":[{"count":1,"href":"https:\/\/agora.xtec.cat\/iesjoanamigo\/wp-json\/wp\/v2\/posts\/2472\/revisions"}],"predecessor-version":[{"id":2477,"href":"https:\/\/agora.xtec.cat\/iesjoanamigo\/wp-json\/wp\/v2\/posts\/2472\/revisions\/2477"}],"wp:featuredmedia":[{"embeddable":true,"href":"https:\/\/agora.xtec.cat\/iesjoanamigo\/wp-json\/wp\/v2\/media\/2473"}],"wp:attachment":[{"href":"https:\/\/agora.xtec.cat\/iesjoanamigo\/wp-json\/wp\/v2\/media?parent=2472"}],"wp:term":[{"taxonomy":"category","embeddable":true,"href":"https:\/\/agora.xtec.cat\/iesjoanamigo\/wp-json\/wp\/v2\/categories?post=2472"},{"taxonomy":"post_tag","embeddable":true,"href":"https:\/\/agora.xtec.cat\/iesjoanamigo\/wp-json\/wp\/v2\/tags?post=2472"}],"curies":[{"name":"wp","href":"https:\/\/api.w.org\/{rel}","templated":true}]}}