{"id":2421,"date":"2019-01-28T11:05:54","date_gmt":"2019-01-28T10:05:54","guid":{"rendered":"http:\/\/agora.xtec.cat\/iesjoanamigo\/?p=2421"},"modified":"2019-03-21T21:44:51","modified_gmt":"2019-03-21T20:44:51","slug":"programa-dinternet-segura-de-tu-a-tu","status":"publish","type":"post","link":"https:\/\/agora.xtec.cat\/iesjoanamigo\/general\/programa-dinternet-segura-de-tu-a-tu\/","title":{"rendered":"Programa d\u2019internet segura de tu a tu"},"content":{"rendered":"<p style=\"text-align: center;\">ALUMNAT MEDIADOR DE L\u2019INS JOAN AMIG\u00d3 INTERACTUEN AMB ALUMNAT DE 1rESO A FAVOR D\u2019UNA INTERNET SEGURA<\/p>\n<p style=\"text-align: justify;\">El Pla d\u2019Acci\u00f3 Internet Segura adre\u00e7at als Centres Educatius i a les fam\u00edlies promou i col\u00b7labora en la seguretat en l\u2019\u00fas d\u2019Internet, en especial per part dels menors i adolescents<br \/>\nDins d\u2019aquest Pla el projecte Internet Segura de tu a tu implica de forma directa els joves: els estudiants de 3r d\u2019ESO -pr\u00e8viament formats per part de la PG-ME sobre l\u2019\u00fas d\u2019Internet i les Xarxes Socials- es converteixen en formadors dels seus companys de 1r d\u2019ESO, i de referents\u00a0per a tots els alumnes del centre durant el curs escolar.<br \/>\nA trav\u00e9s del Programa \u201cInternet segura de tu a tu\u201d que ha impartit el mosso aquests curs a alumnat mediador del centre, s\u2019intenta que les emocions siguin un perm\u00eds i no una prohibici\u00f3.\u00a0\u00c9s a dir, l\u2019esmentat programa forma a un grup d\u2019alumnes mediadors per a qu\u00e8 posteriorment, aquests mateixos, imparteixin xerrades a les tutories de 1r i s\u2019obrin temes de debat referent a: el bullying, el sexting, el ciberassetjament, entabanament \u201cgrooming\u201d, la privacitat, la c\u00e0mera web i les imatges a la web.<\/p>\n<p style=\"text-align: justify;\">El que pretenem amb el nostre alumnat de 3r format com a mediador junior \u00e9s despertar habilitats personals i socials per tal de desenvolupar positivament la seva intel\u00b7lig\u00e8ncia emocional, doncs l\u2019objectiu d\u2019aquesta formaci\u00f3 \u00e9s la prevenci\u00f3 i detecci\u00f3 dels problemes descrits, tant comuns entre els adolescents, ajudant-los a trobar la millor manera d\u2019afrontar i resoldre diferents situacions i sempre amb el recolzament del mosso formador.<\/p>\n<p style=\"text-align: justify;\">Aquest curs 2018-19, s\u2019han format com a mediadors juniors, un total de 25 alumnes i aquests han comen\u00e7at les xerrades formatives a 1r ESO durant el mes de gener, acompanyats pel mosso, encarregat de la formaci\u00f3 en Ra\u00fcl Mart\u00ednez i dos mediadors adults.<\/p>\n<p style=\"text-align: justify;\">Servei de Mediaci\u00f3 escolar<br \/>\nGemma Palau i Eul\u00e0lia Amig\u00f3<\/p>\n<p><a href=\"https:\/\/agora.xtec.cat\/iesjoanamigo\/wp-content\/uploads\/usu506\/2019\/01\/mosso-amb-alumnaat-de-1rAESO.jpg\"><img loading=\"lazy\" decoding=\"async\" class=\"alignnone size-large wp-image-2425\" src=\"https:\/\/agora.xtec.cat\/iesjoanamigo\/wp-content\/uploads\/usu506\/2019\/01\/mosso-amb-alumnaat-de-1rAESO-1024x576.jpg\" alt=\"\" width=\"1024\" height=\"576\" srcset=\"https:\/\/agora.xtec.cat\/iesjoanamigo\/wp-content\/uploads\/usu506\/2019\/01\/mosso-amb-alumnaat-de-1rAESO-1024x576.jpg 1024w, https:\/\/agora.xtec.cat\/iesjoanamigo\/wp-content\/uploads\/usu506\/2019\/01\/mosso-amb-alumnaat-de-1rAESO-300x169.jpg 300w, https:\/\/agora.xtec.cat\/iesjoanamigo\/wp-content\/uploads\/usu506\/2019\/01\/mosso-amb-alumnaat-de-1rAESO-768x432.jpg 768w, https:\/\/agora.xtec.cat\/iesjoanamigo\/wp-content\/uploads\/usu506\/2019\/01\/mosso-amb-alumnaat-de-1rAESO.jpg 1920w\" sizes=\"auto, (max-width: 1024px) 100vw, 1024px\" \/><\/a> <a href=\"https:\/\/agora.xtec.cat\/iesjoanamigo\/wp-content\/uploads\/usu506\/2019\/01\/foto-mediadorsde-3r-fent-la-xerrada.jpg\"><img loading=\"lazy\" decoding=\"async\" class=\"alignnone size-large wp-image-2423\" src=\"https:\/\/agora.xtec.cat\/iesjoanamigo\/wp-content\/uploads\/usu506\/2019\/01\/foto-mediadorsde-3r-fent-la-xerrada-1024x768.jpg\" alt=\"\" width=\"1024\" height=\"768\" srcset=\"https:\/\/agora.xtec.cat\/iesjoanamigo\/wp-content\/uploads\/usu506\/2019\/01\/foto-mediadorsde-3r-fent-la-xerrada-1024x768.jpg 1024w, https:\/\/agora.xtec.cat\/iesjoanamigo\/wp-content\/uploads\/usu506\/2019\/01\/foto-mediadorsde-3r-fent-la-xerrada-300x225.jpg 300w, https:\/\/agora.xtec.cat\/iesjoanamigo\/wp-content\/uploads\/usu506\/2019\/01\/foto-mediadorsde-3r-fent-la-xerrada-768x576.jpg 768w, https:\/\/agora.xtec.cat\/iesjoanamigo\/wp-content\/uploads\/usu506\/2019\/01\/foto-mediadorsde-3r-fent-la-xerrada-200x150.jpg 200w, https:\/\/agora.xtec.cat\/iesjoanamigo\/wp-content\/uploads\/usu506\/2019\/01\/foto-mediadorsde-3r-fent-la-xerrada.jpg 2016w\" sizes=\"auto, (max-width: 1024px) 100vw, 1024px\" \/><\/a> <a href=\"https:\/\/agora.xtec.cat\/iesjoanamigo\/wp-content\/uploads\/usu506\/2019\/01\/foto-alumnat-1rB-ESO.jpg\"><img loading=\"lazy\" decoding=\"async\" class=\"alignnone size-large wp-image-2422\" src=\"https:\/\/agora.xtec.cat\/iesjoanamigo\/wp-content\/uploads\/usu506\/2019\/01\/foto-alumnat-1rB-ESO-1024x576.jpg\" alt=\"\" width=\"1024\" height=\"576\" srcset=\"https:\/\/agora.xtec.cat\/iesjoanamigo\/wp-content\/uploads\/usu506\/2019\/01\/foto-alumnat-1rB-ESO-1024x576.jpg 1024w, https:\/\/agora.xtec.cat\/iesjoanamigo\/wp-content\/uploads\/usu506\/2019\/01\/foto-alumnat-1rB-ESO-300x169.jpg 300w, https:\/\/agora.xtec.cat\/iesjoanamigo\/wp-content\/uploads\/usu506\/2019\/01\/foto-alumnat-1rB-ESO-768x432.jpg 768w\" sizes=\"auto, (max-width: 1024px) 100vw, 1024px\" \/><\/a><\/p>\n<p>&nbsp;<\/p>\n<p>&nbsp;<\/p>\n","protected":false},"excerpt":{"rendered":"<p>ALUMNAT MEDIADOR DE L\u2019INS JOAN AMIG\u00d3 INTERACTUEN AMB ALUMNAT DE 1rESO A FAVOR D\u2019UNA INTERNET SEGURA El Pla d\u2019Acci\u00f3 Internet Segura adre\u00e7at als Centres Educatius i a les fam\u00edlies promou i col\u00b7labora en la seguretat en l\u2019\u00fas d\u2019Internet, en especial per part dels menors i adolescents Dins d\u2019aquest Pla el projecte Internet Segura de tu [&hellip;]<\/p>\n","protected":false},"author":1,"featured_media":2425,"comment_status":"open","ping_status":"closed","sticky":false,"template":"","format":"standard","meta":{"_bbp_topic_count":0,"_bbp_reply_count":0,"_bbp_total_topic_count":0,"_bbp_total_reply_count":0,"_bbp_voice_count":0,"_bbp_anonymous_reply_count":0,"_bbp_topic_count_hidden":0,"_bbp_reply_count_hidden":0,"_bbp_forum_subforum_count":0,"site-sidebar-layout":"default","site-content-layout":"","ast-site-content-layout":"","site-content-style":"default","site-sidebar-style":"default","ast-global-header-display":"","ast-banner-title-visibility":"","ast-main-header-display":"","ast-hfb-above-header-display":"","ast-hfb-below-header-display":"","ast-hfb-mobile-header-display":"","site-post-title":"","ast-breadcrumbs-content":"","ast-featured-img":"","footer-sml-layout":"","theme-transparent-header-meta":"","adv-header-id-meta":"","stick-header-meta":"","header-above-stick-meta":"","header-main-stick-meta":"","header-below-stick-meta":"","astra-migrate-meta-layouts":"default","ast-page-background-enabled":"default","ast-page-background-meta":{"desktop":{"background-color":"var(--ast-global-color-4)","background-image":"","background-repeat":"repeat","background-position":"center center","background-size":"auto","background-attachment":"scroll","background-type":"","background-media":"","overlay-type":"","overlay-color":"","overlay-opacity":"","overlay-gradient":""},"tablet":{"background-color":"","background-image":"","background-repeat":"repeat","background-position":"center center","background-size":"auto","background-attachment":"scroll","background-type":"","background-media":"","overlay-type":"","overlay-color":"","overlay-opacity":"","overlay-gradient":""},"mobile":{"background-color":"","background-image":"","background-repeat":"repeat","background-position":"center center","background-size":"auto","background-attachment":"scroll","background-type":"","background-media":"","overlay-type":"","overlay-color":"","overlay-opacity":"","overlay-gradient":""}},"ast-content-background-meta":{"desktop":{"background-color":"var(--ast-global-color-5)","background-image":"","background-repeat":"repeat","background-position":"center center","background-size":"auto","background-attachment":"scroll","background-type":"","background-media":"","overlay-type":"","overlay-color":"","overlay-opacity":"","overlay-gradient":""},"tablet":{"background-color":"var(--ast-global-color-5)","background-image":"","background-repeat":"repeat","background-position":"center center","background-size":"auto","background-attachment":"scroll","background-type":"","background-media":"","overlay-type":"","overlay-color":"","overlay-opacity":"","overlay-gradient":""},"mobile":{"background-color":"var(--ast-global-color-5)","background-image":"","background-repeat":"repeat","background-position":"center center","background-size":"auto","background-attachment":"scroll","background-type":"","background-media":"","overlay-type":"","overlay-color":"","overlay-opacity":"","overlay-gradient":""}},"footnotes":""},"categories":[1,29],"tags":[128],"class_list":["post-2421","post","type-post","status-publish","format-standard","has-post-thumbnail","hentry","category-general","category-portada","tag-curs-2018-2019"],"post_mailing_queue_ids":[],"_links":{"self":[{"href":"https:\/\/agora.xtec.cat\/iesjoanamigo\/wp-json\/wp\/v2\/posts\/2421","targetHints":{"allow":["GET"]}}],"collection":[{"href":"https:\/\/agora.xtec.cat\/iesjoanamigo\/wp-json\/wp\/v2\/posts"}],"about":[{"href":"https:\/\/agora.xtec.cat\/iesjoanamigo\/wp-json\/wp\/v2\/types\/post"}],"author":[{"embeddable":true,"href":"https:\/\/agora.xtec.cat\/iesjoanamigo\/wp-json\/wp\/v2\/users\/1"}],"replies":[{"embeddable":true,"href":"https:\/\/agora.xtec.cat\/iesjoanamigo\/wp-json\/wp\/v2\/comments?post=2421"}],"version-history":[{"count":1,"href":"https:\/\/agora.xtec.cat\/iesjoanamigo\/wp-json\/wp\/v2\/posts\/2421\/revisions"}],"predecessor-version":[{"id":2426,"href":"https:\/\/agora.xtec.cat\/iesjoanamigo\/wp-json\/wp\/v2\/posts\/2421\/revisions\/2426"}],"wp:featuredmedia":[{"embeddable":true,"href":"https:\/\/agora.xtec.cat\/iesjoanamigo\/wp-json\/wp\/v2\/media\/2425"}],"wp:attachment":[{"href":"https:\/\/agora.xtec.cat\/iesjoanamigo\/wp-json\/wp\/v2\/media?parent=2421"}],"wp:term":[{"taxonomy":"category","embeddable":true,"href":"https:\/\/agora.xtec.cat\/iesjoanamigo\/wp-json\/wp\/v2\/categories?post=2421"},{"taxonomy":"post_tag","embeddable":true,"href":"https:\/\/agora.xtec.cat\/iesjoanamigo\/wp-json\/wp\/v2\/tags?post=2421"}],"curies":[{"name":"wp","href":"https:\/\/api.w.org\/{rel}","templated":true}]}}