{"id":2390,"date":"2018-12-05T12:05:21","date_gmt":"2018-12-05T11:05:21","guid":{"rendered":"http:\/\/agora.xtec.cat\/iesjoanamigo\/?p=2390"},"modified":"2018-12-05T12:05:50","modified_gmt":"2018-12-05T11:05:50","slug":"xerrada-sobreviure-a-un-adolescent","status":"publish","type":"post","link":"https:\/\/agora.xtec.cat\/iesjoanamigo\/portada\/xerrada-sobreviure-a-un-adolescent\/","title":{"rendered":"XERRADA SOBREVIURE A UN ADOLESCENT"},"content":{"rendered":"<p>L&#8217;AMPA IES Joan Amig\u00f3 i Callau, us convida a la xerrada que es realitzar\u00e0 conjuntament amb els centres educatius de l&#8217;Espluga de Francol\u00ed, amb el tema:<\/p>\n<p><strong>SOBREVIURE A UN ADOLESCENT<\/strong><\/p>\n<p>Dia: Dimecres, 12 de desembre de 2018<\/p>\n<p>Hora: 18:30<\/p>\n<p>Lloc: Institut Joan Amig\u00f3 i Callau<\/p>\n<p>Ponent: In\u00e9s Ricote (Fundaci\u00f3 Gentis)<\/p>\n<p>Durada: Unes 2 hores (aprox.)<\/p>\n<p>L&#8217;objectiu de la xerrada \u00e9s:<\/p>\n<ul>\n<li>Q\u00fcestionar la mirada dels adults cap als i les adolescents.<\/li>\n<li>Viure en positiu l&#8217;adolesc\u00e8ncia dels nostres fills i filles.<\/li>\n<li>Oferir recursos per una millor comunicaci\u00f3 familiar.<\/li>\n<\/ul>\n<p>El contingut de la xerrada anir\u00e0 sobre el concepte de l&#8217;adolesc\u00e8ncia, qu\u00e8 ens preocupa com a pares i mares, com actuar si el conflicte amb el fill o filla \u00e9s el consum de drogues, &#8230;<\/p>\n<p>I la metodologia de la xerra es basa en din\u00e0miques de grup, propiciant compartir experi\u00e8ncies i dubtes entre totes les persones assistents, compartint coneixements i buscant conjuntament possibles respostes.<\/p>\n<p>El proper 12 de desembre, us hi esperem a totes\/tots&#8230;<\/p>\n","protected":false},"excerpt":{"rendered":"<p>L&#8217;AMPA IES Joan Amig\u00f3 i Callau, us convida a la xerrada que es realitzar\u00e0 conjuntament amb els centres educatius de l&#8217;Espluga de Francol\u00ed, amb el tema: SOBREVIURE A UN ADOLESCENT Dia: Dimecres, 12 de desembre de 2018 Hora: 18:30 Lloc: Institut Joan Amig\u00f3 i Callau Ponent: In\u00e9s Ricote (Fundaci\u00f3 Gentis) Durada: Unes 2 hores (aprox.) [&hellip;]<\/p>\n","protected":false},"author":20,"featured_media":0,"comment_status":"open","ping_status":"closed","sticky":false,"template":"","format":"standard","meta":{"_bbp_topic_count":0,"_bbp_reply_count":0,"_bbp_total_topic_count":0,"_bbp_total_reply_count":0,"_bbp_voice_count":0,"_bbp_anonymous_reply_count":0,"_bbp_topic_count_hidden":0,"_bbp_reply_count_hidden":0,"_bbp_forum_subforum_count":0,"site-sidebar-layout":"default","site-content-layout":"","ast-site-content-layout":"","site-content-style":"default","site-sidebar-style":"default","ast-global-header-display":"","ast-banner-title-visibility":"","ast-main-header-display":"","ast-hfb-above-header-display":"","ast-hfb-below-header-display":"","ast-hfb-mobile-header-display":"","site-post-title":"","ast-breadcrumbs-content":"","ast-featured-img":"","footer-sml-layout":"","theme-transparent-header-meta":"","adv-header-id-meta":"","stick-header-meta":"","header-above-stick-meta":"","header-main-stick-meta":"","header-below-stick-meta":"","astra-migrate-meta-layouts":"default","ast-page-background-enabled":"default","ast-page-background-meta":{"desktop":{"background-color":"var(--ast-global-color-4)","background-image":"","background-repeat":"repeat","background-position":"center center","background-size":"auto","background-attachment":"scroll","background-type":"","background-media":"","overlay-type":"","overlay-color":"","overlay-opacity":"","overlay-gradient":""},"tablet":{"background-color":"","background-image":"","background-repeat":"repeat","background-position":"center center","background-size":"auto","background-attachment":"scroll","background-type":"","background-media":"","overlay-type":"","overlay-color":"","overlay-opacity":"","overlay-gradient":""},"mobile":{"background-color":"","background-image":"","background-repeat":"repeat","background-position":"center center","background-size":"auto","background-attachment":"scroll","background-type":"","background-media":"","overlay-type":"","overlay-color":"","overlay-opacity":"","overlay-gradient":""}},"ast-content-background-meta":{"desktop":{"background-color":"var(--ast-global-color-5)","background-image":"","background-repeat":"repeat","background-position":"center center","background-size":"auto","background-attachment":"scroll","background-type":"","background-media":"","overlay-type":"","overlay-color":"","overlay-opacity":"","overlay-gradient":""},"tablet":{"background-color":"var(--ast-global-color-5)","background-image":"","background-repeat":"repeat","background-position":"center center","background-size":"auto","background-attachment":"scroll","background-type":"","background-media":"","overlay-type":"","overlay-color":"","overlay-opacity":"","overlay-gradient":""},"mobile":{"background-color":"var(--ast-global-color-5)","background-image":"","background-repeat":"repeat","background-position":"center center","background-size":"auto","background-attachment":"scroll","background-type":"","background-media":"","overlay-type":"","overlay-color":"","overlay-opacity":"","overlay-gradient":""}},"footnotes":""},"categories":[31,29],"tags":[128,44],"class_list":["post-2390","post","type-post","status-publish","format-standard","hentry","category-ampa","category-portada","tag-curs-2018-2019","tag-xerrades"],"post_mailing_queue_ids":[],"_links":{"self":[{"href":"https:\/\/agora.xtec.cat\/iesjoanamigo\/wp-json\/wp\/v2\/posts\/2390","targetHints":{"allow":["GET"]}}],"collection":[{"href":"https:\/\/agora.xtec.cat\/iesjoanamigo\/wp-json\/wp\/v2\/posts"}],"about":[{"href":"https:\/\/agora.xtec.cat\/iesjoanamigo\/wp-json\/wp\/v2\/types\/post"}],"author":[{"embeddable":true,"href":"https:\/\/agora.xtec.cat\/iesjoanamigo\/wp-json\/wp\/v2\/users\/20"}],"replies":[{"embeddable":true,"href":"https:\/\/agora.xtec.cat\/iesjoanamigo\/wp-json\/wp\/v2\/comments?post=2390"}],"version-history":[{"count":1,"href":"https:\/\/agora.xtec.cat\/iesjoanamigo\/wp-json\/wp\/v2\/posts\/2390\/revisions"}],"predecessor-version":[{"id":2391,"href":"https:\/\/agora.xtec.cat\/iesjoanamigo\/wp-json\/wp\/v2\/posts\/2390\/revisions\/2391"}],"wp:attachment":[{"href":"https:\/\/agora.xtec.cat\/iesjoanamigo\/wp-json\/wp\/v2\/media?parent=2390"}],"wp:term":[{"taxonomy":"category","embeddable":true,"href":"https:\/\/agora.xtec.cat\/iesjoanamigo\/wp-json\/wp\/v2\/categories?post=2390"},{"taxonomy":"post_tag","embeddable":true,"href":"https:\/\/agora.xtec.cat\/iesjoanamigo\/wp-json\/wp\/v2\/tags?post=2390"}],"curies":[{"name":"wp","href":"https:\/\/api.w.org\/{rel}","templated":true}]}}