{"id":869,"date":"2015-10-25T14:21:05","date_gmt":"2015-10-25T13:21:05","guid":{"rendered":"http:\/\/agora.xtec.cat\/iesjaumemimo\/?p=869"},"modified":"2016-04-11T10:46:05","modified_gmt":"2016-04-11T09:46:05","slug":"visita-de-professorat-del-lycee-louise-michel","status":"publish","type":"post","link":"https:\/\/agora.xtec.cat\/iesjaumemimo\/portada\/visita-de-professorat-del-lycee-louise-michel\/","title":{"rendered":"Visita de professorat del Lyc\u00e9e Louise Michel"},"content":{"rendered":"<p>El passat dimecres 7 d\u2019octubre ens va visitar el director, Sr. Michel Villegas i dos professors del cicle de grau superior de Comer\u00e7 Internacional del Lyc\u00e9e Louise Michel de Narbonne (antic Lyc\u00e9e Diderot), soci de l\u2019Institut Jaume Mim\u00f3 a trav\u00e9s de la xarxa Netinvet.<\/p>\n<p><a href=\"http:\/\/agora.xtec.cat\/iesjaumemimo\/wp-content\/uploads\/usu86\/2015\/10\/Lycee\u0301_visita.jpg\"><img loading=\"lazy\" decoding=\"async\" class=\"alignnone size-full wp-image-867\" src=\"http:\/\/agora.xtec.cat\/iesjaumemimo\/wp-content\/uploads\/usu86\/2015\/10\/Lycee\u0301_visita.jpg\" alt=\"Lycee\u0301_visita\" width=\"426\" height=\"240\" srcset=\"https:\/\/agora.xtec.cat\/iesjaumemimo\/wp-content\/uploads\/usu86\/2015\/10\/Lycee\u0301_visita.jpg 426w, https:\/\/agora.xtec.cat\/iesjaumemimo\/wp-content\/uploads\/usu86\/2015\/10\/Lycee\u0301_visita-300x169.jpg 300w\" sizes=\"auto, (max-width: 426px) 100vw, 426px\" \/><\/a><\/p>\n<p>En la reuni\u00f3, on van ser presents la cap d\u2019estudis de formaci\u00f3 professional, la coordinadora de projectes internacionals i la directora, es va tractar els projectes de mobilitat d\u2019alumnat i professorat per aquest curs 2015-2016. Tamb\u00e9 es van obrir ponts per iniciar la col\u00b7laboraci\u00f3 amb el cicle d\u2019Administraci\u00f3 i Finances i altres projectes d\u2019internacionalitzaci\u00f3 dels respectius centres.<\/p>\n","protected":false},"excerpt":{"rendered":"<p>El passat dimecres 7 d\u2019octubre ens va visitar el director, Sr. Michel Villegas i dos professors del cicle de grau superior de Comer\u00e7 Internacional del Lyc\u00e9e Louise Michel de Narbonne (antic Lyc\u00e9e Diderot), soci de l\u2019Institut Jaume Mim\u00f3 a trav\u00e9s de la xarxa Netinvet. En la reuni\u00f3, on van ser presents la cap d\u2019estudis de [&hellip;]<\/p>\n","protected":false},"author":1,"featured_media":867,"comment_status":"open","ping_status":"open","sticky":false,"template":"","format":"standard","meta":{"_bbp_topic_count":0,"_bbp_reply_count":0,"_bbp_total_topic_count":0,"_bbp_total_reply_count":0,"_bbp_voice_count":0,"_bbp_anonymous_reply_count":0,"_bbp_topic_count_hidden":0,"_bbp_reply_count_hidden":0,"_bbp_forum_subforum_count":0,"site-sidebar-layout":"default","site-content-layout":"","ast-site-content-layout":"","site-content-style":"default","site-sidebar-style":"default","ast-global-header-display":"","ast-banner-title-visibility":"","ast-main-header-display":"","ast-hfb-above-header-display":"","ast-hfb-below-header-display":"","ast-hfb-mobile-header-display":"","site-post-title":"","ast-breadcrumbs-content":"","ast-featured-img":"","footer-sml-layout":"","theme-transparent-header-meta":"","adv-header-id-meta":"","stick-header-meta":"","header-above-stick-meta":"","header-main-stick-meta":"","header-below-stick-meta":"","astra-migrate-meta-layouts":"default","ast-page-background-enabled":"default","ast-page-background-meta":{"desktop":{"background-color":"var(--ast-global-color-4)","background-image":"","background-repeat":"repeat","background-position":"center center","background-size":"auto","background-attachment":"scroll","background-type":"","background-media":"","overlay-type":"","overlay-color":"","overlay-opacity":"","overlay-gradient":""},"tablet":{"background-color":"","background-image":"","background-repeat":"repeat","background-position":"center center","background-size":"auto","background-attachment":"scroll","background-type":"","background-media":"","overlay-type":"","overlay-color":"","overlay-opacity":"","overlay-gradient":""},"mobile":{"background-color":"","background-image":"","background-repeat":"repeat","background-position":"center center","background-size":"auto","background-attachment":"scroll","background-type":"","background-media":"","overlay-type":"","overlay-color":"","overlay-opacity":"","overlay-gradient":""}},"ast-content-background-meta":{"desktop":{"background-color":"var(--ast-global-color-5)","background-image":"","background-repeat":"repeat","background-position":"center center","background-size":"auto","background-attachment":"scroll","background-type":"","background-media":"","overlay-type":"","overlay-color":"","overlay-opacity":"","overlay-gradient":""},"tablet":{"background-color":"var(--ast-global-color-5)","background-image":"","background-repeat":"repeat","background-position":"center center","background-size":"auto","background-attachment":"scroll","background-type":"","background-media":"","overlay-type":"","overlay-color":"","overlay-opacity":"","overlay-gradient":""},"mobile":{"background-color":"var(--ast-global-color-5)","background-image":"","background-repeat":"repeat","background-position":"center center","background-size":"auto","background-attachment":"scroll","background-type":"","background-media":"","overlay-type":"","overlay-color":"","overlay-opacity":"","overlay-gradient":""}},"footnotes":""},"categories":[30,80,29],"tags":[],"class_list":["post-869","post","type-post","status-publish","format-standard","has-post-thumbnail","hentry","category-cicles-formatius","category-erasmus","category-portada"],"post_mailing_queue_ids":[],"_links":{"self":[{"href":"https:\/\/agora.xtec.cat\/iesjaumemimo\/wp-json\/wp\/v2\/posts\/869","targetHints":{"allow":["GET"]}}],"collection":[{"href":"https:\/\/agora.xtec.cat\/iesjaumemimo\/wp-json\/wp\/v2\/posts"}],"about":[{"href":"https:\/\/agora.xtec.cat\/iesjaumemimo\/wp-json\/wp\/v2\/types\/post"}],"author":[{"embeddable":true,"href":"https:\/\/agora.xtec.cat\/iesjaumemimo\/wp-json\/wp\/v2\/users\/1"}],"replies":[{"embeddable":true,"href":"https:\/\/agora.xtec.cat\/iesjaumemimo\/wp-json\/wp\/v2\/comments?post=869"}],"version-history":[{"count":1,"href":"https:\/\/agora.xtec.cat\/iesjaumemimo\/wp-json\/wp\/v2\/posts\/869\/revisions"}],"predecessor-version":[{"id":870,"href":"https:\/\/agora.xtec.cat\/iesjaumemimo\/wp-json\/wp\/v2\/posts\/869\/revisions\/870"}],"wp:featuredmedia":[{"embeddable":true,"href":"https:\/\/agora.xtec.cat\/iesjaumemimo\/wp-json\/wp\/v2\/media\/867"}],"wp:attachment":[{"href":"https:\/\/agora.xtec.cat\/iesjaumemimo\/wp-json\/wp\/v2\/media?parent=869"}],"wp:term":[{"taxonomy":"category","embeddable":true,"href":"https:\/\/agora.xtec.cat\/iesjaumemimo\/wp-json\/wp\/v2\/categories?post=869"},{"taxonomy":"post_tag","embeddable":true,"href":"https:\/\/agora.xtec.cat\/iesjaumemimo\/wp-json\/wp\/v2\/tags?post=869"}],"curies":[{"name":"wp","href":"https:\/\/api.w.org\/{rel}","templated":true}]}}