{"id":7956,"date":"2026-04-28T17:45:46","date_gmt":"2026-04-28T15:45:46","guid":{"rendered":"https:\/\/agora.xtec.cat\/iesjaumemimo\/?p=7956"},"modified":"2026-04-28T17:45:46","modified_gmt":"2026-04-28T15:45:46","slug":"alumnes-de-1r-de-batxillerat-participen-en-una-mobilitat-erasmus-de-llarga-durada-a-italia-i-finlandia-2","status":"publish","type":"post","link":"https:\/\/agora.xtec.cat\/iesjaumemimo\/batxillerat\/alumnes-de-1r-de-batxillerat-participen-en-una-mobilitat-erasmus-de-llarga-durada-a-italia-i-finlandia-2\/","title":{"rendered":"Alumnes de 1r de Batxillerat participen en una mobilitat Erasmus+ de llarga durada a It\u00e0lia i Finl\u00e0ndia!"},"content":{"rendered":"<p><i>Cinc alumnes de 1r de Batxillerat del nostre centre han iniciat aquest mes una estada Erasmus+ de llarga durada en centres educatius d\u2019It\u00e0lia i Finl\u00e0ndia, on romandran aproximadament un mes compartint experi\u00e8ncies acad\u00e8miques i culturals amb l\u2019alumnat dels centres d\u2019acollida.<\/i><\/p>\n<p><i>Durant aquest per\u00edode, els estudiants s\u2019incorporen a la vida quotidiana de les escoles que els acullen, assistint a classes, participant en activitats educatives i convivint amb fam\u00edlies i comunitats locals. Aquesta immersi\u00f3 els permet con\u00e8ixer nous sistemes educatius, altres maneres d\u2019aprendre i diferents realitats culturals europees.<\/i><\/p>\n<p><i>Els primers dies d\u2019estada han estat dedicats principalment a l\u2019adaptaci\u00f3 al nou entorn acad\u00e8mic i social. L\u2019alumnat est\u00e0 coneixent els seus companys i professors, familiaritzant-se amb la din\u00e0mica dels centres i descobrint el seu entorn. Tot i els nervis inicials, estan gaudint molt de l\u2019experi\u00e8ncia i aprofitant al m\u00e0xim aquesta oportunitat d\u2019aprenentatge internacional.<\/i><\/p>\n<p><i>Aquest tipus de mobilitats formen part del programa Erasmus+, que promou la internacionalitzaci\u00f3 dels centres educatius i ofereix a l\u2019alumnat l\u2019oportunitat de desenvolupar compet\u00e8ncies ling\u00fc\u00edstiques, culturals i personals en un context europeu.<\/i><\/p>\n<p><i>Des del centre els desitgem una estada molt enriquidora i esperem poder compartir aviat amb tota la comunitat educativa les experi\u00e8ncies i aprenentatges que portaran de tornada.<\/i><img loading=\"lazy\" decoding=\"async\" class=\"aligncenter size-full wp-image-7957\" src=\"https:\/\/agora.xtec.cat\/iesjaumemimo\/wp-content\/uploads\/usu86\/2026\/04\/1772801682124.jpg\" alt=\"\" width=\"1600\" height=\"1200\" srcset=\"https:\/\/agora.xtec.cat\/iesjaumemimo\/wp-content\/uploads\/usu86\/2026\/04\/1772801682124.jpg 1600w, https:\/\/agora.xtec.cat\/iesjaumemimo\/wp-content\/uploads\/usu86\/2026\/04\/1772801682124-300x225.jpg 300w, https:\/\/agora.xtec.cat\/iesjaumemimo\/wp-content\/uploads\/usu86\/2026\/04\/1772801682124-1024x768.jpg 1024w, https:\/\/agora.xtec.cat\/iesjaumemimo\/wp-content\/uploads\/usu86\/2026\/04\/1772801682124-768x576.jpg 768w, https:\/\/agora.xtec.cat\/iesjaumemimo\/wp-content\/uploads\/usu86\/2026\/04\/1772801682124-1536x1152.jpg 1536w\" sizes=\"auto, (max-width: 1600px) 100vw, 1600px\" \/> <img loading=\"lazy\" decoding=\"async\" class=\"aligncenter size-full wp-image-7958\" src=\"https:\/\/agora.xtec.cat\/iesjaumemimo\/wp-content\/uploads\/usu86\/2026\/04\/1772801682072.jpg\" alt=\"\" width=\"1536\" height=\"2048\" srcset=\"https:\/\/agora.xtec.cat\/iesjaumemimo\/wp-content\/uploads\/usu86\/2026\/04\/1772801682072.jpg 1536w, https:\/\/agora.xtec.cat\/iesjaumemimo\/wp-content\/uploads\/usu86\/2026\/04\/1772801682072-225x300.jpg 225w, https:\/\/agora.xtec.cat\/iesjaumemimo\/wp-content\/uploads\/usu86\/2026\/04\/1772801682072-768x1024.jpg 768w, https:\/\/agora.xtec.cat\/iesjaumemimo\/wp-content\/uploads\/usu86\/2026\/04\/1772801682072-1152x1536.jpg 1152w\" sizes=\"auto, (max-width: 1536px) 100vw, 1536px\" \/> <img loading=\"lazy\" decoding=\"async\" class=\"aligncenter size-full wp-image-7959\" src=\"https:\/\/agora.xtec.cat\/iesjaumemimo\/wp-content\/uploads\/usu86\/2026\/04\/1772801682109.jpg\" alt=\"\" width=\"1536\" height=\"2048\" srcset=\"https:\/\/agora.xtec.cat\/iesjaumemimo\/wp-content\/uploads\/usu86\/2026\/04\/1772801682109.jpg 1536w, https:\/\/agora.xtec.cat\/iesjaumemimo\/wp-content\/uploads\/usu86\/2026\/04\/1772801682109-225x300.jpg 225w, https:\/\/agora.xtec.cat\/iesjaumemimo\/wp-content\/uploads\/usu86\/2026\/04\/1772801682109-768x1024.jpg 768w, https:\/\/agora.xtec.cat\/iesjaumemimo\/wp-content\/uploads\/usu86\/2026\/04\/1772801682109-1152x1536.jpg 1152w\" sizes=\"auto, (max-width: 1536px) 100vw, 1536px\" \/> <img loading=\"lazy\" decoding=\"async\" class=\"aligncenter size-full wp-image-7960\" src=\"https:\/\/agora.xtec.cat\/iesjaumemimo\/wp-content\/uploads\/usu86\/2026\/04\/1772801682096.jpg\" alt=\"\" width=\"1600\" height=\"720\" srcset=\"https:\/\/agora.xtec.cat\/iesjaumemimo\/wp-content\/uploads\/usu86\/2026\/04\/1772801682096.jpg 1600w, https:\/\/agora.xtec.cat\/iesjaumemimo\/wp-content\/uploads\/usu86\/2026\/04\/1772801682096-300x135.jpg 300w, https:\/\/agora.xtec.cat\/iesjaumemimo\/wp-content\/uploads\/usu86\/2026\/04\/1772801682096-1024x461.jpg 1024w, https:\/\/agora.xtec.cat\/iesjaumemimo\/wp-content\/uploads\/usu86\/2026\/04\/1772801682096-768x346.jpg 768w, https:\/\/agora.xtec.cat\/iesjaumemimo\/wp-content\/uploads\/usu86\/2026\/04\/1772801682096-1536x691.jpg 1536w\" sizes=\"auto, (max-width: 1600px) 100vw, 1600px\" \/><\/p>\n","protected":false},"excerpt":{"rendered":"<p>Cinc alumnes de 1r de Batxillerat del nostre centre han iniciat aquest mes una estada Erasmus+ de llarga durada en centres educatius d\u2019It\u00e0lia i Finl\u00e0ndia, on romandran aproximadament un mes compartint experi\u00e8ncies acad\u00e8miques i culturals amb l\u2019alumnat dels centres d\u2019acollida. Durant aquest per\u00edode, els estudiants s\u2019incorporen a la vida quotidiana de les escoles que els [&hellip;]<\/p>\n","protected":false},"author":6,"featured_media":7960,"comment_status":"closed","ping_status":"open","sticky":false,"template":"","format":"standard","meta":{"_bbp_topic_count":0,"_bbp_reply_count":0,"_bbp_total_topic_count":0,"_bbp_total_reply_count":0,"_bbp_voice_count":0,"_bbp_anonymous_reply_count":0,"_bbp_topic_count_hidden":0,"_bbp_reply_count_hidden":0,"_bbp_forum_subforum_count":0,"site-sidebar-layout":"default","site-content-layout":"","ast-site-content-layout":"default","site-content-style":"default","site-sidebar-style":"default","ast-global-header-display":"","ast-banner-title-visibility":"","ast-main-header-display":"","ast-hfb-above-header-display":"","ast-hfb-below-header-display":"","ast-hfb-mobile-header-display":"","site-post-title":"","ast-breadcrumbs-content":"","ast-featured-img":"","footer-sml-layout":"","theme-transparent-header-meta":"default","adv-header-id-meta":"","stick-header-meta":"","header-above-stick-meta":"","header-main-stick-meta":"","header-below-stick-meta":"","astra-migrate-meta-layouts":"set","ast-page-background-enabled":"default","ast-page-background-meta":{"desktop":{"background-color":"var(--ast-global-color-4)","background-image":"","background-repeat":"repeat","background-position":"center center","background-size":"auto","background-attachment":"scroll","background-type":"","background-media":"","overlay-type":"","overlay-color":"","overlay-opacity":"","overlay-gradient":""},"tablet":{"background-color":"","background-image":"","background-repeat":"repeat","background-position":"center center","background-size":"auto","background-attachment":"scroll","background-type":"","background-media":"","overlay-type":"","overlay-color":"","overlay-opacity":"","overlay-gradient":""},"mobile":{"background-color":"","background-image":"","background-repeat":"repeat","background-position":"center center","background-size":"auto","background-attachment":"scroll","background-type":"","background-media":"","overlay-type":"","overlay-color":"","overlay-opacity":"","overlay-gradient":""}},"ast-content-background-meta":{"desktop":{"background-color":"var(--ast-global-color-5)","background-image":"","background-repeat":"repeat","background-position":"center center","background-size":"auto","background-attachment":"scroll","background-type":"","background-media":"","overlay-type":"","overlay-color":"","overlay-opacity":"","overlay-gradient":""},"tablet":{"background-color":"var(--ast-global-color-5)","background-image":"","background-repeat":"repeat","background-position":"center center","background-size":"auto","background-attachment":"scroll","background-type":"","background-media":"","overlay-type":"","overlay-color":"","overlay-opacity":"","overlay-gradient":""},"mobile":{"background-color":"var(--ast-global-color-5)","background-image":"","background-repeat":"repeat","background-position":"center center","background-size":"auto","background-attachment":"scroll","background-type":"","background-media":"","overlay-type":"","overlay-color":"","overlay-opacity":"","overlay-gradient":""}},"footnotes":""},"categories":[8,80,29],"tags":[],"class_list":["post-7956","post","type-post","status-publish","format-standard","has-post-thumbnail","hentry","category-batxillerat","category-erasmus","category-portada"],"post_mailing_queue_ids":[],"_links":{"self":[{"href":"https:\/\/agora.xtec.cat\/iesjaumemimo\/wp-json\/wp\/v2\/posts\/7956","targetHints":{"allow":["GET"]}}],"collection":[{"href":"https:\/\/agora.xtec.cat\/iesjaumemimo\/wp-json\/wp\/v2\/posts"}],"about":[{"href":"https:\/\/agora.xtec.cat\/iesjaumemimo\/wp-json\/wp\/v2\/types\/post"}],"author":[{"embeddable":true,"href":"https:\/\/agora.xtec.cat\/iesjaumemimo\/wp-json\/wp\/v2\/users\/6"}],"replies":[{"embeddable":true,"href":"https:\/\/agora.xtec.cat\/iesjaumemimo\/wp-json\/wp\/v2\/comments?post=7956"}],"version-history":[{"count":1,"href":"https:\/\/agora.xtec.cat\/iesjaumemimo\/wp-json\/wp\/v2\/posts\/7956\/revisions"}],"predecessor-version":[{"id":7961,"href":"https:\/\/agora.xtec.cat\/iesjaumemimo\/wp-json\/wp\/v2\/posts\/7956\/revisions\/7961"}],"wp:featuredmedia":[{"embeddable":true,"href":"https:\/\/agora.xtec.cat\/iesjaumemimo\/wp-json\/wp\/v2\/media\/7960"}],"wp:attachment":[{"href":"https:\/\/agora.xtec.cat\/iesjaumemimo\/wp-json\/wp\/v2\/media?parent=7956"}],"wp:term":[{"taxonomy":"category","embeddable":true,"href":"https:\/\/agora.xtec.cat\/iesjaumemimo\/wp-json\/wp\/v2\/categories?post=7956"},{"taxonomy":"post_tag","embeddable":true,"href":"https:\/\/agora.xtec.cat\/iesjaumemimo\/wp-json\/wp\/v2\/tags?post=7956"}],"curies":[{"name":"wp","href":"https:\/\/api.w.org\/{rel}","templated":true}]}}