{"id":7934,"date":"2026-04-20T17:48:03","date_gmt":"2026-04-20T15:48:03","guid":{"rendered":"https:\/\/agora.xtec.cat\/iesjaumemimo\/?p=7934"},"modified":"2026-04-20T17:48:03","modified_gmt":"2026-04-20T15:48:03","slug":"erasmus-be-green-a-berlin","status":"publish","type":"post","link":"https:\/\/agora.xtec.cat\/iesjaumemimo\/general\/erasmus-be-green-a-berlin\/","title":{"rendered":"Erasmus+ BE GREEN a Berlin"},"content":{"rendered":"<p style=\"text-align: justify;\" data-start=\"245\" data-end=\"662\">L\u2019alumnat de 4t d\u2019ESO de l\u2019INS Jaume Mim\u00f3 que cursa alemany com a primera llengua estrangera ha participat recentment en un enriquidor intercanvi del programa Erasmus amb l\u2019institut Ernst-Reuter Schule de Berl\u00edn. L\u2019estada, que ha tingut lloc del 23 al 27 de febrer a la capital alemanya, ha combinat immersi\u00f3 ling\u00fc\u00edstica, conviv\u00e8ncia i treball col\u00b7laboratiu al voltant d\u2019un projecte com\u00fa centrat en la sostenibilitat.<\/p>\n<p style=\"text-align: justify;\" data-start=\"664\" data-end=\"989\">Des del primer moment, l\u2019acollida per part de l\u2019alumnat alemany i del professorat responsable va generar un clima de confian\u00e7a i cooperaci\u00f3. Les activitats inicials, pensades per trencar el gel, van facilitar les primeres interaccions en alemany, afavorint una comunicaci\u00f3 real i significativa entre joves de la mateixa edat.<\/p>\n<p style=\"text-align: justify;\" data-start=\"991\" data-end=\"1381\">El nucli del projecte es va desenvolupar al llarg dels dies seg\u00fcents, amb la sostenibilitat com a eix central. L\u2019alumnat va aprofundir en aquesta tem\u00e0tica mitjan\u00e7ant una visita a una planta de reciclatge i l\u2019assist\u00e8ncia a una xerrada sobre la gesti\u00f3 de residus a Alemanya. Aquestes experi\u00e8ncies van aportar un context real i proper que va enriquir notablement el treball posterior a l\u2019aula.<\/p>\n<p style=\"text-align: justify;\" data-start=\"1383\" data-end=\"1761\">Organitzats en grups mixtos, els i les alumnes dels dos centres van col\u00b7laborar en l\u2019an\u00e0lisi de problem\u00e0tiques ambientals i en la proposta de mesures per millorar la protecci\u00f3 del medi ambient. Aquesta din\u00e0mica va permetre compartir perspectives i aprendre de primera m\u00e0 altres maneres d\u2019entendre i gestionar els residus, especialment gr\u00e0cies a l\u2019aportaci\u00f3 de l\u2019alumnat alemany.<\/p>\n<p style=\"text-align: justify;\" data-start=\"1763\" data-end=\"1976\">El projecte es va concretar finalment en l\u2019elaboraci\u00f3 d\u2019un v\u00eddeo explicatiu en alemany, que es va presentar davant de tots els participants com a mostra del treball realitzat i del proc\u00e9s d\u2019aprenentatge compartit.<\/p>\n<p style=\"text-align: justify;\" data-start=\"1978\" data-end=\"2361\">L\u2019experi\u00e8ncia es va tancar amb una sessi\u00f3 de reflexi\u00f3 conjunta, en qu\u00e8 l\u2019alumnat va poder compartir els aprenentatges assolits, tant a nivell ling\u00fc\u00edstic com personal i cultural, aix\u00ed com les expectatives per a la segona part de l\u2019intercanvi. Els comiats, plens d\u2019emoci\u00f3, van evidenciar els vincles creats i les ganes de continuar amb un projecte que ha anat molt m\u00e9s enll\u00e0 de l\u2019aula.<\/p>\n<p style=\"text-align: justify;\" data-start=\"2363\" data-end=\"2595\">Aquesta experi\u00e8ncia Erasmus ha estat, sens dubte, una oportunitat \u00fanica per consolidar compet\u00e8ncies ling\u00fc\u00edstiques, fomentar la consci\u00e8ncia ambiental i cr\u00e9ixer personalment a trav\u00e9s del contacte directe amb altres realitats europees.<\/p>\n<p data-start=\"2363\" data-end=\"2595\"><img loading=\"lazy\" decoding=\"async\" class=\"aligncenter size-full wp-image-7937\" src=\"https:\/\/agora.xtec.cat\/iesjaumemimo\/wp-content\/uploads\/usu86\/2026\/04\/1772144593143.jpg\" alt=\"\" width=\"2000\" height=\"1500\" srcset=\"https:\/\/agora.xtec.cat\/iesjaumemimo\/wp-content\/uploads\/usu86\/2026\/04\/1772144593143.jpg 2000w, https:\/\/agora.xtec.cat\/iesjaumemimo\/wp-content\/uploads\/usu86\/2026\/04\/1772144593143-300x225.jpg 300w, https:\/\/agora.xtec.cat\/iesjaumemimo\/wp-content\/uploads\/usu86\/2026\/04\/1772144593143-1024x768.jpg 1024w, https:\/\/agora.xtec.cat\/iesjaumemimo\/wp-content\/uploads\/usu86\/2026\/04\/1772144593143-768x576.jpg 768w, https:\/\/agora.xtec.cat\/iesjaumemimo\/wp-content\/uploads\/usu86\/2026\/04\/1772144593143-1536x1152.jpg 1536w\" sizes=\"auto, (max-width: 2000px) 100vw, 2000px\" \/> <img loading=\"lazy\" decoding=\"async\" class=\"aligncenter size-full wp-image-7939\" src=\"https:\/\/agora.xtec.cat\/iesjaumemimo\/wp-content\/uploads\/usu86\/2026\/04\/1772144699271-1-scaled.jpg\" alt=\"\" width=\"2560\" height=\"1922\" srcset=\"https:\/\/agora.xtec.cat\/iesjaumemimo\/wp-content\/uploads\/usu86\/2026\/04\/1772144699271-1-scaled.jpg 2560w, https:\/\/agora.xtec.cat\/iesjaumemimo\/wp-content\/uploads\/usu86\/2026\/04\/1772144699271-1-300x225.jpg 300w, https:\/\/agora.xtec.cat\/iesjaumemimo\/wp-content\/uploads\/usu86\/2026\/04\/1772144699271-1-1024x769.jpg 1024w, https:\/\/agora.xtec.cat\/iesjaumemimo\/wp-content\/uploads\/usu86\/2026\/04\/1772144699271-1-768x577.jpg 768w, https:\/\/agora.xtec.cat\/iesjaumemimo\/wp-content\/uploads\/usu86\/2026\/04\/1772144699271-1-1536x1153.jpg 1536w, https:\/\/agora.xtec.cat\/iesjaumemimo\/wp-content\/uploads\/usu86\/2026\/04\/1772144699271-1-2048x1538.jpg 2048w\" sizes=\"auto, (max-width: 2560px) 100vw, 2560px\" \/> <img loading=\"lazy\" decoding=\"async\" class=\"aligncenter size-full wp-image-7940\" src=\"https:\/\/agora.xtec.cat\/iesjaumemimo\/wp-content\/uploads\/usu86\/2026\/04\/1772144807643-1-scaled.jpg\" alt=\"\" width=\"2560\" height=\"1922\" srcset=\"https:\/\/agora.xtec.cat\/iesjaumemimo\/wp-content\/uploads\/usu86\/2026\/04\/1772144807643-1-scaled.jpg 2560w, https:\/\/agora.xtec.cat\/iesjaumemimo\/wp-content\/uploads\/usu86\/2026\/04\/1772144807643-1-300x225.jpg 300w, https:\/\/agora.xtec.cat\/iesjaumemimo\/wp-content\/uploads\/usu86\/2026\/04\/1772144807643-1-1024x769.jpg 1024w, https:\/\/agora.xtec.cat\/iesjaumemimo\/wp-content\/uploads\/usu86\/2026\/04\/1772144807643-1-768x577.jpg 768w, https:\/\/agora.xtec.cat\/iesjaumemimo\/wp-content\/uploads\/usu86\/2026\/04\/1772144807643-1-1536x1153.jpg 1536w, https:\/\/agora.xtec.cat\/iesjaumemimo\/wp-content\/uploads\/usu86\/2026\/04\/1772144807643-1-2048x1538.jpg 2048w\" sizes=\"auto, (max-width: 2560px) 100vw, 2560px\" \/><\/p>\n","protected":false},"excerpt":{"rendered":"<p>L\u2019alumnat de 4t d\u2019ESO de l\u2019INS Jaume Mim\u00f3 que cursa alemany com a primera llengua estrangera ha participat recentment en un enriquidor intercanvi del programa Erasmus amb l\u2019institut Ernst-Reuter Schule de Berl\u00edn. L\u2019estada, que ha tingut lloc del 23 al 27 de febrer a la capital alemanya, ha combinat immersi\u00f3 ling\u00fc\u00edstica, conviv\u00e8ncia i treball col\u00b7laboratiu [&hellip;]<\/p>\n","protected":false},"author":6,"featured_media":7939,"comment_status":"closed","ping_status":"open","sticky":false,"template":"","format":"standard","meta":{"_bbp_topic_count":0,"_bbp_reply_count":0,"_bbp_total_topic_count":0,"_bbp_total_reply_count":0,"_bbp_voice_count":0,"_bbp_anonymous_reply_count":0,"_bbp_topic_count_hidden":0,"_bbp_reply_count_hidden":0,"_bbp_forum_subforum_count":0,"site-sidebar-layout":"default","site-content-layout":"","ast-site-content-layout":"default","site-content-style":"default","site-sidebar-style":"default","ast-global-header-display":"","ast-banner-title-visibility":"","ast-main-header-display":"","ast-hfb-above-header-display":"","ast-hfb-below-header-display":"","ast-hfb-mobile-header-display":"","site-post-title":"","ast-breadcrumbs-content":"","ast-featured-img":"","footer-sml-layout":"","theme-transparent-header-meta":"default","adv-header-id-meta":"","stick-header-meta":"","header-above-stick-meta":"","header-main-stick-meta":"","header-below-stick-meta":"","astra-migrate-meta-layouts":"set","ast-page-background-enabled":"default","ast-page-background-meta":{"desktop":{"background-color":"var(--ast-global-color-4)","background-image":"","background-repeat":"repeat","background-position":"center center","background-size":"auto","background-attachment":"scroll","background-type":"","background-media":"","overlay-type":"","overlay-color":"","overlay-opacity":"","overlay-gradient":""},"tablet":{"background-color":"","background-image":"","background-repeat":"repeat","background-position":"center center","background-size":"auto","background-attachment":"scroll","background-type":"","background-media":"","overlay-type":"","overlay-color":"","overlay-opacity":"","overlay-gradient":""},"mobile":{"background-color":"","background-image":"","background-repeat":"repeat","background-position":"center center","background-size":"auto","background-attachment":"scroll","background-type":"","background-media":"","overlay-type":"","overlay-color":"","overlay-opacity":"","overlay-gradient":""}},"ast-content-background-meta":{"desktop":{"background-color":"var(--ast-global-color-5)","background-image":"","background-repeat":"repeat","background-position":"center center","background-size":"auto","background-attachment":"scroll","background-type":"","background-media":"","overlay-type":"","overlay-color":"","overlay-opacity":"","overlay-gradient":""},"tablet":{"background-color":"var(--ast-global-color-5)","background-image":"","background-repeat":"repeat","background-position":"center center","background-size":"auto","background-attachment":"scroll","background-type":"","background-media":"","overlay-type":"","overlay-color":"","overlay-opacity":"","overlay-gradient":""},"mobile":{"background-color":"var(--ast-global-color-5)","background-image":"","background-repeat":"repeat","background-position":"center center","background-size":"auto","background-attachment":"scroll","background-type":"","background-media":"","overlay-type":"","overlay-color":"","overlay-opacity":"","overlay-gradient":""}},"footnotes":""},"categories":[80,1,29],"tags":[],"class_list":["post-7934","post","type-post","status-publish","format-standard","has-post-thumbnail","hentry","category-erasmus","category-general","category-portada"],"post_mailing_queue_ids":[],"_links":{"self":[{"href":"https:\/\/agora.xtec.cat\/iesjaumemimo\/wp-json\/wp\/v2\/posts\/7934","targetHints":{"allow":["GET"]}}],"collection":[{"href":"https:\/\/agora.xtec.cat\/iesjaumemimo\/wp-json\/wp\/v2\/posts"}],"about":[{"href":"https:\/\/agora.xtec.cat\/iesjaumemimo\/wp-json\/wp\/v2\/types\/post"}],"author":[{"embeddable":true,"href":"https:\/\/agora.xtec.cat\/iesjaumemimo\/wp-json\/wp\/v2\/users\/6"}],"replies":[{"embeddable":true,"href":"https:\/\/agora.xtec.cat\/iesjaumemimo\/wp-json\/wp\/v2\/comments?post=7934"}],"version-history":[{"count":1,"href":"https:\/\/agora.xtec.cat\/iesjaumemimo\/wp-json\/wp\/v2\/posts\/7934\/revisions"}],"predecessor-version":[{"id":7941,"href":"https:\/\/agora.xtec.cat\/iesjaumemimo\/wp-json\/wp\/v2\/posts\/7934\/revisions\/7941"}],"wp:featuredmedia":[{"embeddable":true,"href":"https:\/\/agora.xtec.cat\/iesjaumemimo\/wp-json\/wp\/v2\/media\/7939"}],"wp:attachment":[{"href":"https:\/\/agora.xtec.cat\/iesjaumemimo\/wp-json\/wp\/v2\/media?parent=7934"}],"wp:term":[{"taxonomy":"category","embeddable":true,"href":"https:\/\/agora.xtec.cat\/iesjaumemimo\/wp-json\/wp\/v2\/categories?post=7934"},{"taxonomy":"post_tag","embeddable":true,"href":"https:\/\/agora.xtec.cat\/iesjaumemimo\/wp-json\/wp\/v2\/tags?post=7934"}],"curies":[{"name":"wp","href":"https:\/\/api.w.org\/{rel}","templated":true}]}}