{"id":7483,"date":"2025-02-10T20:00:20","date_gmt":"2025-02-10T19:00:20","guid":{"rendered":"https:\/\/agora.xtec.cat\/iesjaumemimo\/?p=7483"},"modified":"2025-02-10T19:15:16","modified_gmt":"2025-02-10T18:15:16","slug":"xerrada-de-la-upc-com-funcionen-les-nostres-ciutats-%f0%9f%8c%8d%f0%9f%8f%a1","status":"publish","type":"post","link":"https:\/\/agora.xtec.cat\/iesjaumemimo\/general\/xerrada-de-la-upc-com-funcionen-les-nostres-ciutats-%f0%9f%8c%8d%f0%9f%8f%a1\/","title":{"rendered":"Xerrada de la UPC: &#8220;Com funcionen les nostres ciutats?&#8221; \ud83c\udf0d\ud83c\udfe1"},"content":{"rendered":"<p>El passat divendres 17\/01, el ponent Joan Moreno, del Departament d&#8217;Urbanisme i Ordenaci\u00f3 del Territori de la UPC, va oferir una xerrada pels grups 1BC i 2BD del batxillerat cient\u00edfic-tecnol\u00f2gic.<\/p>\n<p>La xerrada, titulada &#8220;Com funcionen les nostres ciutats&#8221;, plantejava als alumnes que les ciutats on vivim s\u00f3n el resultat de la suma d\u2019un seguit d\u2019intervencions, planificades i espont\u00e0nies. Els habitants canvien i tamb\u00e9 les seves necessitats, per aix\u00f2 la ciutat s&#8217;ha d&#8217;adaptar a aquests canvis. \ud83c\udfd8\ufe0f\ud83c\udfd9\ufe0f L\u2019objectiu de la xerrada era introduir l&#8217;alumnat en la cultura urban\u00edstica i el concepte de smart city a trav\u00e9s de l\u2019estudi del cas de Barcelona, el seu desenvolupament urb\u00e0 i els reptes davant la revoluci\u00f3 tecnol\u00f2gica.<\/p>\n<p>Va ser molt enriquidora i els va oferir informaci\u00f3 sobre arquitectura i enginyeria, que segur que els ajudar\u00e0 per a decidir qu\u00e8 volen fer en un futur! \ud83d\udc68\u200d\ud83d\udcbb\ud83d\udc69\u200d\ud83d\udd2c<\/p>\n<p><img loading=\"lazy\" decoding=\"async\" class=\"alignleft wp-image-7484\" src=\"https:\/\/agora.xtec.cat\/iesjaumemimo\/wp-content\/uploads\/usu86\/2025\/02\/IMG_0060-Marta-Mendoza-Navarro-300x225.jpg\" alt=\"\" width=\"600\" height=\"450\" srcset=\"https:\/\/agora.xtec.cat\/iesjaumemimo\/wp-content\/uploads\/usu86\/2025\/02\/IMG_0060-Marta-Mendoza-Navarro-300x225.jpg 300w, https:\/\/agora.xtec.cat\/iesjaumemimo\/wp-content\/uploads\/usu86\/2025\/02\/IMG_0060-Marta-Mendoza-Navarro-1024x768.jpg 1024w, https:\/\/agora.xtec.cat\/iesjaumemimo\/wp-content\/uploads\/usu86\/2025\/02\/IMG_0060-Marta-Mendoza-Navarro-768x576.jpg 768w, https:\/\/agora.xtec.cat\/iesjaumemimo\/wp-content\/uploads\/usu86\/2025\/02\/IMG_0060-Marta-Mendoza-Navarro-200x150.jpg 200w, https:\/\/agora.xtec.cat\/iesjaumemimo\/wp-content\/uploads\/usu86\/2025\/02\/IMG_0060-Marta-Mendoza-Navarro.jpg 1411w\" sizes=\"auto, (max-width: 600px) 100vw, 600px\" \/> <img loading=\"lazy\" decoding=\"async\" class=\"alignleft wp-image-7485\" src=\"https:\/\/agora.xtec.cat\/iesjaumemimo\/wp-content\/uploads\/usu86\/2025\/02\/IMG_0059-Marta-Mendoza-Navarro-300x225.jpg\" alt=\"\" width=\"600\" height=\"450\" srcset=\"https:\/\/agora.xtec.cat\/iesjaumemimo\/wp-content\/uploads\/usu86\/2025\/02\/IMG_0059-Marta-Mendoza-Navarro-300x225.jpg 300w, https:\/\/agora.xtec.cat\/iesjaumemimo\/wp-content\/uploads\/usu86\/2025\/02\/IMG_0059-Marta-Mendoza-Navarro-1024x768.jpg 1024w, https:\/\/agora.xtec.cat\/iesjaumemimo\/wp-content\/uploads\/usu86\/2025\/02\/IMG_0059-Marta-Mendoza-Navarro-768x576.jpg 768w, https:\/\/agora.xtec.cat\/iesjaumemimo\/wp-content\/uploads\/usu86\/2025\/02\/IMG_0059-Marta-Mendoza-Navarro-1536x1152.jpg 1536w, https:\/\/agora.xtec.cat\/iesjaumemimo\/wp-content\/uploads\/usu86\/2025\/02\/IMG_0059-Marta-Mendoza-Navarro-200x150.jpg 200w, https:\/\/agora.xtec.cat\/iesjaumemimo\/wp-content\/uploads\/usu86\/2025\/02\/IMG_0059-Marta-Mendoza-Navarro.jpg 1999w\" sizes=\"auto, (max-width: 600px) 100vw, 600px\" \/><\/p>\n","protected":false},"excerpt":{"rendered":"<p>El passat divendres 17\/01, el ponent Joan Moreno, del Departament d&#8217;Urbanisme i Ordenaci\u00f3 del Territori de la UPC, va oferir una xerrada pels grups 1BC i 2BD del batxillerat cient\u00edfic-tecnol\u00f2gic. La xerrada, titulada &#8220;Com funcionen les nostres ciutats&#8221;, plantejava als alumnes que les ciutats on vivim s\u00f3n el resultat de la suma d\u2019un seguit d\u2019intervencions, [&hellip;]<\/p>\n","protected":false},"author":6,"featured_media":7484,"comment_status":"closed","ping_status":"closed","sticky":false,"template":"","format":"standard","meta":{"_bbp_topic_count":0,"_bbp_reply_count":0,"_bbp_total_topic_count":0,"_bbp_total_reply_count":0,"_bbp_voice_count":0,"_bbp_anonymous_reply_count":0,"_bbp_topic_count_hidden":0,"_bbp_reply_count_hidden":0,"_bbp_forum_subforum_count":0,"site-sidebar-layout":"default","site-content-layout":"","ast-site-content-layout":"","site-content-style":"default","site-sidebar-style":"default","ast-global-header-display":"","ast-banner-title-visibility":"","ast-main-header-display":"","ast-hfb-above-header-display":"","ast-hfb-below-header-display":"","ast-hfb-mobile-header-display":"","site-post-title":"","ast-breadcrumbs-content":"","ast-featured-img":"","footer-sml-layout":"","theme-transparent-header-meta":"","adv-header-id-meta":"","stick-header-meta":"","header-above-stick-meta":"","header-main-stick-meta":"","header-below-stick-meta":"","astra-migrate-meta-layouts":"default","ast-page-background-enabled":"default","ast-page-background-meta":{"desktop":{"background-color":"var(--ast-global-color-4)","background-image":"","background-repeat":"repeat","background-position":"center center","background-size":"auto","background-attachment":"scroll","background-type":"","background-media":"","overlay-type":"","overlay-color":"","overlay-opacity":"","overlay-gradient":""},"tablet":{"background-color":"","background-image":"","background-repeat":"repeat","background-position":"center center","background-size":"auto","background-attachment":"scroll","background-type":"","background-media":"","overlay-type":"","overlay-color":"","overlay-opacity":"","overlay-gradient":""},"mobile":{"background-color":"","background-image":"","background-repeat":"repeat","background-position":"center center","background-size":"auto","background-attachment":"scroll","background-type":"","background-media":"","overlay-type":"","overlay-color":"","overlay-opacity":"","overlay-gradient":""}},"ast-content-background-meta":{"desktop":{"background-color":"var(--ast-global-color-5)","background-image":"","background-repeat":"repeat","background-position":"center center","background-size":"auto","background-attachment":"scroll","background-type":"","background-media":"","overlay-type":"","overlay-color":"","overlay-opacity":"","overlay-gradient":""},"tablet":{"background-color":"var(--ast-global-color-5)","background-image":"","background-repeat":"repeat","background-position":"center center","background-size":"auto","background-attachment":"scroll","background-type":"","background-media":"","overlay-type":"","overlay-color":"","overlay-opacity":"","overlay-gradient":""},"mobile":{"background-color":"var(--ast-global-color-5)","background-image":"","background-repeat":"repeat","background-position":"center center","background-size":"auto","background-attachment":"scroll","background-type":"","background-media":"","overlay-type":"","overlay-color":"","overlay-opacity":"","overlay-gradient":""}},"footnotes":""},"categories":[122,123,8,1,29],"tags":[],"class_list":["post-7483","post","type-post","status-publish","format-standard","has-post-thumbnail","hentry","category-batx-cientific","category-batx-tecnologic","category-batxillerat","category-general","category-portada"],"post_mailing_queue_ids":[],"_links":{"self":[{"href":"https:\/\/agora.xtec.cat\/iesjaumemimo\/wp-json\/wp\/v2\/posts\/7483","targetHints":{"allow":["GET"]}}],"collection":[{"href":"https:\/\/agora.xtec.cat\/iesjaumemimo\/wp-json\/wp\/v2\/posts"}],"about":[{"href":"https:\/\/agora.xtec.cat\/iesjaumemimo\/wp-json\/wp\/v2\/types\/post"}],"author":[{"embeddable":true,"href":"https:\/\/agora.xtec.cat\/iesjaumemimo\/wp-json\/wp\/v2\/users\/6"}],"replies":[{"embeddable":true,"href":"https:\/\/agora.xtec.cat\/iesjaumemimo\/wp-json\/wp\/v2\/comments?post=7483"}],"version-history":[{"count":1,"href":"https:\/\/agora.xtec.cat\/iesjaumemimo\/wp-json\/wp\/v2\/posts\/7483\/revisions"}],"predecessor-version":[{"id":7486,"href":"https:\/\/agora.xtec.cat\/iesjaumemimo\/wp-json\/wp\/v2\/posts\/7483\/revisions\/7486"}],"wp:featuredmedia":[{"embeddable":true,"href":"https:\/\/agora.xtec.cat\/iesjaumemimo\/wp-json\/wp\/v2\/media\/7484"}],"wp:attachment":[{"href":"https:\/\/agora.xtec.cat\/iesjaumemimo\/wp-json\/wp\/v2\/media?parent=7483"}],"wp:term":[{"taxonomy":"category","embeddable":true,"href":"https:\/\/agora.xtec.cat\/iesjaumemimo\/wp-json\/wp\/v2\/categories?post=7483"},{"taxonomy":"post_tag","embeddable":true,"href":"https:\/\/agora.xtec.cat\/iesjaumemimo\/wp-json\/wp\/v2\/tags?post=7483"}],"curies":[{"name":"wp","href":"https:\/\/api.w.org\/{rel}","templated":true}]}}