{"id":7474,"date":"2025-02-06T14:06:56","date_gmt":"2025-02-06T13:06:56","guid":{"rendered":"https:\/\/agora.xtec.cat\/iesjaumemimo\/?p=7474"},"modified":"2025-02-06T11:50:14","modified_gmt":"2025-02-06T10:50:14","slug":"entrega-de-premis-del-concurs-marca-grafica-erasmus-24-25","status":"publish","type":"post","link":"https:\/\/agora.xtec.cat\/iesjaumemimo\/batxillerat\/entrega-de-premis-del-concurs-marca-grafica-erasmus-24-25\/","title":{"rendered":"Entrega de premis del concurs marca gr\u00e0fica Erasmus+ 24\/25"},"content":{"rendered":"<p>Des de la Comissi\u00f3 Erasmus+ de l\u2019Institut Jaume Mim\u00f3 es va encarregar a l\u2019alumnat de l\u2019assignatura de Disseny de 2n de batxillerat art\u00edstic que cre\u00e9s la marca gr\u00e0fica del projecte Erasmus+ del curs 24\/25.\u2708\ufe0f\ud83c\udf0d<\/p>\n<p>Tot l\u2019alumnat va treballar a classe en aquest enc\u00e0rrec i, despr\u00e9s de fer una selecci\u00f3 de 8 candidats, es va dur a terme una votaci\u00f3 oberta a la comunitat educativa de l\u2019institut. En aquesta votaci\u00f3 hi ha participat un total de 178 persones incloent:<br \/>\n&#8211; Alumnat<br \/>\n&#8211; Professorat i PAS<br \/>\n&#8211; Jurat d\u2019experts (format per persones de l\u2019equip directiu, de la coordinaci\u00f3 Erasmus+, professorat del CFGS de Gr\u00e0fica Publicit\u00e0ria, i professorat del batxillerat art\u00edstic).<\/p>\n<p>El 21 de gener es va dur a terme l\u2019entrega de premis a l\u2019aula magna de l\u2019institut.\ud83e\udd29\ud83d\udc4f<\/p>\n<p>Aqu\u00ed teniu els tres dissenys guanyadors. Enhorabona a tots els participants!\ud83d\udc4f\u2728<\/p>\n<p><img loading=\"lazy\" decoding=\"async\" class=\"size-medium wp-image-7478 alignleft\" src=\"https:\/\/agora.xtec.cat\/iesjaumemimo\/wp-content\/uploads\/usu86\/2025\/02\/foto-entrega-premis-225x300.jpg\" alt=\"\" width=\"225\" height=\"300\" srcset=\"https:\/\/agora.xtec.cat\/iesjaumemimo\/wp-content\/uploads\/usu86\/2025\/02\/foto-entrega-premis-225x300.jpg 225w, https:\/\/agora.xtec.cat\/iesjaumemimo\/wp-content\/uploads\/usu86\/2025\/02\/foto-entrega-premis-768x1024.jpg 768w, https:\/\/agora.xtec.cat\/iesjaumemimo\/wp-content\/uploads\/usu86\/2025\/02\/foto-entrega-premis-1152x1536.jpg 1152w, https:\/\/agora.xtec.cat\/iesjaumemimo\/wp-content\/uploads\/usu86\/2025\/02\/foto-entrega-premis.jpg 1278w\" sizes=\"auto, (max-width: 225px) 100vw, 225px\" \/> <img loading=\"lazy\" decoding=\"async\" class=\"size-medium wp-image-7477 alignleft\" src=\"https:\/\/agora.xtec.cat\/iesjaumemimo\/wp-content\/uploads\/usu86\/2025\/02\/1r-premi-300x169.jpg\" alt=\"\" width=\"300\" height=\"169\" srcset=\"https:\/\/agora.xtec.cat\/iesjaumemimo\/wp-content\/uploads\/usu86\/2025\/02\/1r-premi-300x169.jpg 300w, https:\/\/agora.xtec.cat\/iesjaumemimo\/wp-content\/uploads\/usu86\/2025\/02\/1r-premi-768x432.jpg 768w, https:\/\/agora.xtec.cat\/iesjaumemimo\/wp-content\/uploads\/usu86\/2025\/02\/1r-premi.jpg 960w\" sizes=\"auto, (max-width: 300px) 100vw, 300px\" \/> <img loading=\"lazy\" decoding=\"async\" class=\"size-medium wp-image-7476 alignleft\" src=\"https:\/\/agora.xtec.cat\/iesjaumemimo\/wp-content\/uploads\/usu86\/2025\/02\/2n-premi-300x169.jpg\" alt=\"\" width=\"300\" height=\"169\" srcset=\"https:\/\/agora.xtec.cat\/iesjaumemimo\/wp-content\/uploads\/usu86\/2025\/02\/2n-premi-300x169.jpg 300w, https:\/\/agora.xtec.cat\/iesjaumemimo\/wp-content\/uploads\/usu86\/2025\/02\/2n-premi-768x432.jpg 768w, https:\/\/agora.xtec.cat\/iesjaumemimo\/wp-content\/uploads\/usu86\/2025\/02\/2n-premi.jpg 960w\" sizes=\"auto, (max-width: 300px) 100vw, 300px\" \/> <img loading=\"lazy\" decoding=\"async\" class=\"size-medium wp-image-7475 alignleft\" src=\"https:\/\/agora.xtec.cat\/iesjaumemimo\/wp-content\/uploads\/usu86\/2025\/02\/3r-premi-300x169.jpg\" alt=\"\" width=\"300\" height=\"169\" srcset=\"https:\/\/agora.xtec.cat\/iesjaumemimo\/wp-content\/uploads\/usu86\/2025\/02\/3r-premi-300x169.jpg 300w, https:\/\/agora.xtec.cat\/iesjaumemimo\/wp-content\/uploads\/usu86\/2025\/02\/3r-premi-768x432.jpg 768w, https:\/\/agora.xtec.cat\/iesjaumemimo\/wp-content\/uploads\/usu86\/2025\/02\/3r-premi.jpg 960w\" sizes=\"auto, (max-width: 300px) 100vw, 300px\" \/><\/p>\n","protected":false},"excerpt":{"rendered":"<p>Des de la Comissi\u00f3 Erasmus+ de l\u2019Institut Jaume Mim\u00f3 es va encarregar a l\u2019alumnat de l\u2019assignatura de Disseny de 2n de batxillerat art\u00edstic que cre\u00e9s la marca gr\u00e0fica del projecte Erasmus+ del curs 24\/25.\u2708\ufe0f\ud83c\udf0d Tot l\u2019alumnat va treballar a classe en aquest enc\u00e0rrec i, despr\u00e9s de fer una selecci\u00f3 de 8 candidats, es va dur [&hellip;]<\/p>\n","protected":false},"author":6,"featured_media":7478,"comment_status":"closed","ping_status":"closed","sticky":false,"template":"","format":"standard","meta":{"_bbp_topic_count":0,"_bbp_reply_count":0,"_bbp_total_topic_count":0,"_bbp_total_reply_count":0,"_bbp_voice_count":0,"_bbp_anonymous_reply_count":0,"_bbp_topic_count_hidden":0,"_bbp_reply_count_hidden":0,"_bbp_forum_subforum_count":0,"site-sidebar-layout":"default","site-content-layout":"","ast-site-content-layout":"","site-content-style":"default","site-sidebar-style":"default","ast-global-header-display":"","ast-banner-title-visibility":"","ast-main-header-display":"","ast-hfb-above-header-display":"","ast-hfb-below-header-display":"","ast-hfb-mobile-header-display":"","site-post-title":"","ast-breadcrumbs-content":"","ast-featured-img":"","footer-sml-layout":"","theme-transparent-header-meta":"","adv-header-id-meta":"","stick-header-meta":"","header-above-stick-meta":"","header-main-stick-meta":"","header-below-stick-meta":"","astra-migrate-meta-layouts":"default","ast-page-background-enabled":"default","ast-page-background-meta":{"desktop":{"background-color":"var(--ast-global-color-4)","background-image":"","background-repeat":"repeat","background-position":"center center","background-size":"auto","background-attachment":"scroll","background-type":"","background-media":"","overlay-type":"","overlay-color":"","overlay-opacity":"","overlay-gradient":""},"tablet":{"background-color":"","background-image":"","background-repeat":"repeat","background-position":"center center","background-size":"auto","background-attachment":"scroll","background-type":"","background-media":"","overlay-type":"","overlay-color":"","overlay-opacity":"","overlay-gradient":""},"mobile":{"background-color":"","background-image":"","background-repeat":"repeat","background-position":"center center","background-size":"auto","background-attachment":"scroll","background-type":"","background-media":"","overlay-type":"","overlay-color":"","overlay-opacity":"","overlay-gradient":""}},"ast-content-background-meta":{"desktop":{"background-color":"var(--ast-global-color-5)","background-image":"","background-repeat":"repeat","background-position":"center center","background-size":"auto","background-attachment":"scroll","background-type":"","background-media":"","overlay-type":"","overlay-color":"","overlay-opacity":"","overlay-gradient":""},"tablet":{"background-color":"var(--ast-global-color-5)","background-image":"","background-repeat":"repeat","background-position":"center center","background-size":"auto","background-attachment":"scroll","background-type":"","background-media":"","overlay-type":"","overlay-color":"","overlay-opacity":"","overlay-gradient":""},"mobile":{"background-color":"var(--ast-global-color-5)","background-image":"","background-repeat":"repeat","background-position":"center center","background-size":"auto","background-attachment":"scroll","background-type":"","background-media":"","overlay-type":"","overlay-color":"","overlay-opacity":"","overlay-gradient":""}},"footnotes":""},"categories":[109,8,173,29],"tags":[],"class_list":["post-7474","post","type-post","status-publish","format-standard","has-post-thumbnail","hentry","category-batx-artistic","category-batxillerat","category-erasmu","category-portada"],"post_mailing_queue_ids":[],"_links":{"self":[{"href":"https:\/\/agora.xtec.cat\/iesjaumemimo\/wp-json\/wp\/v2\/posts\/7474","targetHints":{"allow":["GET"]}}],"collection":[{"href":"https:\/\/agora.xtec.cat\/iesjaumemimo\/wp-json\/wp\/v2\/posts"}],"about":[{"href":"https:\/\/agora.xtec.cat\/iesjaumemimo\/wp-json\/wp\/v2\/types\/post"}],"author":[{"embeddable":true,"href":"https:\/\/agora.xtec.cat\/iesjaumemimo\/wp-json\/wp\/v2\/users\/6"}],"replies":[{"embeddable":true,"href":"https:\/\/agora.xtec.cat\/iesjaumemimo\/wp-json\/wp\/v2\/comments?post=7474"}],"version-history":[{"count":1,"href":"https:\/\/agora.xtec.cat\/iesjaumemimo\/wp-json\/wp\/v2\/posts\/7474\/revisions"}],"predecessor-version":[{"id":7479,"href":"https:\/\/agora.xtec.cat\/iesjaumemimo\/wp-json\/wp\/v2\/posts\/7474\/revisions\/7479"}],"wp:featuredmedia":[{"embeddable":true,"href":"https:\/\/agora.xtec.cat\/iesjaumemimo\/wp-json\/wp\/v2\/media\/7478"}],"wp:attachment":[{"href":"https:\/\/agora.xtec.cat\/iesjaumemimo\/wp-json\/wp\/v2\/media?parent=7474"}],"wp:term":[{"taxonomy":"category","embeddable":true,"href":"https:\/\/agora.xtec.cat\/iesjaumemimo\/wp-json\/wp\/v2\/categories?post=7474"},{"taxonomy":"post_tag","embeddable":true,"href":"https:\/\/agora.xtec.cat\/iesjaumemimo\/wp-json\/wp\/v2\/tags?post=7474"}],"curies":[{"name":"wp","href":"https:\/\/api.w.org\/{rel}","templated":true}]}}