{"id":7462,"date":"2025-01-24T17:44:27","date_gmt":"2025-01-24T16:44:27","guid":{"rendered":"https:\/\/agora.xtec.cat\/iesjaumemimo\/?p=7462"},"modified":"2025-01-24T17:44:48","modified_gmt":"2025-01-24T16:44:48","slug":"creacio-de-poemes-en-parella-a-lassignatura-de-catala-%f0%9f%93%9d","status":"publish","type":"post","link":"https:\/\/agora.xtec.cat\/iesjaumemimo\/eso\/creacio-de-poemes-en-parella-a-lassignatura-de-catala-%f0%9f%93%9d\/","title":{"rendered":"Creaci\u00f3 de poemes en parella a l&#8217;assignatura de catal\u00e0. \ud83d\udcdd"},"content":{"rendered":"<p>Hola a tothom,<\/p>\n<p>Som l&#8217;Asier i el Leroy del grup 32 de tercer d&#8217;ESO. En aquesta publicaci\u00f3, expliquem en qu\u00e8 consisteix un projecte que hem fet a l&#8217;assignatura de Catal\u00e0 durant el 2n bimestre, el grup 32 i 22. Ha consistit a escriure un poema propi en parelles sobre un els subg\u00e8neres\u00a0trobadorescos treballats per posar-ho en pr\u00e0ctica. Els subg\u00e8neres\u00a0eren els seg\u00fcents: sirvent\u00e8s, plany, can\u00e7\u00f3, pastorel\u00b7la\u00a0i alba. Ha estat un projecte que ens ha agradat molt, i no nom\u00e9s a nosaltres, sin\u00f3 a tothom que hi ha participat. Sense dubte, ho tornar\u00edem\u00a0a fer. Per acabar, us deixem les fotografies que mostren aquests poemes que hem elaborat.<\/p>\n<p>Asier i Leroy<\/p>\n<p>&nbsp;<\/p>\n<p><img loading=\"lazy\" decoding=\"async\" class=\"aligncenter wp-image-7463 size-full\" src=\"https:\/\/agora.xtec.cat\/iesjaumemimo\/wp-content\/uploads\/usu86\/2025\/01\/IMG_6503-1.jpg\" alt=\"\" width=\"1024\" height=\"768\" srcset=\"https:\/\/agora.xtec.cat\/iesjaumemimo\/wp-content\/uploads\/usu86\/2025\/01\/IMG_6503-1.jpg 1024w, https:\/\/agora.xtec.cat\/iesjaumemimo\/wp-content\/uploads\/usu86\/2025\/01\/IMG_6503-1-300x225.jpg 300w, https:\/\/agora.xtec.cat\/iesjaumemimo\/wp-content\/uploads\/usu86\/2025\/01\/IMG_6503-1-768x576.jpg 768w, https:\/\/agora.xtec.cat\/iesjaumemimo\/wp-content\/uploads\/usu86\/2025\/01\/IMG_6503-1-200x150.jpg 200w\" sizes=\"auto, (max-width: 1024px) 100vw, 1024px\" \/><\/p>\n","protected":false},"excerpt":{"rendered":"<p>Hola a tothom, Som l&#8217;Asier i el Leroy del grup 32 de tercer d&#8217;ESO. En aquesta publicaci\u00f3, expliquem en qu\u00e8 consisteix un projecte que hem fet a l&#8217;assignatura de Catal\u00e0 durant el 2n bimestre, el grup 32 i 22. Ha consistit a escriure un poema propi en parelles sobre un els subg\u00e8neres\u00a0trobadorescos treballats per posar-ho [&hellip;]<\/p>\n","protected":false},"author":6,"featured_media":7463,"comment_status":"closed","ping_status":"closed","sticky":false,"template":"","format":"standard","meta":{"_bbp_topic_count":0,"_bbp_reply_count":0,"_bbp_total_topic_count":0,"_bbp_total_reply_count":0,"_bbp_voice_count":0,"_bbp_anonymous_reply_count":0,"_bbp_topic_count_hidden":0,"_bbp_reply_count_hidden":0,"_bbp_forum_subforum_count":0,"site-sidebar-layout":"default","site-content-layout":"","ast-site-content-layout":"","site-content-style":"default","site-sidebar-style":"default","ast-global-header-display":"","ast-banner-title-visibility":"","ast-main-header-display":"","ast-hfb-above-header-display":"","ast-hfb-below-header-display":"","ast-hfb-mobile-header-display":"","site-post-title":"","ast-breadcrumbs-content":"","ast-featured-img":"","footer-sml-layout":"","theme-transparent-header-meta":"","adv-header-id-meta":"","stick-header-meta":"","header-above-stick-meta":"","header-main-stick-meta":"","header-below-stick-meta":"","astra-migrate-meta-layouts":"default","ast-page-background-enabled":"default","ast-page-background-meta":{"desktop":{"background-color":"var(--ast-global-color-4)","background-image":"","background-repeat":"repeat","background-position":"center center","background-size":"auto","background-attachment":"scroll","background-type":"","background-media":"","overlay-type":"","overlay-color":"","overlay-opacity":"","overlay-gradient":""},"tablet":{"background-color":"","background-image":"","background-repeat":"repeat","background-position":"center center","background-size":"auto","background-attachment":"scroll","background-type":"","background-media":"","overlay-type":"","overlay-color":"","overlay-opacity":"","overlay-gradient":""},"mobile":{"background-color":"","background-image":"","background-repeat":"repeat","background-position":"center center","background-size":"auto","background-attachment":"scroll","background-type":"","background-media":"","overlay-type":"","overlay-color":"","overlay-opacity":"","overlay-gradient":""}},"ast-content-background-meta":{"desktop":{"background-color":"var(--ast-global-color-5)","background-image":"","background-repeat":"repeat","background-position":"center center","background-size":"auto","background-attachment":"scroll","background-type":"","background-media":"","overlay-type":"","overlay-color":"","overlay-opacity":"","overlay-gradient":""},"tablet":{"background-color":"var(--ast-global-color-5)","background-image":"","background-repeat":"repeat","background-position":"center center","background-size":"auto","background-attachment":"scroll","background-type":"","background-media":"","overlay-type":"","overlay-color":"","overlay-opacity":"","overlay-gradient":""},"mobile":{"background-color":"var(--ast-global-color-5)","background-image":"","background-repeat":"repeat","background-position":"center center","background-size":"auto","background-attachment":"scroll","background-type":"","background-media":"","overlay-type":"","overlay-color":"","overlay-opacity":"","overlay-gradient":""}},"footnotes":""},"categories":[3,29],"tags":[],"class_list":["post-7462","post","type-post","status-publish","format-standard","has-post-thumbnail","hentry","category-eso","category-portada"],"post_mailing_queue_ids":[],"_links":{"self":[{"href":"https:\/\/agora.xtec.cat\/iesjaumemimo\/wp-json\/wp\/v2\/posts\/7462","targetHints":{"allow":["GET"]}}],"collection":[{"href":"https:\/\/agora.xtec.cat\/iesjaumemimo\/wp-json\/wp\/v2\/posts"}],"about":[{"href":"https:\/\/agora.xtec.cat\/iesjaumemimo\/wp-json\/wp\/v2\/types\/post"}],"author":[{"embeddable":true,"href":"https:\/\/agora.xtec.cat\/iesjaumemimo\/wp-json\/wp\/v2\/users\/6"}],"replies":[{"embeddable":true,"href":"https:\/\/agora.xtec.cat\/iesjaumemimo\/wp-json\/wp\/v2\/comments?post=7462"}],"version-history":[{"count":2,"href":"https:\/\/agora.xtec.cat\/iesjaumemimo\/wp-json\/wp\/v2\/posts\/7462\/revisions"}],"predecessor-version":[{"id":7465,"href":"https:\/\/agora.xtec.cat\/iesjaumemimo\/wp-json\/wp\/v2\/posts\/7462\/revisions\/7465"}],"wp:featuredmedia":[{"embeddable":true,"href":"https:\/\/agora.xtec.cat\/iesjaumemimo\/wp-json\/wp\/v2\/media\/7463"}],"wp:attachment":[{"href":"https:\/\/agora.xtec.cat\/iesjaumemimo\/wp-json\/wp\/v2\/media?parent=7462"}],"wp:term":[{"taxonomy":"category","embeddable":true,"href":"https:\/\/agora.xtec.cat\/iesjaumemimo\/wp-json\/wp\/v2\/categories?post=7462"},{"taxonomy":"post_tag","embeddable":true,"href":"https:\/\/agora.xtec.cat\/iesjaumemimo\/wp-json\/wp\/v2\/tags?post=7462"}],"curies":[{"name":"wp","href":"https:\/\/api.w.org\/{rel}","templated":true}]}}