{"id":6553,"date":"2022-10-15T15:00:57","date_gmt":"2022-10-15T13:00:57","guid":{"rendered":"https:\/\/agora.xtec.cat\/iesjaumemimo\/?p=6553"},"modified":"2023-11-28T06:32:03","modified_gmt":"2023-11-28T05:32:03","slug":"identifiquem-les-emocions","status":"publish","type":"post","link":"https:\/\/agora.xtec.cat\/iesjaumemimo\/portada\/identifiquem-les-emocions\/","title":{"rendered":"Identifiquem les emocions"},"content":{"rendered":"<p>L&#8217;alumnat de primer de comer\u00e7 internacional participa en el projecte\u00a0<span class=\"hiddenSpellError\">ComVas<\/span>, un projecte que promou les compet\u00e8ncies i valors en l&#8217;alumnat de Formaci\u00f3 Professional.<br \/>\nLa setmana passada vam poder treballar la identificaci\u00f3 de les emocions. Aquesta es va dur a terme en dues sessions. La primera jugant al joc\u00a0<span class=\"hiddenSpellError\">Em\u00f6tio<\/span>\u00a0on van poder identificar i comunicar m\u00e9s de 40 emocions.<br \/>\nDurant la segona sessi\u00f3, l&#8217;alumnat va crear el seu propi joc amb imatges i fotografies que ells mateixos van seleccionar.<\/p>\n<hr \/>\n<div class=\"traductor-textarea form-group\">\n<div class=\"textarea-desti col-xs-12 col-sm-6\">\n<div class=\"form-control second-textarea\">\n<p>El alumnado de primero de comercio internacional participa en el proyecto\u00a0ComVas, un proyecto que promueve las competencias y valores en el alumnado de Formaci\u00f3n Profesional.<\/p>\n<p>La semana pasada pudimos trabajar la identificaci\u00f3n de las emociones. Esta se llev\u00f3 a cabo en dos sesiones. La primera jugando al juego\u00a0Em\u00f6tio\u00a0donde pudieron identificar y comunicar m\u00e1s de 40 emociones.<br \/>\nDurante la segunda sesi\u00f3n, el alumnado cre\u00f3 su propio juego con im\u00e1genes y fotograf\u00edas que ellos mismos seleccionaron.<\/p>\n<\/div>\n<table style=\"border-collapse: collapse; width: 79.713%; height: 321px;\">\n<tbody>\n<tr>\n<td style=\"width: 33.3333%;\"><img loading=\"lazy\" decoding=\"async\" class=\"aligncenter  wp-image-6554\" src=\"https:\/\/agora.xtec.cat\/iesjaumemimo\/wp-content\/uploads\/usu86\/2023\/11\/Coneixem-les-emocions-1-1024x676.jpg\" alt=\"\" width=\"446\" height=\"294\" srcset=\"https:\/\/agora.xtec.cat\/iesjaumemimo\/wp-content\/uploads\/usu86\/2023\/11\/Coneixem-les-emocions-1-1024x676.jpg 1024w, https:\/\/agora.xtec.cat\/iesjaumemimo\/wp-content\/uploads\/usu86\/2023\/11\/Coneixem-les-emocions-1-300x198.jpg 300w, https:\/\/agora.xtec.cat\/iesjaumemimo\/wp-content\/uploads\/usu86\/2023\/11\/Coneixem-les-emocions-1-768x507.jpg 768w, https:\/\/agora.xtec.cat\/iesjaumemimo\/wp-content\/uploads\/usu86\/2023\/11\/Coneixem-les-emocions-1-1536x1014.jpg 1536w, https:\/\/agora.xtec.cat\/iesjaumemimo\/wp-content\/uploads\/usu86\/2023\/11\/Coneixem-les-emocions-1-2048x1352.jpg 2048w\" sizes=\"auto, (max-width: 446px) 100vw, 446px\" \/><\/td>\n<td style=\"width: 33.3333%;\"><img loading=\"lazy\" decoding=\"async\" class=\"aligncenter  wp-image-6555\" src=\"https:\/\/agora.xtec.cat\/iesjaumemimo\/wp-content\/uploads\/usu86\/2023\/11\/Coneixem-les-emocions-2-1024x620.jpg\" alt=\"\" width=\"504\" height=\"305\" srcset=\"https:\/\/agora.xtec.cat\/iesjaumemimo\/wp-content\/uploads\/usu86\/2023\/11\/Coneixem-les-emocions-2-1024x620.jpg 1024w, https:\/\/agora.xtec.cat\/iesjaumemimo\/wp-content\/uploads\/usu86\/2023\/11\/Coneixem-les-emocions-2-300x182.jpg 300w, https:\/\/agora.xtec.cat\/iesjaumemimo\/wp-content\/uploads\/usu86\/2023\/11\/Coneixem-les-emocions-2-768x465.jpg 768w, https:\/\/agora.xtec.cat\/iesjaumemimo\/wp-content\/uploads\/usu86\/2023\/11\/Coneixem-les-emocions-2-1536x930.jpg 1536w, https:\/\/agora.xtec.cat\/iesjaumemimo\/wp-content\/uploads\/usu86\/2023\/11\/Coneixem-les-emocions-2-2048x1240.jpg 2048w\" sizes=\"auto, (max-width: 504px) 100vw, 504px\" \/><\/td>\n<td style=\"width: 33.3333%;\"><img loading=\"lazy\" decoding=\"async\" class=\"aligncenter wp-image-6556\" src=\"https:\/\/agora.xtec.cat\/iesjaumemimo\/wp-content\/uploads\/usu86\/2023\/11\/JOc-emotio-1024x712.jpg\" alt=\"\" width=\"447\" height=\"310\" srcset=\"https:\/\/agora.xtec.cat\/iesjaumemimo\/wp-content\/uploads\/usu86\/2023\/11\/JOc-emotio-1024x712.jpg 1024w, https:\/\/agora.xtec.cat\/iesjaumemimo\/wp-content\/uploads\/usu86\/2023\/11\/JOc-emotio-300x209.jpg 300w, https:\/\/agora.xtec.cat\/iesjaumemimo\/wp-content\/uploads\/usu86\/2023\/11\/JOc-emotio-768x534.jpg 768w, https:\/\/agora.xtec.cat\/iesjaumemimo\/wp-content\/uploads\/usu86\/2023\/11\/JOc-emotio-1536x1069.jpg 1536w, https:\/\/agora.xtec.cat\/iesjaumemimo\/wp-content\/uploads\/usu86\/2023\/11\/JOc-emotio-2048x1425.jpg 2048w\" sizes=\"auto, (max-width: 447px) 100vw, 447px\" \/><\/td>\n<\/tr>\n<\/tbody>\n<\/table>\n<div><\/div>\n<\/div>\n<div><\/div>\n<\/div>\n<div class=\"traductor-checkbox form-group\">\n<div class=\"row\">\n<div class=\"col-sm-5\"><\/div>\n<div><\/div>\n<div><\/div>\n<\/div>\n<div><img loading=\"lazy\" decoding=\"async\" class=\"aligncenter wp-image-6536\" src=\"https:\/\/agora.xtec.cat\/iesjaumemimo\/wp-content\/uploads\/usu86\/2023\/11\/Logos-Ministerio-1024x122.jpg\" alt=\"\" width=\"923\" height=\"110\" srcset=\"https:\/\/agora.xtec.cat\/iesjaumemimo\/wp-content\/uploads\/usu86\/2023\/11\/Logos-Ministerio-1024x122.jpg 1024w, https:\/\/agora.xtec.cat\/iesjaumemimo\/wp-content\/uploads\/usu86\/2023\/11\/Logos-Ministerio-300x36.jpg 300w, https:\/\/agora.xtec.cat\/iesjaumemimo\/wp-content\/uploads\/usu86\/2023\/11\/Logos-Ministerio-768x92.jpg 768w, https:\/\/agora.xtec.cat\/iesjaumemimo\/wp-content\/uploads\/usu86\/2023\/11\/Logos-Ministerio-1536x183.jpg 1536w, https:\/\/agora.xtec.cat\/iesjaumemimo\/wp-content\/uploads\/usu86\/2023\/11\/Logos-Ministerio-2048x244.jpg 2048w\" sizes=\"auto, (max-width: 923px) 100vw, 923px\" \/><\/div>\n<\/div>\n<p>&nbsp;<\/p>\n<p>&nbsp;<\/p>\n<p>&nbsp;<\/p>\n<p>&nbsp;<\/p>\n","protected":false},"excerpt":{"rendered":"<p>L&#8217;alumnat de primer de comer\u00e7 internacional participa en el projecte\u00a0ComVas, un projecte que promou les compet\u00e8ncies i valors en l&#8217;alumnat de Formaci\u00f3 Professional. La setmana passada vam poder treballar la identificaci\u00f3 de les emocions. Aquesta es va dur a terme en dues sessions. La primera jugant al joc\u00a0Em\u00f6tio\u00a0on van poder identificar i comunicar m\u00e9s de [&hellip;]<\/p>\n","protected":false},"author":6,"featured_media":6555,"comment_status":"closed","ping_status":"closed","sticky":false,"template":"","format":"standard","meta":{"_bbp_topic_count":0,"_bbp_reply_count":0,"_bbp_total_topic_count":0,"_bbp_total_reply_count":0,"_bbp_voice_count":0,"_bbp_anonymous_reply_count":0,"_bbp_topic_count_hidden":0,"_bbp_reply_count_hidden":0,"_bbp_forum_subforum_count":0,"site-sidebar-layout":"default","site-content-layout":"","ast-site-content-layout":"","site-content-style":"default","site-sidebar-style":"default","ast-global-header-display":"","ast-banner-title-visibility":"","ast-main-header-display":"","ast-hfb-above-header-display":"","ast-hfb-below-header-display":"","ast-hfb-mobile-header-display":"","site-post-title":"","ast-breadcrumbs-content":"","ast-featured-img":"","footer-sml-layout":"","theme-transparent-header-meta":"","adv-header-id-meta":"","stick-header-meta":"","header-above-stick-meta":"","header-main-stick-meta":"","header-below-stick-meta":"","astra-migrate-meta-layouts":"default","ast-page-background-enabled":"default","ast-page-background-meta":{"desktop":{"background-color":"var(--ast-global-color-4)","background-image":"","background-repeat":"repeat","background-position":"center center","background-size":"auto","background-attachment":"scroll","background-type":"","background-media":"","overlay-type":"","overlay-color":"","overlay-opacity":"","overlay-gradient":""},"tablet":{"background-color":"","background-image":"","background-repeat":"repeat","background-position":"center center","background-size":"auto","background-attachment":"scroll","background-type":"","background-media":"","overlay-type":"","overlay-color":"","overlay-opacity":"","overlay-gradient":""},"mobile":{"background-color":"","background-image":"","background-repeat":"repeat","background-position":"center center","background-size":"auto","background-attachment":"scroll","background-type":"","background-media":"","overlay-type":"","overlay-color":"","overlay-opacity":"","overlay-gradient":""}},"ast-content-background-meta":{"desktop":{"background-color":"var(--ast-global-color-5)","background-image":"","background-repeat":"repeat","background-position":"center center","background-size":"auto","background-attachment":"scroll","background-type":"","background-media":"","overlay-type":"","overlay-color":"","overlay-opacity":"","overlay-gradient":""},"tablet":{"background-color":"var(--ast-global-color-5)","background-image":"","background-repeat":"repeat","background-position":"center center","background-size":"auto","background-attachment":"scroll","background-type":"","background-media":"","overlay-type":"","overlay-color":"","overlay-opacity":"","overlay-gradient":""},"mobile":{"background-color":"var(--ast-global-color-5)","background-image":"","background-repeat":"repeat","background-position":"center center","background-size":"auto","background-attachment":"scroll","background-type":"","background-media":"","overlay-type":"","overlay-color":"","overlay-opacity":"","overlay-gradient":""}},"footnotes":""},"categories":[29],"tags":[],"class_list":["post-6553","post","type-post","status-publish","format-standard","has-post-thumbnail","hentry","category-portada"],"post_mailing_queue_ids":[],"_links":{"self":[{"href":"https:\/\/agora.xtec.cat\/iesjaumemimo\/wp-json\/wp\/v2\/posts\/6553","targetHints":{"allow":["GET"]}}],"collection":[{"href":"https:\/\/agora.xtec.cat\/iesjaumemimo\/wp-json\/wp\/v2\/posts"}],"about":[{"href":"https:\/\/agora.xtec.cat\/iesjaumemimo\/wp-json\/wp\/v2\/types\/post"}],"author":[{"embeddable":true,"href":"https:\/\/agora.xtec.cat\/iesjaumemimo\/wp-json\/wp\/v2\/users\/6"}],"replies":[{"embeddable":true,"href":"https:\/\/agora.xtec.cat\/iesjaumemimo\/wp-json\/wp\/v2\/comments?post=6553"}],"version-history":[{"count":3,"href":"https:\/\/agora.xtec.cat\/iesjaumemimo\/wp-json\/wp\/v2\/posts\/6553\/revisions"}],"predecessor-version":[{"id":6560,"href":"https:\/\/agora.xtec.cat\/iesjaumemimo\/wp-json\/wp\/v2\/posts\/6553\/revisions\/6560"}],"wp:featuredmedia":[{"embeddable":true,"href":"https:\/\/agora.xtec.cat\/iesjaumemimo\/wp-json\/wp\/v2\/media\/6555"}],"wp:attachment":[{"href":"https:\/\/agora.xtec.cat\/iesjaumemimo\/wp-json\/wp\/v2\/media?parent=6553"}],"wp:term":[{"taxonomy":"category","embeddable":true,"href":"https:\/\/agora.xtec.cat\/iesjaumemimo\/wp-json\/wp\/v2\/categories?post=6553"},{"taxonomy":"post_tag","embeddable":true,"href":"https:\/\/agora.xtec.cat\/iesjaumemimo\/wp-json\/wp\/v2\/tags?post=6553"}],"curies":[{"name":"wp","href":"https:\/\/api.w.org\/{rel}","templated":true}]}}