{"id":5032,"date":"2021-11-05T10:00:12","date_gmt":"2021-11-05T09:00:12","guid":{"rendered":"https:\/\/agora.xtec.cat\/iesjaumemimo\/?p=5032"},"modified":"2021-11-18T11:05:50","modified_gmt":"2021-11-18T10:05:50","slug":"exposicio-viatge-a-tatinutropo-al-hall-de-linstitut","status":"publish","type":"post","link":"https:\/\/agora.xtec.cat\/iesjaumemimo\/portada\/exposicio-viatge-a-tatinutropo-al-hall-de-linstitut\/","title":{"rendered":"Exposici\u00f3 Viatge a Tatinutropo al hall de l&#8217;institut"},"content":{"rendered":"<p>A l&#8217;entrada del centre, hi haur\u00e0 l&#8217;Exposici\u00f3 Viatge a <span class=\"hiddenSpellError\">Tatinutropo<\/span> fins el dia 22 de novembre.<\/p>\n<p>Es tracta d&#8217;una exposici\u00f3 itinerant per combatre prejudicis i rumors contra la diversitat. En diferents panels apareix informaci\u00f3 sobre un viatge volgut o for\u00e7at per les persones refugiades. Passant per diferents moments despr\u00e9s del viatge, l&#8217;arribada, l&#8217;habitatge, l&#8217;escola, la feina i el carrer, perqu\u00e8 ens posem en la pell del que significa ser foraster.<\/p>\n<p>&nbsp;<\/p>\n<p style=\"text-align: center;\"><a href=\"https:\/\/agora.xtec.cat\/iesjaumemimo\/wp-content\/uploads\/usu86\/2021\/11\/TNT_0_Introduccio_1-Lola-Ruiz-Dealda.jpg\"><img loading=\"lazy\" decoding=\"async\" class=\"alignnone size-medium wp-image-5033\" src=\"https:\/\/agora.xtec.cat\/iesjaumemimo\/wp-content\/uploads\/usu86\/2021\/11\/TNT_0_Introduccio_1-Lola-Ruiz-Dealda-126x300.jpg\" alt=\"\" width=\"126\" height=\"300\" srcset=\"https:\/\/agora.xtec.cat\/iesjaumemimo\/wp-content\/uploads\/usu86\/2021\/11\/TNT_0_Introduccio_1-Lola-Ruiz-Dealda-126x300.jpg 126w, https:\/\/agora.xtec.cat\/iesjaumemimo\/wp-content\/uploads\/usu86\/2021\/11\/TNT_0_Introduccio_1-Lola-Ruiz-Dealda.jpg 366w\" sizes=\"auto, (max-width: 126px) 100vw, 126px\" \/><\/a> <a href=\"https:\/\/agora.xtec.cat\/iesjaumemimo\/wp-content\/uploads\/usu86\/2021\/11\/TNT_0_Introduccio_2-Lola-Ruiz-Dealda.jpg\"><img loading=\"lazy\" decoding=\"async\" class=\"alignnone size-medium wp-image-5034\" src=\"https:\/\/agora.xtec.cat\/iesjaumemimo\/wp-content\/uploads\/usu86\/2021\/11\/TNT_0_Introduccio_2-Lola-Ruiz-Dealda-127x300.jpg\" alt=\"\" width=\"127\" height=\"300\" srcset=\"https:\/\/agora.xtec.cat\/iesjaumemimo\/wp-content\/uploads\/usu86\/2021\/11\/TNT_0_Introduccio_2-Lola-Ruiz-Dealda-127x300.jpg 127w, https:\/\/agora.xtec.cat\/iesjaumemimo\/wp-content\/uploads\/usu86\/2021\/11\/TNT_0_Introduccio_2-Lola-Ruiz-Dealda.jpg 371w\" sizes=\"auto, (max-width: 127px) 100vw, 127px\" \/><\/a> <a href=\"https:\/\/agora.xtec.cat\/iesjaumemimo\/wp-content\/uploads\/usu86\/2021\/11\/TNT_0_Introduccio_3-Lola-Ruiz-Dealda.jpg\"><img loading=\"lazy\" decoding=\"async\" class=\"alignnone size-medium wp-image-5035\" src=\"https:\/\/agora.xtec.cat\/iesjaumemimo\/wp-content\/uploads\/usu86\/2021\/11\/TNT_0_Introduccio_3-Lola-Ruiz-Dealda-128x300.jpg\" alt=\"\" width=\"128\" height=\"300\" srcset=\"https:\/\/agora.xtec.cat\/iesjaumemimo\/wp-content\/uploads\/usu86\/2021\/11\/TNT_0_Introduccio_3-Lola-Ruiz-Dealda-128x300.jpg 128w, https:\/\/agora.xtec.cat\/iesjaumemimo\/wp-content\/uploads\/usu86\/2021\/11\/TNT_0_Introduccio_3-Lola-Ruiz-Dealda.jpg 371w\" sizes=\"auto, (max-width: 128px) 100vw, 128px\" \/><\/a> <a href=\"https:\/\/agora.xtec.cat\/iesjaumemimo\/wp-content\/uploads\/usu86\/2021\/11\/TNT_0_Introduccio_4-Lola-Ruiz-Dealda.jpg\"><img loading=\"lazy\" decoding=\"async\" class=\"alignnone size-medium wp-image-5036\" src=\"https:\/\/agora.xtec.cat\/iesjaumemimo\/wp-content\/uploads\/usu86\/2021\/11\/TNT_0_Introduccio_4-Lola-Ruiz-Dealda-126x300.jpg\" alt=\"\" width=\"126\" height=\"300\" srcset=\"https:\/\/agora.xtec.cat\/iesjaumemimo\/wp-content\/uploads\/usu86\/2021\/11\/TNT_0_Introduccio_4-Lola-Ruiz-Dealda-126x300.jpg 126w, https:\/\/agora.xtec.cat\/iesjaumemimo\/wp-content\/uploads\/usu86\/2021\/11\/TNT_0_Introduccio_4-Lola-Ruiz-Dealda.jpg 365w\" sizes=\"auto, (max-width: 126px) 100vw, 126px\" \/><\/a><\/p>\n<p>&nbsp;<\/p>\n<p>&nbsp;<\/p>\n<p>&nbsp;<\/p>\n","protected":false},"excerpt":{"rendered":"<p>A l&#8217;entrada del centre, hi haur\u00e0 l&#8217;Exposici\u00f3 Viatge a Tatinutropo fins el dia 22 de novembre. Es tracta d&#8217;una exposici\u00f3 itinerant per combatre prejudicis i rumors contra la diversitat. En diferents panels apareix informaci\u00f3 sobre un viatge volgut o for\u00e7at per les persones refugiades. Passant per diferents moments despr\u00e9s del viatge, l&#8217;arribada, l&#8217;habitatge, l&#8217;escola, la [&hellip;]<\/p>\n","protected":false},"author":6,"featured_media":5037,"comment_status":"closed","ping_status":"closed","sticky":false,"template":"","format":"standard","meta":{"_bbp_topic_count":0,"_bbp_reply_count":0,"_bbp_total_topic_count":0,"_bbp_total_reply_count":0,"_bbp_voice_count":0,"_bbp_anonymous_reply_count":0,"_bbp_topic_count_hidden":0,"_bbp_reply_count_hidden":0,"_bbp_forum_subforum_count":0,"site-sidebar-layout":"default","site-content-layout":"","ast-site-content-layout":"","site-content-style":"default","site-sidebar-style":"default","ast-global-header-display":"","ast-banner-title-visibility":"","ast-main-header-display":"","ast-hfb-above-header-display":"","ast-hfb-below-header-display":"","ast-hfb-mobile-header-display":"","site-post-title":"","ast-breadcrumbs-content":"","ast-featured-img":"","footer-sml-layout":"","theme-transparent-header-meta":"","adv-header-id-meta":"","stick-header-meta":"","header-above-stick-meta":"","header-main-stick-meta":"","header-below-stick-meta":"","astra-migrate-meta-layouts":"default","ast-page-background-enabled":"default","ast-page-background-meta":{"desktop":{"background-color":"var(--ast-global-color-4)","background-image":"","background-repeat":"repeat","background-position":"center center","background-size":"auto","background-attachment":"scroll","background-type":"","background-media":"","overlay-type":"","overlay-color":"","overlay-opacity":"","overlay-gradient":""},"tablet":{"background-color":"","background-image":"","background-repeat":"repeat","background-position":"center center","background-size":"auto","background-attachment":"scroll","background-type":"","background-media":"","overlay-type":"","overlay-color":"","overlay-opacity":"","overlay-gradient":""},"mobile":{"background-color":"","background-image":"","background-repeat":"repeat","background-position":"center center","background-size":"auto","background-attachment":"scroll","background-type":"","background-media":"","overlay-type":"","overlay-color":"","overlay-opacity":"","overlay-gradient":""}},"ast-content-background-meta":{"desktop":{"background-color":"var(--ast-global-color-5)","background-image":"","background-repeat":"repeat","background-position":"center center","background-size":"auto","background-attachment":"scroll","background-type":"","background-media":"","overlay-type":"","overlay-color":"","overlay-opacity":"","overlay-gradient":""},"tablet":{"background-color":"var(--ast-global-color-5)","background-image":"","background-repeat":"repeat","background-position":"center center","background-size":"auto","background-attachment":"scroll","background-type":"","background-media":"","overlay-type":"","overlay-color":"","overlay-opacity":"","overlay-gradient":""},"mobile":{"background-color":"var(--ast-global-color-5)","background-image":"","background-repeat":"repeat","background-position":"center center","background-size":"auto","background-attachment":"scroll","background-type":"","background-media":"","overlay-type":"","overlay-color":"","overlay-opacity":"","overlay-gradient":""}},"footnotes":""},"categories":[29],"tags":[],"class_list":["post-5032","post","type-post","status-publish","format-standard","has-post-thumbnail","hentry","category-portada"],"post_mailing_queue_ids":[],"_links":{"self":[{"href":"https:\/\/agora.xtec.cat\/iesjaumemimo\/wp-json\/wp\/v2\/posts\/5032","targetHints":{"allow":["GET"]}}],"collection":[{"href":"https:\/\/agora.xtec.cat\/iesjaumemimo\/wp-json\/wp\/v2\/posts"}],"about":[{"href":"https:\/\/agora.xtec.cat\/iesjaumemimo\/wp-json\/wp\/v2\/types\/post"}],"author":[{"embeddable":true,"href":"https:\/\/agora.xtec.cat\/iesjaumemimo\/wp-json\/wp\/v2\/users\/6"}],"replies":[{"embeddable":true,"href":"https:\/\/agora.xtec.cat\/iesjaumemimo\/wp-json\/wp\/v2\/comments?post=5032"}],"version-history":[{"count":3,"href":"https:\/\/agora.xtec.cat\/iesjaumemimo\/wp-json\/wp\/v2\/posts\/5032\/revisions"}],"predecessor-version":[{"id":5076,"href":"https:\/\/agora.xtec.cat\/iesjaumemimo\/wp-json\/wp\/v2\/posts\/5032\/revisions\/5076"}],"wp:featuredmedia":[{"embeddable":true,"href":"https:\/\/agora.xtec.cat\/iesjaumemimo\/wp-json\/wp\/v2\/media\/5037"}],"wp:attachment":[{"href":"https:\/\/agora.xtec.cat\/iesjaumemimo\/wp-json\/wp\/v2\/media?parent=5032"}],"wp:term":[{"taxonomy":"category","embeddable":true,"href":"https:\/\/agora.xtec.cat\/iesjaumemimo\/wp-json\/wp\/v2\/categories?post=5032"},{"taxonomy":"post_tag","embeddable":true,"href":"https:\/\/agora.xtec.cat\/iesjaumemimo\/wp-json\/wp\/v2\/tags?post=5032"}],"curies":[{"name":"wp","href":"https:\/\/api.w.org\/{rel}","templated":true}]}}