{"id":3421,"date":"2018-11-20T23:08:53","date_gmt":"2018-11-20T22:08:53","guid":{"rendered":"http:\/\/agora.xtec.cat\/iesjaumemimo\/?p=3421"},"modified":"2018-11-20T23:09:17","modified_gmt":"2018-11-20T22:09:17","slug":"tnl-mobilicat-2019","status":"publish","type":"post","link":"https:\/\/agora.xtec.cat\/iesjaumemimo\/portada\/tnl-mobilicat-2019\/","title":{"rendered":"TNL Mobilicat 2019"},"content":{"rendered":"<p>S&#8217;ha obert una <a href=\"http:\/\/www.fundaciobcnfp.cat\/index.php\/ca\/projectes\/813-tln-mobilicat\" target=\"_blank\" rel=\"noopener\">nova edici\u00f3 del projecte TLN Mobilicat<\/a>, que t\u00e9 l\u2019objectiu de promoure la inserci\u00f3 laboral de qualitat de graduats en formaci\u00f3 professional mitjan\u00e7ant la creaci\u00f3 d\u2019un itinerari personalitzat d\u2019acompanyament i suport amb aprenentatge pr\u00e0ctic i formatiu a diferents ciutats d\u2019Europa: Lisboa, Munic i Anvers.<\/p>\n<p><a href=\"https:\/\/drive.google.com\/open?id=1SewQi2IuD5HOt92cprSLv6AzXgvjwb2x\" target=\"_blank\" rel=\"noopener\"><img loading=\"lazy\" decoding=\"async\" class=\"alignnone wp-image-741\" src=\"https:\/\/agora.xtec.cat\/iesjaumemimo\/wp-content\/uploads\/usu86\/2015\/09\/pdf-e1442179728724.png\" alt=\"\" width=\"50\" height=\"50\" \/><\/a><\/p>\n<p><img loading=\"lazy\" decoding=\"async\" class=\"alignnone wp-image-3422\" src=\"https:\/\/agora.xtec.cat\/iesjaumemimo\/wp-content\/uploads\/usu86\/2018\/11\/TLN_Mobilicat_2019_web.png\" alt=\"\" width=\"350\" height=\"493\" srcset=\"https:\/\/agora.xtec.cat\/iesjaumemimo\/wp-content\/uploads\/usu86\/2018\/11\/TLN_Mobilicat_2019_web.png 610w, https:\/\/agora.xtec.cat\/iesjaumemimo\/wp-content\/uploads\/usu86\/2018\/11\/TLN_Mobilicat_2019_web-213x300.png 213w\" sizes=\"auto, (max-width: 350px) 100vw, 350px\" \/><\/p>\n<p>Hi poden participar:<\/p>\n<ul style=\"list-style-type: square;\">\n<li>Aquells joves que compleixin els requisits del programa de Garantia Juvenil (edat, experi\u00e8ncia professional, ocupaci\u00f3,\u00a0 empadronament, etc.).<\/li>\n<li>Joves amb coneixements de llengua anglesa o la pr\u00f2pia del pa\u00eds de dest\u00ed igual o equivalent a un nivell B1.<\/li>\n<li>Graduats en formaci\u00f3 professional (grau mitj\u00e0 i superior) de les fam\u00edlies professionals indicades en el <a href=\"http:\/\/www.fundaciobcnfp.cat\/index.php\/ca\/projectes\/813-tln-mobilicat\" target=\"_blank\" rel=\"noopener\">web de la convocat\u00f2ria<\/a> per a cada ciutat.<\/li>\n<\/ul>\n<p>Els terminis s\u00f3n els seg\u00fcents:<\/p>\n<ul>\n<li>Selecci\u00f3 dels candidats: fins el 18 de gener de 2019.<\/li>\n<li>Formaci\u00f3 ling\u00fc\u00edstica: febrer-mar\u00e7 de 2019.<\/li>\n<li>Formaci\u00f3 pr\u00e0ctica a les ciutats de dest\u00ed: abril \u2013 juny de 2019.<\/li>\n<\/ul>\n<p><strong>El per\u00edode d\u2019inscripci\u00f3 finalitza el 13 de gener de 2019.<\/strong><\/p>\n","protected":false},"excerpt":{"rendered":"<p>S&#8217;ha obert una nova edici\u00f3 del projecte TLN Mobilicat, que t\u00e9 l\u2019objectiu de promoure la inserci\u00f3 laboral de qualitat de graduats en formaci\u00f3 professional mitjan\u00e7ant la creaci\u00f3 d\u2019un itinerari personalitzat d\u2019acompanyament i suport amb aprenentatge pr\u00e0ctic i formatiu a diferents ciutats d\u2019Europa: Lisboa, Munic i Anvers. Hi poden participar: Aquells joves que compleixin els requisits [&hellip;]<\/p>\n","protected":false},"author":1,"featured_media":3422,"comment_status":"closed","ping_status":"closed","sticky":false,"template":"","format":"standard","meta":{"_bbp_topic_count":0,"_bbp_reply_count":0,"_bbp_total_topic_count":0,"_bbp_total_reply_count":0,"_bbp_voice_count":0,"_bbp_anonymous_reply_count":0,"_bbp_topic_count_hidden":0,"_bbp_reply_count_hidden":0,"_bbp_forum_subforum_count":0,"site-sidebar-layout":"default","site-content-layout":"","ast-site-content-layout":"","site-content-style":"default","site-sidebar-style":"default","ast-global-header-display":"","ast-banner-title-visibility":"","ast-main-header-display":"","ast-hfb-above-header-display":"","ast-hfb-below-header-display":"","ast-hfb-mobile-header-display":"","site-post-title":"","ast-breadcrumbs-content":"","ast-featured-img":"","footer-sml-layout":"","theme-transparent-header-meta":"","adv-header-id-meta":"","stick-header-meta":"","header-above-stick-meta":"","header-main-stick-meta":"","header-below-stick-meta":"","astra-migrate-meta-layouts":"default","ast-page-background-enabled":"default","ast-page-background-meta":{"desktop":{"background-color":"var(--ast-global-color-4)","background-image":"","background-repeat":"repeat","background-position":"center center","background-size":"auto","background-attachment":"scroll","background-type":"","background-media":"","overlay-type":"","overlay-color":"","overlay-opacity":"","overlay-gradient":""},"tablet":{"background-color":"","background-image":"","background-repeat":"repeat","background-position":"center center","background-size":"auto","background-attachment":"scroll","background-type":"","background-media":"","overlay-type":"","overlay-color":"","overlay-opacity":"","overlay-gradient":""},"mobile":{"background-color":"","background-image":"","background-repeat":"repeat","background-position":"center center","background-size":"auto","background-attachment":"scroll","background-type":"","background-media":"","overlay-type":"","overlay-color":"","overlay-opacity":"","overlay-gradient":""}},"ast-content-background-meta":{"desktop":{"background-color":"var(--ast-global-color-5)","background-image":"","background-repeat":"repeat","background-position":"center center","background-size":"auto","background-attachment":"scroll","background-type":"","background-media":"","overlay-type":"","overlay-color":"","overlay-opacity":"","overlay-gradient":""},"tablet":{"background-color":"var(--ast-global-color-5)","background-image":"","background-repeat":"repeat","background-position":"center center","background-size":"auto","background-attachment":"scroll","background-type":"","background-media":"","overlay-type":"","overlay-color":"","overlay-opacity":"","overlay-gradient":""},"mobile":{"background-color":"var(--ast-global-color-5)","background-image":"","background-repeat":"repeat","background-position":"center center","background-size":"auto","background-attachment":"scroll","background-type":"","background-media":"","overlay-type":"","overlay-color":"","overlay-opacity":"","overlay-gradient":""}},"footnotes":""},"categories":[30,68,29],"tags":[],"class_list":["post-3421","post","type-post","status-publish","format-standard","has-post-thumbnail","hentry","category-cicles-formatius","category-comerc","category-portada"],"post_mailing_queue_ids":[],"_links":{"self":[{"href":"https:\/\/agora.xtec.cat\/iesjaumemimo\/wp-json\/wp\/v2\/posts\/3421","targetHints":{"allow":["GET"]}}],"collection":[{"href":"https:\/\/agora.xtec.cat\/iesjaumemimo\/wp-json\/wp\/v2\/posts"}],"about":[{"href":"https:\/\/agora.xtec.cat\/iesjaumemimo\/wp-json\/wp\/v2\/types\/post"}],"author":[{"embeddable":true,"href":"https:\/\/agora.xtec.cat\/iesjaumemimo\/wp-json\/wp\/v2\/users\/1"}],"replies":[{"embeddable":true,"href":"https:\/\/agora.xtec.cat\/iesjaumemimo\/wp-json\/wp\/v2\/comments?post=3421"}],"version-history":[{"count":1,"href":"https:\/\/agora.xtec.cat\/iesjaumemimo\/wp-json\/wp\/v2\/posts\/3421\/revisions"}],"predecessor-version":[{"id":3424,"href":"https:\/\/agora.xtec.cat\/iesjaumemimo\/wp-json\/wp\/v2\/posts\/3421\/revisions\/3424"}],"wp:featuredmedia":[{"embeddable":true,"href":"https:\/\/agora.xtec.cat\/iesjaumemimo\/wp-json\/wp\/v2\/media\/3422"}],"wp:attachment":[{"href":"https:\/\/agora.xtec.cat\/iesjaumemimo\/wp-json\/wp\/v2\/media?parent=3421"}],"wp:term":[{"taxonomy":"category","embeddable":true,"href":"https:\/\/agora.xtec.cat\/iesjaumemimo\/wp-json\/wp\/v2\/categories?post=3421"},{"taxonomy":"post_tag","embeddable":true,"href":"https:\/\/agora.xtec.cat\/iesjaumemimo\/wp-json\/wp\/v2\/tags?post=3421"}],"curies":[{"name":"wp","href":"https:\/\/api.w.org\/{rel}","templated":true}]}}