{"id":2903,"date":"2018-03-19T12:28:55","date_gmt":"2018-03-19T11:28:55","guid":{"rendered":"http:\/\/agora.xtec.cat\/iesjaumemimo\/?p=2903"},"modified":"2018-03-19T12:31:21","modified_gmt":"2018-03-19T11:31:21","slug":"visita-al-shipping-transport-college","status":"publish","type":"post","link":"https:\/\/agora.xtec.cat\/iesjaumemimo\/portada\/visita-al-shipping-transport-college\/","title":{"rendered":"Visita al Shipping &#038; Transport College"},"content":{"rendered":"<p>Del 13 al 14 de mar\u00e7 els professors V\u00edctor P\u00e9rez i Marta Trallero han visitat durant dos dies el centre holandes <em>Shipping &amp; Transport College (STC MBO<\/em>) de Rotterdam, prestigi\u00f3s institut situat al port de Rotterdam especialitzat en transport i log\u00edstica.<br \/>\nEns han convidat a visitar el port de Rotterdam en vaixell i la terminal de contenidors m\u00e9s important del port.<br \/>\nDurant les reunions mantingudes hem intercanviat informaci\u00f3 d&#8217;ambd\u00f3s centres i hem visitat les seves instal\u00b7lacions i les seves aules.<br \/>\nEl proper 25 d&#8217;abril ens visitaran tres professors d&#8217;aquest centre per tal de poder acabar de definir la nostra futura col\u00b7laboraci\u00f3.<br \/>\nMolt agra\u00efts per la magn\u00edfica acollida que ens han fet.<\/p>\n<p><img loading=\"lazy\" decoding=\"async\" class=\"wp-image-2904 aligncenter\" src=\"http:\/\/agora.xtec.cat\/iesjaumemimo\/wp-content\/uploads\/usu86\/2018\/03\/IMG_20180313_123533-300x168.jpg\" alt=\"\" width=\"450\" height=\"253\" srcset=\"https:\/\/agora.xtec.cat\/iesjaumemimo\/wp-content\/uploads\/usu86\/2018\/03\/IMG_20180313_123533-300x168.jpg 300w, https:\/\/agora.xtec.cat\/iesjaumemimo\/wp-content\/uploads\/usu86\/2018\/03\/IMG_20180313_123533-768x431.jpg 768w, https:\/\/agora.xtec.cat\/iesjaumemimo\/wp-content\/uploads\/usu86\/2018\/03\/IMG_20180313_123533.jpg 800w\" sizes=\"auto, (max-width: 450px) 100vw, 450px\" \/><\/p>\n<p><img loading=\"lazy\" decoding=\"async\" class=\"wp-image-2905 aligncenter\" src=\"http:\/\/agora.xtec.cat\/iesjaumemimo\/wp-content\/uploads\/usu86\/2018\/03\/IMG_20180313_140436-300x168.jpg\" alt=\"\" width=\"450\" height=\"253\" srcset=\"https:\/\/agora.xtec.cat\/iesjaumemimo\/wp-content\/uploads\/usu86\/2018\/03\/IMG_20180313_140436-300x168.jpg 300w, https:\/\/agora.xtec.cat\/iesjaumemimo\/wp-content\/uploads\/usu86\/2018\/03\/IMG_20180313_140436-768x431.jpg 768w, https:\/\/agora.xtec.cat\/iesjaumemimo\/wp-content\/uploads\/usu86\/2018\/03\/IMG_20180313_140436.jpg 800w\" sizes=\"auto, (max-width: 450px) 100vw, 450px\" \/><\/p>\n<p>&nbsp;<\/p>\n<p><em>V\u00edctor P\u00e9rez and Marta Trallero, teachers at Jaume Mim\u00f3, visited the Shipping &amp; Transport College (STC MOB) in Rotterdam, the Netherlands, from 13th to 14th March. This prestigious college, located in the port of Rotterdam, is specialized in transport &amp; logistics.<\/em><br \/>\n<em>We could visit the port on a boat tour and we were able to see the most important container terminal.<\/em><br \/>\n<em>During the meeting, we exchanged information from both colleges and visited their facilities and classrooms in Rotterdam.<\/em><br \/>\n<em>Next April 25th, three teachers from STC are coming to Jaume Mim\u00f3 in Cerdanyola. We are looking forward to their visit and future collaboration between the two colleges.<\/em><br \/>\n<em>We are very grateful for the excellent and warm welcome.<\/em><\/p>\n<p><img loading=\"lazy\" decoding=\"async\" class=\"wp-image-2906 aligncenter\" src=\"http:\/\/agora.xtec.cat\/iesjaumemimo\/wp-content\/uploads\/usu86\/2018\/03\/IMG_20180314_113428-300x168.jpg\" alt=\"\" width=\"450\" height=\"253\" srcset=\"https:\/\/agora.xtec.cat\/iesjaumemimo\/wp-content\/uploads\/usu86\/2018\/03\/IMG_20180314_113428-300x168.jpg 300w, https:\/\/agora.xtec.cat\/iesjaumemimo\/wp-content\/uploads\/usu86\/2018\/03\/IMG_20180314_113428-768x431.jpg 768w, https:\/\/agora.xtec.cat\/iesjaumemimo\/wp-content\/uploads\/usu86\/2018\/03\/IMG_20180314_113428.jpg 800w\" sizes=\"auto, (max-width: 450px) 100vw, 450px\" \/><\/p>\n<p><img loading=\"lazy\" decoding=\"async\" class=\"wp-image-2907 aligncenter\" src=\"http:\/\/agora.xtec.cat\/iesjaumemimo\/wp-content\/uploads\/usu86\/2018\/03\/IMG_20180314_115754-300x168.jpg\" alt=\"\" width=\"450\" height=\"253\" srcset=\"https:\/\/agora.xtec.cat\/iesjaumemimo\/wp-content\/uploads\/usu86\/2018\/03\/IMG_20180314_115754-300x168.jpg 300w, https:\/\/agora.xtec.cat\/iesjaumemimo\/wp-content\/uploads\/usu86\/2018\/03\/IMG_20180314_115754-768x431.jpg 768w, https:\/\/agora.xtec.cat\/iesjaumemimo\/wp-content\/uploads\/usu86\/2018\/03\/IMG_20180314_115754.jpg 800w\" sizes=\"auto, (max-width: 450px) 100vw, 450px\" \/><\/p>\n<p><img loading=\"lazy\" decoding=\"async\" class=\"wp-image-2908 aligncenter\" src=\"http:\/\/agora.xtec.cat\/iesjaumemimo\/wp-content\/uploads\/usu86\/2018\/03\/IMG_20180314_133031-300x168.jpg\" alt=\"\" width=\"450\" height=\"253\" srcset=\"https:\/\/agora.xtec.cat\/iesjaumemimo\/wp-content\/uploads\/usu86\/2018\/03\/IMG_20180314_133031-300x168.jpg 300w, https:\/\/agora.xtec.cat\/iesjaumemimo\/wp-content\/uploads\/usu86\/2018\/03\/IMG_20180314_133031-768x431.jpg 768w, https:\/\/agora.xtec.cat\/iesjaumemimo\/wp-content\/uploads\/usu86\/2018\/03\/IMG_20180314_133031.jpg 800w\" sizes=\"auto, (max-width: 450px) 100vw, 450px\" \/><\/p>\n<p><img loading=\"lazy\" decoding=\"async\" class=\"aligncenter wp-image-2910 size-full\" src=\"http:\/\/agora.xtec.cat\/iesjaumemimo\/wp-content\/uploads\/usu86\/2018\/03\/IMG_20180314_130507.jpg\" alt=\"\" width=\"281\" height=\"500\" srcset=\"https:\/\/agora.xtec.cat\/iesjaumemimo\/wp-content\/uploads\/usu86\/2018\/03\/IMG_20180314_130507.jpg 281w, https:\/\/agora.xtec.cat\/iesjaumemimo\/wp-content\/uploads\/usu86\/2018\/03\/IMG_20180314_130507-169x300.jpg 169w\" sizes=\"auto, (max-width: 281px) 100vw, 281px\" \/><\/p>\n<p>&nbsp;<\/p>\n<p>&nbsp;<\/p>\n","protected":false},"excerpt":{"rendered":"<p>Del 13 al 14 de mar\u00e7 els professors V\u00edctor P\u00e9rez i Marta Trallero han visitat durant dos dies el centre holandes Shipping &amp; Transport College (STC MBO) de Rotterdam, prestigi\u00f3s institut situat al port de Rotterdam especialitzat en transport i log\u00edstica. Ens han convidat a visitar el port de Rotterdam en vaixell i la terminal [&hellip;]<\/p>\n","protected":false},"author":1,"featured_media":2906,"comment_status":"closed","ping_status":"closed","sticky":false,"template":"","format":"standard","meta":{"_bbp_topic_count":0,"_bbp_reply_count":0,"_bbp_total_topic_count":0,"_bbp_total_reply_count":0,"_bbp_voice_count":0,"_bbp_anonymous_reply_count":0,"_bbp_topic_count_hidden":0,"_bbp_reply_count_hidden":0,"_bbp_forum_subforum_count":0,"site-sidebar-layout":"default","site-content-layout":"","ast-site-content-layout":"","site-content-style":"default","site-sidebar-style":"default","ast-global-header-display":"","ast-banner-title-visibility":"","ast-main-header-display":"","ast-hfb-above-header-display":"","ast-hfb-below-header-display":"","ast-hfb-mobile-header-display":"","site-post-title":"","ast-breadcrumbs-content":"","ast-featured-img":"","footer-sml-layout":"","theme-transparent-header-meta":"","adv-header-id-meta":"","stick-header-meta":"","header-above-stick-meta":"","header-main-stick-meta":"","header-below-stick-meta":"","astra-migrate-meta-layouts":"default","ast-page-background-enabled":"default","ast-page-background-meta":{"desktop":{"background-color":"var(--ast-global-color-4)","background-image":"","background-repeat":"repeat","background-position":"center center","background-size":"auto","background-attachment":"scroll","background-type":"","background-media":"","overlay-type":"","overlay-color":"","overlay-opacity":"","overlay-gradient":""},"tablet":{"background-color":"","background-image":"","background-repeat":"repeat","background-position":"center center","background-size":"auto","background-attachment":"scroll","background-type":"","background-media":"","overlay-type":"","overlay-color":"","overlay-opacity":"","overlay-gradient":""},"mobile":{"background-color":"","background-image":"","background-repeat":"repeat","background-position":"center center","background-size":"auto","background-attachment":"scroll","background-type":"","background-media":"","overlay-type":"","overlay-color":"","overlay-opacity":"","overlay-gradient":""}},"ast-content-background-meta":{"desktop":{"background-color":"var(--ast-global-color-5)","background-image":"","background-repeat":"repeat","background-position":"center center","background-size":"auto","background-attachment":"scroll","background-type":"","background-media":"","overlay-type":"","overlay-color":"","overlay-opacity":"","overlay-gradient":""},"tablet":{"background-color":"var(--ast-global-color-5)","background-image":"","background-repeat":"repeat","background-position":"center center","background-size":"auto","background-attachment":"scroll","background-type":"","background-media":"","overlay-type":"","overlay-color":"","overlay-opacity":"","overlay-gradient":""},"mobile":{"background-color":"var(--ast-global-color-5)","background-image":"","background-repeat":"repeat","background-position":"center center","background-size":"auto","background-attachment":"scroll","background-type":"","background-media":"","overlay-type":"","overlay-color":"","overlay-opacity":"","overlay-gradient":""}},"footnotes":""},"categories":[30,68,80,29],"tags":[],"class_list":["post-2903","post","type-post","status-publish","format-standard","has-post-thumbnail","hentry","category-cicles-formatius","category-comerc","category-erasmus","category-portada"],"post_mailing_queue_ids":[],"_links":{"self":[{"href":"https:\/\/agora.xtec.cat\/iesjaumemimo\/wp-json\/wp\/v2\/posts\/2903","targetHints":{"allow":["GET"]}}],"collection":[{"href":"https:\/\/agora.xtec.cat\/iesjaumemimo\/wp-json\/wp\/v2\/posts"}],"about":[{"href":"https:\/\/agora.xtec.cat\/iesjaumemimo\/wp-json\/wp\/v2\/types\/post"}],"author":[{"embeddable":true,"href":"https:\/\/agora.xtec.cat\/iesjaumemimo\/wp-json\/wp\/v2\/users\/1"}],"replies":[{"embeddable":true,"href":"https:\/\/agora.xtec.cat\/iesjaumemimo\/wp-json\/wp\/v2\/comments?post=2903"}],"version-history":[{"count":2,"href":"https:\/\/agora.xtec.cat\/iesjaumemimo\/wp-json\/wp\/v2\/posts\/2903\/revisions"}],"predecessor-version":[{"id":2911,"href":"https:\/\/agora.xtec.cat\/iesjaumemimo\/wp-json\/wp\/v2\/posts\/2903\/revisions\/2911"}],"wp:featuredmedia":[{"embeddable":true,"href":"https:\/\/agora.xtec.cat\/iesjaumemimo\/wp-json\/wp\/v2\/media\/2906"}],"wp:attachment":[{"href":"https:\/\/agora.xtec.cat\/iesjaumemimo\/wp-json\/wp\/v2\/media?parent=2903"}],"wp:term":[{"taxonomy":"category","embeddable":true,"href":"https:\/\/agora.xtec.cat\/iesjaumemimo\/wp-json\/wp\/v2\/categories?post=2903"},{"taxonomy":"post_tag","embeddable":true,"href":"https:\/\/agora.xtec.cat\/iesjaumemimo\/wp-json\/wp\/v2\/tags?post=2903"}],"curies":[{"name":"wp","href":"https:\/\/api.w.org\/{rel}","templated":true}]}}