{"id":2476,"date":"2017-06-22T13:05:47","date_gmt":"2017-06-22T11:05:47","guid":{"rendered":"http:\/\/agora.xtec.cat\/iesjaumemimo\/?p=2476"},"modified":"2018-04-15T17:59:04","modified_gmt":"2018-04-15T15:59:04","slug":"video-home-sweet-home","status":"publish","type":"post","link":"https:\/\/agora.xtec.cat\/iesjaumemimo\/eso\/video-home-sweet-home\/","title":{"rendered":"V\u00eddeo &#8220;Home, sweet home&#8221;"},"content":{"rendered":"<p>Ja podeu veure el v\u00eddeo de l&#8217;actuaci\u00f3 dels alumnes de 3r d\u2019ESO presentant l\u2019obra \u201cHome, sweet home\u201d al mes de mar\u00e7 a l\u2019Ateneu de Cerdanyola, tot dintre del projecte \u201c5days2dance\u201d. L&#8217;actuaci\u00f3 va ser el resultat de cinc dies de treball dels alumnes de 3r, en el que va ser per la majoria el primer contacte amb la dansa i l&#8217;expressi\u00f3 amb el propi cos. M\u00e9s informacions d&#8217;enguany d&#8217;aquest projecte <a href=\"http:\/\/agora.xtec.cat\/iesjaumemimo\/eso\/actuacio-5days2dance\/\" target=\"_blank\" rel=\"noopener noreferrer\">aqu\u00ed <\/a>i <a href=\"http:\/\/agora.xtec.cat\/iesjaumemimo\/eso\/home-sweet-home\/\" target=\"_blank\" rel=\"noopener noreferrer\">aqu\u00ed<\/a>. Amb el suport de:<\/p>\n<p><img loading=\"lazy\" decoding=\"async\" class=\"alignnone size-medium wp-image-2077\" src=\"http:\/\/agora.xtec.cat\/iesjaumemimo\/wp-content\/uploads\/usu86\/2016\/04\/i\u0301ndice-300x96.png\" alt=\"\" width=\"300\" height=\"96\" srcset=\"https:\/\/agora.xtec.cat\/iesjaumemimo\/wp-content\/uploads\/usu86\/2016\/04\/i\u0301ndice-300x96.png 300w, https:\/\/agora.xtec.cat\/iesjaumemimo\/wp-content\/uploads\/usu86\/2016\/04\/i\u0301ndice.png 396w\" sizes=\"auto, (max-width: 300px) 100vw, 300px\" \/><\/p>\n<p><iframe loading=\"lazy\" src=\"https:\/\/www.youtube.com\/embed\/NMoNxUzhdz4\" width=\"640\" height=\"360\" frameborder=\"0\" allowfullscreen=\"allowfullscreen\"><\/iframe><\/p>\n","protected":false},"excerpt":{"rendered":"<p>Ja podeu veure el v\u00eddeo de l&#8217;actuaci\u00f3 dels alumnes de 3r d\u2019ESO presentant l\u2019obra \u201cHome, sweet home\u201d al mes de mar\u00e7 a l\u2019Ateneu de Cerdanyola, tot dintre del projecte \u201c5days2dance\u201d. L&#8217;actuaci\u00f3 va ser el resultat de cinc dies de treball dels alumnes de 3r, en el que va ser per la majoria el primer contacte [&hellip;]<\/p>\n","protected":false},"author":1,"featured_media":2477,"comment_status":"closed","ping_status":"closed","sticky":false,"template":"","format":"standard","meta":{"_bbp_topic_count":0,"_bbp_reply_count":0,"_bbp_total_topic_count":0,"_bbp_total_reply_count":0,"_bbp_voice_count":0,"_bbp_anonymous_reply_count":0,"_bbp_topic_count_hidden":0,"_bbp_reply_count_hidden":0,"_bbp_forum_subforum_count":0,"site-sidebar-layout":"default","site-content-layout":"","ast-site-content-layout":"","site-content-style":"default","site-sidebar-style":"default","ast-global-header-display":"","ast-banner-title-visibility":"","ast-main-header-display":"","ast-hfb-above-header-display":"","ast-hfb-below-header-display":"","ast-hfb-mobile-header-display":"","site-post-title":"","ast-breadcrumbs-content":"","ast-featured-img":"","footer-sml-layout":"","theme-transparent-header-meta":"","adv-header-id-meta":"","stick-header-meta":"","header-above-stick-meta":"","header-main-stick-meta":"","header-below-stick-meta":"","astra-migrate-meta-layouts":"default","ast-page-background-enabled":"default","ast-page-background-meta":{"desktop":{"background-color":"var(--ast-global-color-4)","background-image":"","background-repeat":"repeat","background-position":"center center","background-size":"auto","background-attachment":"scroll","background-type":"","background-media":"","overlay-type":"","overlay-color":"","overlay-opacity":"","overlay-gradient":""},"tablet":{"background-color":"","background-image":"","background-repeat":"repeat","background-position":"center center","background-size":"auto","background-attachment":"scroll","background-type":"","background-media":"","overlay-type":"","overlay-color":"","overlay-opacity":"","overlay-gradient":""},"mobile":{"background-color":"","background-image":"","background-repeat":"repeat","background-position":"center center","background-size":"auto","background-attachment":"scroll","background-type":"","background-media":"","overlay-type":"","overlay-color":"","overlay-opacity":"","overlay-gradient":""}},"ast-content-background-meta":{"desktop":{"background-color":"var(--ast-global-color-5)","background-image":"","background-repeat":"repeat","background-position":"center center","background-size":"auto","background-attachment":"scroll","background-type":"","background-media":"","overlay-type":"","overlay-color":"","overlay-opacity":"","overlay-gradient":""},"tablet":{"background-color":"var(--ast-global-color-5)","background-image":"","background-repeat":"repeat","background-position":"center center","background-size":"auto","background-attachment":"scroll","background-type":"","background-media":"","overlay-type":"","overlay-color":"","overlay-opacity":"","overlay-gradient":""},"mobile":{"background-color":"var(--ast-global-color-5)","background-image":"","background-repeat":"repeat","background-position":"center center","background-size":"auto","background-attachment":"scroll","background-type":"","background-media":"","overlay-type":"","overlay-color":"","overlay-opacity":"","overlay-gradient":""}},"footnotes":""},"categories":[3,6,29],"tags":[],"class_list":["post-2476","post","type-post","status-publish","format-standard","has-post-thumbnail","hentry","category-eso","category-eso-3","category-portada"],"post_mailing_queue_ids":[],"_links":{"self":[{"href":"https:\/\/agora.xtec.cat\/iesjaumemimo\/wp-json\/wp\/v2\/posts\/2476","targetHints":{"allow":["GET"]}}],"collection":[{"href":"https:\/\/agora.xtec.cat\/iesjaumemimo\/wp-json\/wp\/v2\/posts"}],"about":[{"href":"https:\/\/agora.xtec.cat\/iesjaumemimo\/wp-json\/wp\/v2\/types\/post"}],"author":[{"embeddable":true,"href":"https:\/\/agora.xtec.cat\/iesjaumemimo\/wp-json\/wp\/v2\/users\/1"}],"replies":[{"embeddable":true,"href":"https:\/\/agora.xtec.cat\/iesjaumemimo\/wp-json\/wp\/v2\/comments?post=2476"}],"version-history":[{"count":2,"href":"https:\/\/agora.xtec.cat\/iesjaumemimo\/wp-json\/wp\/v2\/posts\/2476\/revisions"}],"predecessor-version":[{"id":2957,"href":"https:\/\/agora.xtec.cat\/iesjaumemimo\/wp-json\/wp\/v2\/posts\/2476\/revisions\/2957"}],"wp:featuredmedia":[{"embeddable":true,"href":"https:\/\/agora.xtec.cat\/iesjaumemimo\/wp-json\/wp\/v2\/media\/2477"}],"wp:attachment":[{"href":"https:\/\/agora.xtec.cat\/iesjaumemimo\/wp-json\/wp\/v2\/media?parent=2476"}],"wp:term":[{"taxonomy":"category","embeddable":true,"href":"https:\/\/agora.xtec.cat\/iesjaumemimo\/wp-json\/wp\/v2\/categories?post=2476"},{"taxonomy":"post_tag","embeddable":true,"href":"https:\/\/agora.xtec.cat\/iesjaumemimo\/wp-json\/wp\/v2\/tags?post=2476"}],"curies":[{"name":"wp","href":"https:\/\/api.w.org\/{rel}","templated":true}]}}