{"id":2464,"date":"2017-06-20T10:01:44","date_gmt":"2017-06-20T08:01:44","guid":{"rendered":"http:\/\/agora.xtec.cat\/iesjaumemimo\/?p=2464"},"modified":"2017-06-20T10:03:49","modified_gmt":"2017-06-20T08:03:49","slug":"acte-de-cloenda-dels-pfi","status":"publish","type":"post","link":"https:\/\/agora.xtec.cat\/iesjaumemimo\/portada\/acte-de-cloenda-dels-pfi\/","title":{"rendered":"Acte de cloenda dels PFI"},"content":{"rendered":"<p>El passat dimecres 14 de Juny va tenir lloc al CAR de Sant Cugat l&#8217;acte de cloenda dels PFI del Vall\u00e8s Occidental. Un acte organitzat per Ensenyament a fi de recon\u00e8ixer la bona tasca que realitzen els diferents instituts del Vall\u00e8s amb els Programes de Formaci\u00f3 i Inserci\u00f3. Com no podia ser d&#8217;altra manera, el nostre PFI, juntament amb la directora Merc\u00e8 Rom i els professors Alba Pla, Sandra Gozalbo i Esteve Gr\u00e0cia no podien faltar.<\/p>\n<p>Els nostres alumnes van tenir l&#8217;oportunitat d&#8217;assistir a un acte on van con\u00e8ixer les experi\u00e8ncies vitals d&#8217;antics alumnes PFI i van rebre un diploma acreditatiu d&#8217;haver acabat amb \u00e8xit el curs.<\/p>\n<p><img loading=\"lazy\" decoding=\"async\" class=\"alignnone wp-image-2465\" src=\"http:\/\/agora.xtec.cat\/iesjaumemimo\/wp-content\/uploads\/usu86\/2017\/06\/DSC07527-300x200.jpg\" alt=\"DSC07527\" width=\"700\" height=\"467\" \/><\/p>\n<p>Remarcar la participaci\u00f3 activa de tots els alumnes en l&#8217;acte, at\u00e8s que tots els PFI van\u00a0contribuir\u00a0en gran mesura a l&#8217;\u00e8xit, realitzant tasques\u00a0diverses\u00a0com atendre els\u00a0assistents (tasca encomanada als nostres alumnes del PFI d&#8217;Auxiliar de Vendes, Oficina i Atenci\u00f3 al P\u00fablic) fins a l&#8217;elaboraci\u00f3 d&#8217;un pica-pica bon\u00edssim realitzat pels\u00a0alumnes del PFI de cuina de l&#8217;Institut Puig de la Creu de Castellar del Vall\u00e8s<\/p>\n","protected":false},"excerpt":{"rendered":"<p>El passat dimecres 14 de Juny va tenir lloc al CAR de Sant Cugat l&#8217;acte de cloenda dels PFI del Vall\u00e8s Occidental. Un acte organitzat per Ensenyament a fi de recon\u00e8ixer la bona tasca que realitzen els diferents instituts del Vall\u00e8s amb els Programes de Formaci\u00f3 i Inserci\u00f3. Com no podia ser d&#8217;altra manera, el [&hellip;]<\/p>\n","protected":false},"author":1,"featured_media":2467,"comment_status":"closed","ping_status":"closed","sticky":false,"template":"","format":"standard","meta":{"_bbp_topic_count":0,"_bbp_reply_count":0,"_bbp_total_topic_count":0,"_bbp_total_reply_count":0,"_bbp_voice_count":0,"_bbp_anonymous_reply_count":0,"_bbp_topic_count_hidden":0,"_bbp_reply_count_hidden":0,"_bbp_forum_subforum_count":0,"site-sidebar-layout":"default","site-content-layout":"","ast-site-content-layout":"","site-content-style":"default","site-sidebar-style":"default","ast-global-header-display":"","ast-banner-title-visibility":"","ast-main-header-display":"","ast-hfb-above-header-display":"","ast-hfb-below-header-display":"","ast-hfb-mobile-header-display":"","site-post-title":"","ast-breadcrumbs-content":"","ast-featured-img":"","footer-sml-layout":"","theme-transparent-header-meta":"","adv-header-id-meta":"","stick-header-meta":"","header-above-stick-meta":"","header-main-stick-meta":"","header-below-stick-meta":"","astra-migrate-meta-layouts":"default","ast-page-background-enabled":"default","ast-page-background-meta":{"desktop":{"background-color":"var(--ast-global-color-4)","background-image":"","background-repeat":"repeat","background-position":"center center","background-size":"auto","background-attachment":"scroll","background-type":"","background-media":"","overlay-type":"","overlay-color":"","overlay-opacity":"","overlay-gradient":""},"tablet":{"background-color":"","background-image":"","background-repeat":"repeat","background-position":"center center","background-size":"auto","background-attachment":"scroll","background-type":"","background-media":"","overlay-type":"","overlay-color":"","overlay-opacity":"","overlay-gradient":""},"mobile":{"background-color":"","background-image":"","background-repeat":"repeat","background-position":"center center","background-size":"auto","background-attachment":"scroll","background-type":"","background-media":"","overlay-type":"","overlay-color":"","overlay-opacity":"","overlay-gradient":""}},"ast-content-background-meta":{"desktop":{"background-color":"var(--ast-global-color-5)","background-image":"","background-repeat":"repeat","background-position":"center center","background-size":"auto","background-attachment":"scroll","background-type":"","background-media":"","overlay-type":"","overlay-color":"","overlay-opacity":"","overlay-gradient":""},"tablet":{"background-color":"var(--ast-global-color-5)","background-image":"","background-repeat":"repeat","background-position":"center center","background-size":"auto","background-attachment":"scroll","background-type":"","background-media":"","overlay-type":"","overlay-color":"","overlay-opacity":"","overlay-gradient":""},"mobile":{"background-color":"var(--ast-global-color-5)","background-image":"","background-repeat":"repeat","background-position":"center center","background-size":"auto","background-attachment":"scroll","background-type":"","background-media":"","overlay-type":"","overlay-color":"","overlay-opacity":"","overlay-gradient":""}},"footnotes":""},"categories":[81,29],"tags":[],"class_list":["post-2464","post","type-post","status-publish","format-standard","has-post-thumbnail","hentry","category-pfi","category-portada"],"post_mailing_queue_ids":[],"_links":{"self":[{"href":"https:\/\/agora.xtec.cat\/iesjaumemimo\/wp-json\/wp\/v2\/posts\/2464","targetHints":{"allow":["GET"]}}],"collection":[{"href":"https:\/\/agora.xtec.cat\/iesjaumemimo\/wp-json\/wp\/v2\/posts"}],"about":[{"href":"https:\/\/agora.xtec.cat\/iesjaumemimo\/wp-json\/wp\/v2\/types\/post"}],"author":[{"embeddable":true,"href":"https:\/\/agora.xtec.cat\/iesjaumemimo\/wp-json\/wp\/v2\/users\/1"}],"replies":[{"embeddable":true,"href":"https:\/\/agora.xtec.cat\/iesjaumemimo\/wp-json\/wp\/v2\/comments?post=2464"}],"version-history":[{"count":1,"href":"https:\/\/agora.xtec.cat\/iesjaumemimo\/wp-json\/wp\/v2\/posts\/2464\/revisions"}],"predecessor-version":[{"id":2466,"href":"https:\/\/agora.xtec.cat\/iesjaumemimo\/wp-json\/wp\/v2\/posts\/2464\/revisions\/2466"}],"wp:featuredmedia":[{"embeddable":true,"href":"https:\/\/agora.xtec.cat\/iesjaumemimo\/wp-json\/wp\/v2\/media\/2467"}],"wp:attachment":[{"href":"https:\/\/agora.xtec.cat\/iesjaumemimo\/wp-json\/wp\/v2\/media?parent=2464"}],"wp:term":[{"taxonomy":"category","embeddable":true,"href":"https:\/\/agora.xtec.cat\/iesjaumemimo\/wp-json\/wp\/v2\/categories?post=2464"},{"taxonomy":"post_tag","embeddable":true,"href":"https:\/\/agora.xtec.cat\/iesjaumemimo\/wp-json\/wp\/v2\/tags?post=2464"}],"curies":[{"name":"wp","href":"https:\/\/api.w.org\/{rel}","templated":true}]}}