{"id":1524,"date":"2016-05-13T12:39:19","date_gmt":"2016-05-13T11:39:19","guid":{"rendered":"http:\/\/agora.xtec.cat\/iesjaumemimo\/?p=1524"},"modified":"2016-06-15T08:58:27","modified_gmt":"2016-06-15T07:58:27","slug":"preinscripcions-i-matricules-2016-17","status":"publish","type":"post","link":"https:\/\/agora.xtec.cat\/iesjaumemimo\/general\/preinscripcions-i-matricules-2016-17\/","title":{"rendered":"Preinscripcions i matr\u00edcules 2016-17"},"content":{"rendered":"<p>En aquest aquesta not\u00edcia podeu trobar tot all\u00f2 referent a la matriculaci\u00f3 del curs 2016-17 dels estudis posobligatoris: batxillerat, CF de Grau Mitj\u00e0 i de Grau Superior, CAS i PFI. Hi trobareu els calendaris, models de sol\u00b7licitud i documentaci\u00f3 a aportar.<\/p>\n<p>La informaci\u00f3 anir\u00e0 actualitzant-se conforme es coneguin m\u00e9s terminis.<!--more--><\/p>\n<h4><\/h4>\n<p>&nbsp;<\/p>\n<h4>Calendari de preinscripci\u00f3 <a href=\"https:\/\/drive.google.com\/open?id=0B1idNSqQTWPoWEJ1cnFLbE5Ec0k\" target=\"_blank\"><img loading=\"lazy\" decoding=\"async\" class=\"alignnone size-full wp-image-813\" src=\"http:\/\/agora.xtec.cat\/iesjaumemimo\/wp-content\/uploads\/usu86\/2015\/09\/pdf_peque-e1442536928753.png\" alt=\"pdf_peque\" width=\"25\" height=\"25\" \/><\/a><\/h4>\n<p>&nbsp;<\/p>\n<ul>\n<li>\n<h5>Batxillerat i Cicles Formatius de Grau Mitj\u00e0<\/h5>\n<\/li>\n<\/ul>\n<p><a href=\"http:\/\/agora.xtec.cat\/iesjaumemimo\/wp-content\/uploads\/usu86\/2016\/05\/batx.jpg\"><img loading=\"lazy\" decoding=\"async\" class=\"alignnone wp-image-1518\" src=\"http:\/\/agora.xtec.cat\/iesjaumemimo\/wp-content\/uploads\/usu86\/2016\/05\/batx.jpg\" alt=\"batx\" width=\"550\" height=\"419\" srcset=\"https:\/\/agora.xtec.cat\/iesjaumemimo\/wp-content\/uploads\/usu86\/2016\/05\/batx.jpg 787w, https:\/\/agora.xtec.cat\/iesjaumemimo\/wp-content\/uploads\/usu86\/2016\/05\/batx-300x228.jpg 300w\" sizes=\"auto, (max-width: 550px) 100vw, 550px\" \/><\/a><\/p>\n<p>&nbsp;<\/p>\n<ul>\n<li>\n<h5>Cicles Formatius de Grau Superior<\/h5>\n<\/li>\n<\/ul>\n<p><a href=\"http:\/\/agora.xtec.cat\/iesjaumemimo\/wp-content\/uploads\/usu86\/2016\/05\/GS.jpg\"><img loading=\"lazy\" decoding=\"async\" class=\"alignnone wp-image-1519\" src=\"http:\/\/agora.xtec.cat\/iesjaumemimo\/wp-content\/uploads\/usu86\/2016\/05\/GS.jpg\" alt=\"GS\" width=\"550\" height=\"356\" srcset=\"https:\/\/agora.xtec.cat\/iesjaumemimo\/wp-content\/uploads\/usu86\/2016\/05\/GS.jpg 741w, https:\/\/agora.xtec.cat\/iesjaumemimo\/wp-content\/uploads\/usu86\/2016\/05\/GS-300x194.jpg 300w\" sizes=\"auto, (max-width: 550px) 100vw, 550px\" \/><\/a><\/p>\n<p>&nbsp;<\/p>\n<ul>\n<li>\n<h5>PFI (Programa de formaci\u00f3 i inserci\u00f3)<\/h5>\n<\/li>\n<\/ul>\n<p><a href=\"http:\/\/agora.xtec.cat\/iesjaumemimo\/wp-content\/uploads\/usu86\/2016\/05\/PFI.jpg\"><img loading=\"lazy\" decoding=\"async\" class=\"alignnone wp-image-1520\" src=\"http:\/\/agora.xtec.cat\/iesjaumemimo\/wp-content\/uploads\/usu86\/2016\/05\/PFI.jpg\" alt=\"PFI\" width=\"550\" height=\"297\" srcset=\"https:\/\/agora.xtec.cat\/iesjaumemimo\/wp-content\/uploads\/usu86\/2016\/05\/PFI.jpg 738w, https:\/\/agora.xtec.cat\/iesjaumemimo\/wp-content\/uploads\/usu86\/2016\/05\/PFI-300x162.jpg 300w\" sizes=\"auto, (max-width: 550px) 100vw, 550px\" \/><\/a><\/p>\n<p>&nbsp;<\/p>\n<ul>\n<li>\n<h5>CAS (Curs d&#8217;acc\u00e9s a Grau Superior):<\/h5>\n<\/li>\n<\/ul>\n<p><strong>Preinscripci\u00f3: del 4 al 8 de juliol de 2016<\/strong><\/p>\n<p>Abans del 23 de juny de 2016 el centre publicar\u00e0 en el seu tauler<br \/>\nd\u2019anuncis:<br \/>\n&#8211; L\u2019oferta de places<br \/>\n&#8211; La data, hora i lloc del sorteig per obtenir el n\u00famero de desempat<br \/>\n&#8211; Les dades de publicaci\u00f3 de la llista de sol.licituds de preinscripci\u00f3 al<br \/>\ncentre amb la puntuaci\u00f3 provisional.<br \/>\n&#8211; El termini per presentar una reclamaci\u00f3<br \/>\n&#8211; La llista de sol.licituds amb la puntuaci\u00f3 definitiva<br \/>\n&#8211; La llista d\u2019alumnat adm\u00e8s<br \/>\n&#8211; Per\u00edode de matr\u00edcula<\/p>\n<p>&nbsp;<\/p>\n<h4>Sol\u00b7licituds de preinscripci\u00f3, documentaci\u00f3 i horaris d&#8217;atenci\u00f3 al p\u00fablic:<\/h4>\n<h5><\/h5>\n<h5>Grau Mitj\u00e0:<\/h5>\n<p>Horari de preinscripci\u00f3, <strong>del dia 18 al 25 de maig de 2016<\/strong>,<\/p>\n<ul>\n<li>de 9.30 a 13.30 i de 15.00 a 17.00 hores, de dilluns a dijous.<\/li>\n<li>divendres de 9.30 a 13.30 hores.<\/li>\n<\/ul>\n<p><a href=\"https:\/\/drive.google.com\/open?id=0B1idNSqQTWPoTmlnc25VbTZDYms\" target=\"_blank\">Sol.licitud de preinscripci\u00f3 de cicle mitj\u00e0<\/a> \/ <a href=\"https:\/\/drive.google.com\/open?id=0B1idNSqQTWPoVWxKbUd2VkFNUk0\" target=\"_blank\">Documentaci\u00f3 que s&#8217;ha d&#8217;adjuntar a la preinscripci\u00f3 del cicle mitj\u00e0<\/a><\/p>\n<p>&nbsp;<\/p>\n<h5>Grau Superior:<\/h5>\n<p>Horari de preinscripci\u00f3, <strong>del dia 26 de maig a l&#8217;1 de juny de 2016<\/strong>,<\/p>\n<ul>\n<li>de 9.30 a 13.30 i de 15.00 a 17.00 hores, de dilluns a dijous.<\/li>\n<li>divendres de 9.30 a 13.30 hores.<\/li>\n<\/ul>\n<p><a href=\"https:\/\/drive.google.com\/open?id=0B1idNSqQTWPoRFNuZy1FdWt6ZDg\" target=\"_blank\">Sol.licitud de preinscripci\u00f3 de cicle superior<\/a>\/ <a href=\"https:\/\/drive.google.com\/open?id=0B1idNSqQTWPoXzVoNU4yTkdfVXM\" target=\"_blank\">Documentaci\u00f3 que s&#8217;ha d&#8217;adjuntar a la preinscripci\u00f3 del cicle superior<\/a><\/p>\n<p>&nbsp;<\/p>\n<h5>Batxillerat:<\/h5>\n<p>Horari de preinscripci\u00f3, del dia 18 al 25 de maig de 2016,<\/p>\n<ul>\n<li>de 9.30 a 13.30 i de15.00 a 17.00 hores, de dilluns a dijous.<\/li>\n<li>divendres 9.30 a 13.30 hores.<\/li>\n<\/ul>\n<p><a href=\"https:\/\/drive.google.com\/open?id=0B1idNSqQTWPoMnpNbjZfd01ROFE\" target=\"_blank\">Sol.licitud de preinscripci\u00f3 de batxillerat<\/a> \/ <a href=\"https:\/\/drive.google.com\/open?id=0B1idNSqQTWPoZlFhVFJKX1JuQ0E\" target=\"_blank\">Documentaci\u00f3 que s&#8217;ha d&#8217;adjuntar a la preinscripci\u00f3 del batxillerat<\/a><\/p>\n<p>&nbsp;<\/p>\n<h5>PFI:<\/h5>\n<p>Horari de preinscripci\u00f3, <strong>del 17 al 27 de maig de 2016<\/strong>,<\/p>\n<ul>\n<li>de dilluns a dijous de 9:30 a 13:30 hores i de 15:00 a 17:00 hores.<\/li>\n<li>divendres de 9:30 a 13:30 hores.<\/li>\n<\/ul>\n<p><a href=\"https:\/\/drive.google.com\/open?id=0B1idNSqQTWPoemY2dTAwUDgySnc\" target=\"_blank\">Sol.licitud de preinscripci\u00f3 del PFI<\/a> \/ <a href=\"https:\/\/drive.google.com\/open?id=0B1idNSqQTWPoMTcwaXQyaFRzemc\" target=\"_blank\">Documentaci\u00f3 que s&#8217;ha d&#8217;adjuntar a la preinscripci\u00f3 del PFI<\/a><\/p>\n","protected":false},"excerpt":{"rendered":"<p>En aquest aquesta not\u00edcia podeu trobar tot all\u00f2 referent a la matriculaci\u00f3 del curs 2016-17 dels estudis posobligatoris: batxillerat, CF de Grau Mitj\u00e0 i de Grau Superior, CAS i PFI. Hi trobareu els calendaris, models de sol\u00b7licitud i documentaci\u00f3 a aportar. La informaci\u00f3 anir\u00e0 actualitzant-se conforme es coneguin m\u00e9s terminis.<\/p>\n","protected":false},"author":1,"featured_media":1528,"comment_status":"open","ping_status":"open","sticky":false,"template":"","format":"standard","meta":{"_bbp_topic_count":0,"_bbp_reply_count":0,"_bbp_total_topic_count":0,"_bbp_total_reply_count":0,"_bbp_voice_count":0,"_bbp_anonymous_reply_count":0,"_bbp_topic_count_hidden":0,"_bbp_reply_count_hidden":0,"_bbp_forum_subforum_count":0,"site-sidebar-layout":"default","site-content-layout":"","ast-site-content-layout":"","site-content-style":"default","site-sidebar-style":"default","ast-global-header-display":"","ast-banner-title-visibility":"","ast-main-header-display":"","ast-hfb-above-header-display":"","ast-hfb-below-header-display":"","ast-hfb-mobile-header-display":"","site-post-title":"","ast-breadcrumbs-content":"","ast-featured-img":"","footer-sml-layout":"","theme-transparent-header-meta":"","adv-header-id-meta":"","stick-header-meta":"","header-above-stick-meta":"","header-main-stick-meta":"","header-below-stick-meta":"","astra-migrate-meta-layouts":"default","ast-page-background-enabled":"default","ast-page-background-meta":{"desktop":{"background-color":"var(--ast-global-color-4)","background-image":"","background-repeat":"repeat","background-position":"center center","background-size":"auto","background-attachment":"scroll","background-type":"","background-media":"","overlay-type":"","overlay-color":"","overlay-opacity":"","overlay-gradient":""},"tablet":{"background-color":"","background-image":"","background-repeat":"repeat","background-position":"center center","background-size":"auto","background-attachment":"scroll","background-type":"","background-media":"","overlay-type":"","overlay-color":"","overlay-opacity":"","overlay-gradient":""},"mobile":{"background-color":"","background-image":"","background-repeat":"repeat","background-position":"center center","background-size":"auto","background-attachment":"scroll","background-type":"","background-media":"","overlay-type":"","overlay-color":"","overlay-opacity":"","overlay-gradient":""}},"ast-content-background-meta":{"desktop":{"background-color":"var(--ast-global-color-5)","background-image":"","background-repeat":"repeat","background-position":"center center","background-size":"auto","background-attachment":"scroll","background-type":"","background-media":"","overlay-type":"","overlay-color":"","overlay-opacity":"","overlay-gradient":""},"tablet":{"background-color":"var(--ast-global-color-5)","background-image":"","background-repeat":"repeat","background-position":"center center","background-size":"auto","background-attachment":"scroll","background-type":"","background-media":"","overlay-type":"","overlay-color":"","overlay-opacity":"","overlay-gradient":""},"mobile":{"background-color":"var(--ast-global-color-5)","background-image":"","background-repeat":"repeat","background-position":"center center","background-size":"auto","background-attachment":"scroll","background-type":"","background-media":"","overlay-type":"","overlay-color":"","overlay-opacity":"","overlay-gradient":""}},"footnotes":""},"categories":[8,30,1,29],"tags":[],"class_list":["post-1524","post","type-post","status-publish","format-standard","has-post-thumbnail","hentry","category-batxillerat","category-cicles-formatius","category-general","category-portada"],"post_mailing_queue_ids":[],"_links":{"self":[{"href":"https:\/\/agora.xtec.cat\/iesjaumemimo\/wp-json\/wp\/v2\/posts\/1524","targetHints":{"allow":["GET"]}}],"collection":[{"href":"https:\/\/agora.xtec.cat\/iesjaumemimo\/wp-json\/wp\/v2\/posts"}],"about":[{"href":"https:\/\/agora.xtec.cat\/iesjaumemimo\/wp-json\/wp\/v2\/types\/post"}],"author":[{"embeddable":true,"href":"https:\/\/agora.xtec.cat\/iesjaumemimo\/wp-json\/wp\/v2\/users\/1"}],"replies":[{"embeddable":true,"href":"https:\/\/agora.xtec.cat\/iesjaumemimo\/wp-json\/wp\/v2\/comments?post=1524"}],"version-history":[{"count":3,"href":"https:\/\/agora.xtec.cat\/iesjaumemimo\/wp-json\/wp\/v2\/posts\/1524\/revisions"}],"predecessor-version":[{"id":1578,"href":"https:\/\/agora.xtec.cat\/iesjaumemimo\/wp-json\/wp\/v2\/posts\/1524\/revisions\/1578"}],"wp:featuredmedia":[{"embeddable":true,"href":"https:\/\/agora.xtec.cat\/iesjaumemimo\/wp-json\/wp\/v2\/media\/1528"}],"wp:attachment":[{"href":"https:\/\/agora.xtec.cat\/iesjaumemimo\/wp-json\/wp\/v2\/media?parent=1524"}],"wp:term":[{"taxonomy":"category","embeddable":true,"href":"https:\/\/agora.xtec.cat\/iesjaumemimo\/wp-json\/wp\/v2\/categories?post=1524"},{"taxonomy":"post_tag","embeddable":true,"href":"https:\/\/agora.xtec.cat\/iesjaumemimo\/wp-json\/wp\/v2\/tags?post=1524"}],"curies":[{"name":"wp","href":"https:\/\/api.w.org\/{rel}","templated":true}]}}