{"id":1302,"date":"2016-03-18T14:28:51","date_gmt":"2016-03-18T13:28:51","guid":{"rendered":"http:\/\/agora.xtec.cat\/iesjaumemimo\/?p=1302"},"modified":"2016-03-18T14:39:47","modified_gmt":"2016-03-18T13:39:47","slug":"convocatoria-de-beques-escolars","status":"publish","type":"post","link":"https:\/\/agora.xtec.cat\/iesjaumemimo\/general\/convocatoria-de-beques-escolars\/","title":{"rendered":"Convocat\u00f2ria de beques escolars"},"content":{"rendered":"<p>Ja ha sortit la convocat\u00f2ria de beques escolars de l&#8217;Ajuntament de Cerdanyola. El calendari per l&#8217;admissi\u00f3 de sol.licituds als instituts de secund\u00e0ria \u00e9s el <strong>6 i 7 d&#8217;abril<\/strong>. Trobareu tota la informaci\u00f3 (terminis, documentaci\u00f3, full de sol\u00b7licitud, etc.) al <a href=\"http:\/\/www.cerdanyola.cat\/webapps\/web\/continguts_portal\/menu_principal\/ajuntament\/serveis_municipals\/Servei_Promocio_Social\/activitats\/Programa_Infacia_Familia_dels_Serveis_Socials\/Convocatoria_de_beques_escolars\/Convocatoria_de_beques_escolars\" target=\"_blank\">web de l&#8217;ajuntament de Cerdanyola<\/a>.<\/p>\n<p>La convocat\u00f2ria inclou beques de menjador escolar, llars d&#8217;infants, llibres, material i transport escolar per al curs acad\u00e8mic 2016-2017 i de col\u00f2nies escolars per al curs acad\u00e8mic 2016-2017, i de col\u00f2nies escolars i sortides de fi de curs, d&#8217;alumnes d&#8217;educaci\u00f3 infantil, prim\u00e0ria i secund\u00e0ria obligat\u00f2ria i educaci\u00f3 especial, matriculats en centres p\u00fablics de Cerdanyola del Vall\u00e8s per al curs escolar 2015-2016.<\/p>\n<p>&nbsp;<\/p>\n","protected":false},"excerpt":{"rendered":"<p>Ja ha sortit la convocat\u00f2ria de beques escolars de l&#8217;Ajuntament de Cerdanyola. El calendari per l&#8217;admissi\u00f3 de sol.licituds als instituts de secund\u00e0ria \u00e9s el 6 i 7 d&#8217;abril. Trobareu tota la informaci\u00f3 (terminis, documentaci\u00f3, full de sol\u00b7licitud, etc.) al web de l&#8217;ajuntament de Cerdanyola. La convocat\u00f2ria inclou beques de menjador escolar, llars d&#8217;infants, llibres, material [&hellip;]<\/p>\n","protected":false},"author":1,"featured_media":1307,"comment_status":"open","ping_status":"open","sticky":false,"template":"","format":"standard","meta":{"_bbp_topic_count":0,"_bbp_reply_count":0,"_bbp_total_topic_count":0,"_bbp_total_reply_count":0,"_bbp_voice_count":0,"_bbp_anonymous_reply_count":0,"_bbp_topic_count_hidden":0,"_bbp_reply_count_hidden":0,"_bbp_forum_subforum_count":0,"site-sidebar-layout":"default","site-content-layout":"","ast-site-content-layout":"","site-content-style":"default","site-sidebar-style":"default","ast-global-header-display":"","ast-banner-title-visibility":"","ast-main-header-display":"","ast-hfb-above-header-display":"","ast-hfb-below-header-display":"","ast-hfb-mobile-header-display":"","site-post-title":"","ast-breadcrumbs-content":"","ast-featured-img":"","footer-sml-layout":"","theme-transparent-header-meta":"","adv-header-id-meta":"","stick-header-meta":"","header-above-stick-meta":"","header-main-stick-meta":"","header-below-stick-meta":"","astra-migrate-meta-layouts":"default","ast-page-background-enabled":"default","ast-page-background-meta":{"desktop":{"background-color":"var(--ast-global-color-4)","background-image":"","background-repeat":"repeat","background-position":"center center","background-size":"auto","background-attachment":"scroll","background-type":"","background-media":"","overlay-type":"","overlay-color":"","overlay-opacity":"","overlay-gradient":""},"tablet":{"background-color":"","background-image":"","background-repeat":"repeat","background-position":"center center","background-size":"auto","background-attachment":"scroll","background-type":"","background-media":"","overlay-type":"","overlay-color":"","overlay-opacity":"","overlay-gradient":""},"mobile":{"background-color":"","background-image":"","background-repeat":"repeat","background-position":"center center","background-size":"auto","background-attachment":"scroll","background-type":"","background-media":"","overlay-type":"","overlay-color":"","overlay-opacity":"","overlay-gradient":""}},"ast-content-background-meta":{"desktop":{"background-color":"var(--ast-global-color-5)","background-image":"","background-repeat":"repeat","background-position":"center center","background-size":"auto","background-attachment":"scroll","background-type":"","background-media":"","overlay-type":"","overlay-color":"","overlay-opacity":"","overlay-gradient":""},"tablet":{"background-color":"var(--ast-global-color-5)","background-image":"","background-repeat":"repeat","background-position":"center center","background-size":"auto","background-attachment":"scroll","background-type":"","background-media":"","overlay-type":"","overlay-color":"","overlay-opacity":"","overlay-gradient":""},"mobile":{"background-color":"var(--ast-global-color-5)","background-image":"","background-repeat":"repeat","background-position":"center center","background-size":"auto","background-attachment":"scroll","background-type":"","background-media":"","overlay-type":"","overlay-color":"","overlay-opacity":"","overlay-gradient":""}},"footnotes":""},"categories":[3,1,29],"tags":[],"class_list":["post-1302","post","type-post","status-publish","format-standard","has-post-thumbnail","hentry","category-eso","category-general","category-portada"],"post_mailing_queue_ids":[],"_links":{"self":[{"href":"https:\/\/agora.xtec.cat\/iesjaumemimo\/wp-json\/wp\/v2\/posts\/1302","targetHints":{"allow":["GET"]}}],"collection":[{"href":"https:\/\/agora.xtec.cat\/iesjaumemimo\/wp-json\/wp\/v2\/posts"}],"about":[{"href":"https:\/\/agora.xtec.cat\/iesjaumemimo\/wp-json\/wp\/v2\/types\/post"}],"author":[{"embeddable":true,"href":"https:\/\/agora.xtec.cat\/iesjaumemimo\/wp-json\/wp\/v2\/users\/1"}],"replies":[{"embeddable":true,"href":"https:\/\/agora.xtec.cat\/iesjaumemimo\/wp-json\/wp\/v2\/comments?post=1302"}],"version-history":[{"count":3,"href":"https:\/\/agora.xtec.cat\/iesjaumemimo\/wp-json\/wp\/v2\/posts\/1302\/revisions"}],"predecessor-version":[{"id":1309,"href":"https:\/\/agora.xtec.cat\/iesjaumemimo\/wp-json\/wp\/v2\/posts\/1302\/revisions\/1309"}],"wp:featuredmedia":[{"embeddable":true,"href":"https:\/\/agora.xtec.cat\/iesjaumemimo\/wp-json\/wp\/v2\/media\/1307"}],"wp:attachment":[{"href":"https:\/\/agora.xtec.cat\/iesjaumemimo\/wp-json\/wp\/v2\/media?parent=1302"}],"wp:term":[{"taxonomy":"category","embeddable":true,"href":"https:\/\/agora.xtec.cat\/iesjaumemimo\/wp-json\/wp\/v2\/categories?post=1302"},{"taxonomy":"post_tag","embeddable":true,"href":"https:\/\/agora.xtec.cat\/iesjaumemimo\/wp-json\/wp\/v2\/tags?post=1302"}],"curies":[{"name":"wp","href":"https:\/\/api.w.org\/{rel}","templated":true}]}}