{"id":1233,"date":"2016-03-11T12:23:39","date_gmt":"2016-03-11T11:23:39","guid":{"rendered":"http:\/\/agora.xtec.cat\/iesjaumemimo\/?p=1233"},"modified":"2016-03-13T02:36:49","modified_gmt":"2016-03-13T01:36:49","slug":"calendari-de-preinscripcio-a-leso","status":"publish","type":"post","link":"https:\/\/agora.xtec.cat\/iesjaumemimo\/general\/calendari-de-preinscripcio-a-leso\/","title":{"rendered":"Preinscripci\u00f3 a l&#8217;ESO curs 2016-17"},"content":{"rendered":"<p>Els terminis per la preinscripci\u00f3 a qualsevol nivell de l&#8217;ESO s\u00f3n els seg\u00fcents (podeu descarregar-vos en pdf el <a href=\"https:\/\/drive.google.com\/open?id=0B1idNSqQTWPobHVxemJsVkNSQmM\" target=\"_blank\">calendari <\/a>i els <a href=\"https:\/\/drive.google.com\/open?id=0B1idNSqQTWPoWFNtT0dsU3NnOGc\" target=\"_blank\">criteris i documentaci\u00f3<\/a>) :<b><br \/>\n<\/b><\/p>\n<ul>\n<li>Publicaci\u00f3 de l&#8217;oferta de places escolars: <b>18 de mar\u00e7 de 2016<\/b><\/li>\n<\/ul>\n<ul>\n<li>Termini per presentar la\u00a0sol\u00b7licitud:\u00a0<b>del 30 de mar\u00e7 al 7 d\u2019abril de 2016<\/b>\u00a0(es pot enviar la sol\u00b7licitud per Internet fins a les 24 h del 6 d\u2019abril de 2016)<\/li>\n<\/ul>\n<ul>\n<li>Publicaci\u00f3 de la llista de sol\u00b7licituds al centre amb el barem provisional: <b>15 d\u2019abril de 2016<\/b><\/li>\n<\/ul>\n<ul>\n<li>Termini per presentar una reclamaci\u00f3 al barem provisional: <b>15 a 20 d\u2019abril de 2016<\/b><\/li>\n<\/ul>\n<ul>\n<li>Sorteig del n\u00famero de desempat: <b>18 d\u2019abril de 2016, a les 11,00 h<\/b> al Departament d\u2019Ensenyament (Serveis Centrals: Via Augusta, 202, Barcelona)<\/li>\n<\/ul>\n<ul>\n<li>Publicaci\u00f3 de la llista de sol\u00b7licituds al centre amb el barem un cop resoltes les reclamacions: <b>25 d\u2019abril de 2016<\/b><\/li>\n<\/ul>\n<ul>\n<li>Publicaci\u00f3 de l\u2019oferta final de places escolars: <b>17 de maig de 2016<\/b><\/li>\n<\/ul>\n<h3><\/h3>\n<p>&nbsp;<\/p>\n<h3>Horari de Secretaria<\/h3>\n<p><strong>Del 30 de mar\u00e7 al 7 d\u2019abril. Horari: de 9,30 a 13,30 h i de 15,00 a 17,30 h, de dilluns a dijous.<\/strong><\/p>\n<p><strong>Els divendres de 9,30 h a 13,30 h<\/strong><\/p>\n<p>&nbsp;<\/p>\n<h3>Criteris de prioritat i documentaci\u00f3<\/h3>\n<p>Juntament amb la sol\u00b7licitud de preinscripci\u00f3 (o de la impressi\u00f3 de la sol\u00b7licitud\u00a0que s&#8217;ha enviat\u00a0per Internet) cal presentar la <strong>documentaci\u00f3<\/strong> en el termini establert, en el centre que s&#8217;ha demanat en primer lloc.<\/p>\n<p>A cada sol\u00b7licitud se li assigna de manera aleat\u00f2ria un n\u00famero que ha de servir per ordenar-les en cas d&#8217;empat.\u00a0Quan el nombre de sol\u00b7licituds d&#8217;admissi\u00f3 \u00e9s superior a l&#8217;oferta de places s&#8217;apliquen, per ordre: els <strong>criteris de prioritat<\/strong> espec\u00edfics, els criteris generals i els criteris complementaris.<\/p>\n<p>Aquests criteris, i el <strong>barem<\/strong> de punts que tenen associat, permeten puntuar objectivament totes les sol\u00b7licituds d&#8217;admissi\u00f3 i poder ordenar-les. El barem s&#8217;aplica en relaci\u00f3 amb el centre demanat en primer lloc i es mant\u00e9 per a la resta de peticions. En les situacions d&#8217;empat que es produeixin despr\u00e9s d&#8217;aplicar aquests criteris, l&#8217;ordenaci\u00f3 de les sol\u00b7licituds afectades es fa per sorteig p\u00fablic.<\/p>\n<h5>Documentaci\u00f3 identificativa<\/h5>\n<p><strong><em>El formulari de sol\u00b7licitud s&#8217;ha de presentar, en tots els casos, acompanyat de la documentacio seg\u00fcent:\u00a0<\/em><\/strong><\/p>\n<ul>\n<li><strong><em>Original i fotoc\u00f2pia del\u00a0llibre de fam\u00edlia o altres documents relatius a la filiaci\u00f3. Si l&#8217;alumne o alumna est\u00e0 en situaci\u00f3 d&#8217;acolliment, la resoluci\u00f3 d&#8217;acolliment del Departament de Treball, Afers Socials i Fam\u00edlies.<\/em><\/strong><\/li>\n<li><strong><em>Original i fotoc\u00f2pia del DNI de la persona sol\u00b7licitant (pare, mare, tutor o tutora o guardador o guardadora de fet) o, si el sol.licitant \u00e9s estranger, de la targeta de resid\u00e8ncia on consta el NIE o el passaport. Si es tracta d&#8217;estrangers comunitaris, document d&#8217;identitat del pa\u00eds d&#8217;origen.<\/em><\/strong><\/li>\n<li><strong><em>Original i fotoc\u00f2pia del DNI\u00a0de l\u2019alumne o alumna en cas que sigui major de 14 anys o tingui DNI tot i \u00e9sser menor de 14 anys.<\/em><\/strong><\/li>\n<li><strong><em>Original i fotoc\u00f2pia de la\u00a0TSI (targeta sanit\u00e0ria individual) del nen o la nena, si se&#8217;n disposa.<\/em><\/strong><\/li>\n<\/ul>\n<p><strong><em>De forma extraordin\u00e0ria, les dades d&#8217;identificaci\u00f3 o de filiaci\u00f3 dels\u00a0<\/em><\/strong><strong><em>alumnes estrangers<\/em><\/strong><strong><em>\u00a0tamb\u00e9 es poden acreditar amb el document d&#8217;identitat, el llibre de fam\u00edlia del pa\u00eds d&#8217;origen o la documentaci\u00f3 alternativa que la persona pugui aportar<\/em><\/strong>.<\/p>\n<h5><\/h5>\n<h5>Documentaci\u00f3 acreditativa dels criteris de prioritat<\/h5>\n<p>Les persones que al\u00b7leguen el compliment d&#8217;un o m\u00e9s criteris de prioritat (espec\u00edfic, generals o complementaris) han de presentar la documentaci\u00f3 que a continuaci\u00f3 s&#8217;indica per a cada criteri.<\/p>\n<ol>\n<li><strong>a) Criteri espec\u00edfic<\/strong><\/li>\n<\/ol>\n<p>&#8211; Tenen prefer\u00e8ncia els alumnes que procedeixen de centres i ensenyaments\u00a0<strong>adscrits\u00a0<\/strong>al centre sol\u00b7licitat.<\/p>\n<p>Documentaci\u00f3: cap<\/p>\n<ol>\n<li><strong>b) Criteris generals<\/strong><\/li>\n<\/ol>\n<p><strong>&#8211; Germans de l&#8217;alumne o alumna escolaritzats al centre<\/strong>\u00a0(en el moment de presentar la sol\u00b7licitud de preinscripci\u00f3) o\u00a0pares o tutors legals que hi treballen (en el moment de presentar la sol\u00b7licitud de preinscripci\u00f3, amb una activitat continuada,amb una jornada m\u00ednima de 10 hores setmanals, amb el corresponent nomenament d\u2019inter\u00ed o substitut o amb un contracte laboral o administratiu).<\/p>\n<p>La puntuaci\u00f3 tamb\u00e9 s&#8217;aplica per accedir a un centre p\u00fablic quan el germ\u00e0 o la germana est\u00e0 escolaritzat en un altre centre p\u00fablic que t\u00e9 la consideraci\u00f3 de <strong>centre \u00fanic<\/strong> (dos centres p\u00fablics adscrits\u00a0en qu\u00e8 l&#8217;escola de prim\u00e0ria nom\u00e9s est\u00e0 adscrita a un sol centre de secund\u00e0ria).<\/p>\n<p>Aquest criteri \u00e9s aplicable als infants i als joves en situaci\u00f3 d&#8217;acolliment familiar atenent a la composici\u00f3 de la fam\u00edlia acollidora.<\/p>\n<p>Barem:\u00a0<strong>40 punts<\/strong><\/p>\n<p>Documentaci\u00f3: cap, perqu\u00e8 el centre comprova directament aquestes circumst\u00e0ncies.<br \/>\n&#8211; Nom\u00e9s si s&#8217;al\u00b7lega que el germ\u00e0 o la germana estan escolaritzats en un centre p\u00fablic que t\u00e9 la consideraci\u00f3 de centre \u00fanic, cal presentar un certificat d&#8217;aquest centre.<\/p>\n<p><strong>&#8211; Proximitat del domicili habitual\u00a0<\/strong>de l&#8217;alumne o alumna al centre o\u00a0<strong>proximitat del lloc de treball<\/strong>\u00a0del pare, la mare, el tutor o tutora o el guardador o guardadora de fet.<\/p>\n<p>Barem<\/p>\n<ul>\n<li>Quan el domicili habitual es troba a l&#8217;\u00e0rea d&#8217;influ\u00e8ncia del centre:\u00a0<strong>30 punts<\/strong>.<\/li>\n<li>Quan\u00a0a inst\u00e0ncia del sol\u00b7licitant es pren en consideraci\u00f3 l&#8217;adre\u00e7a del lloc de treball del pare, la mare, el tutor o tutora, o el guardador o guardadora de fet, i aquest \u00e9s dins l&#8217;\u00e0rea d&#8217;influ\u00e8ncia del centre:\u00a0<strong>20 punts<\/strong>.<\/li>\n<li>En el cas de Barcelona\u00a0ciutat, quan el domicili habitual es troba al mateix districte municipal que el centre sol\u00b7licitat en primer lloc per\u00f2 no en la seva \u00e0rea d&#8217;influ\u00e8ncia:\u00a0<strong>15 punts<\/strong>.<\/li>\n<li>Quan el domicili habitual \u00e9s al mateix municipi\u00a0del centre sol\u00b7licitat en primer lloc, per\u00f2 no en la seva \u00e0rea d&#8217;influ\u00e8ncia:\u00a0<strong>10 punts<\/strong>.<\/li>\n<\/ul>\n<ul>\n<li><strong>Renda anual\u00a0de la unitat familiar<\/strong>en al cas que\u00a0el pare, la mare, el tutor o tutora, o el guardador o guardadora, siguin beneficiaris de l&#8217;ajut de la renda m\u00ednima d&#8217;inserci\u00f3, calculat en funci\u00f3 dels fills a c\u00e0rrec.<\/li>\n<\/ul>\n<p>Barem:\u00a0<strong>10 punts<\/strong><\/p>\n<p>Documentaci\u00f3: acreditaci\u00f3 de ser beneficiari o benefici\u00e0ria de la prestaci\u00f3 econ\u00f2mica de la renda m\u00ednima d&#8217;inserci\u00f3.<\/p>\n<ul>\n<li><strong>Discapacitat<\/strong>(igual o superior al 33%) de l&#8217;alumne o alumna, el pare o mare, o el germ\u00e0 o germana.<\/li>\n<\/ul>\n<p>Barem:\u00a0<strong>10 punts<\/strong><\/p>\n<p>Documentaci\u00f3<\/p>\n<ul>\n<li>Original i fotoc\u00f2pia del certificat o de la targeta acreditativa de la discapacitat de la persona que al\u00b7lega aquesta condici\u00f3, em\u00e8s pel Departament de Treball, Afers Socials i Fam\u00edlies.<\/li>\n<li>Tamb\u00e9 s&#8217;admeten els certificats de discapacitat emesos pels organismes competents d&#8217;altres comunitats aut\u00f2nomes.<\/li>\n<li>Es consideren afectats per una discapacitat igual o superior al 33% els pensionistes de la Seguretat Social que tenen reconeguda una pensi\u00f3 d&#8217;incapacitat permanent de grau total, absoluta o de gran invalidesa i els de les classes passives que tenen reconeguda una pensi\u00f3 de jubilaci\u00f3 o de retir per incapacitat permanent per al servei o inutilitat.<\/li>\n<\/ul>\n<ol>\n<li><strong>C) Criteris complementaris<\/strong><\/li>\n<\/ol>\n<p><strong>&#8211; L&#8217;alumne o alumna forma part d&#8217;una fam\u00edlia nombrosa o monoparental<\/strong>.<\/p>\n<p>Barem:\u00a0<strong>15 punts<\/strong><\/p>\n<p>Documentaci\u00f3: original i fotoc\u00f2pia del carnet de fam\u00edlia nombrosa o monoparental vigent.<\/p>\n<p><strong>&#8211; L&#8217;alumne o alumna t\u00e9 una malaltia cr\u00f2nica<\/strong>\u00a0que afecta el seu sistema digestiu, endocr\u00ed o metab\u00f2lic, inclosos els cel\u00edacs.<\/p>\n<p>Barem:<strong>\u00a010 punts<\/strong><\/p>\n<p>Documentaci\u00f3: informe em\u00e8s per un metge o metgessa del sistema p\u00fablic de salut o certificat m\u00e8dic oficial amb signatura legalitzada pel col\u00b7legi de metges de la demarcaci\u00f3 corresponent, en qu\u00e8 s&#8217;indiqui expressament que l&#8217;alumne o alumna t\u00e9 diagnosticada una malaltia cr\u00f2nica que afecta el seu sistema digestiu, endocr\u00ed o metab\u00f2lic, inclosos els cel\u00edacs, i s&#8217;hi especifiqui de quina malaltia es tracta.<\/p>\n<p><strong>&#8211; El pare, mare, tutors o germans han estat\u00a0escolaritzats<\/strong>\u00a0(en ensenyaments declarats actualment gratu\u00efts i universals)\u00a0<strong>al centre<\/strong>\u00a0per al qual es presenta la sol\u00b7licitud.<\/p>\n<p>S\u00f3n ensenyaments gratu\u00efts i universals: el segon cicle d&#8217;educaci\u00f3 infantil, l&#8217;educaci\u00f3 prim\u00e0ria, l&#8217;educaci\u00f3 secund\u00e0ria obligat\u00f2ria, els programes de qualificaci\u00f3 professional inicial (PQPI) i els cicles de formaci\u00f3 professional de grau mitj\u00e0.<\/p>\n<p>S\u00f3n equivalents a aquests ensenyaments: el parvulari, l&#8217;educaci\u00f3 general b\u00e0sica (EGB), els ensenyaments primaris, el 1r i 2n curs de batxillerat unificat polivalent (BUP) o el batxillerat elemental o el batxillerat superior, i la FP1, i en general qualsevol ensenyament que es cursava entre els 3 i els 16 anys<\/p>\n<p>Barem:<strong>\u00a05 punts<\/strong><strong><br \/>\n<\/strong><br \/>\nDocumentaci\u00f3: cap perqu\u00e8 la persona escolaritzada en el centre per al qual es presenta la sol\u00b7licitud ha de facilitar al centre les seves dades perqu\u00e8 aquest pugui comprovar-ho.<\/p>\n<h5>Simultane\u00eftat d&#8217;ensenyaments professionals de m\u00fasica i dansa i programes esportius d&#8217;alt rendiment<\/h5>\n<p>Encara que no provinguin d\u2019un centre adscrit, tenen\u00a0prioritat\u00a0per accedir\u00a0a les places d\u2019ESO dels centres amb l\u2019<strong>horari adaptat<\/strong>:<\/p>\n<p>&#8211; Els alumnes que cursen o opten per cursar ensenyaments professionals de\u00a0<strong>m\u00fasica o de dansa<\/strong>. En el moment de fer\u00a0la sol\u00b7licitud de preinscripci\u00f3 i en formalitzar la matr\u00edcula han de declarar que estan matriculats o admesos pendents de matricula en un centre autoritzat per cursar ensenyaments professionals.<\/p>\n<p>&#8211; Els alumnes que segueixen\u00a0<strong>programes esportius<\/strong>\u00a0d\u2019alt rendiment (inclosos els esportistes integrats en la tecnificaci\u00f3 esportiva i els esportistes d\u2019alt nivell o alt rendiment). Aquesta condici\u00f3 s&#8217;acredita amb un dels documenst seg\u00fcents:<\/p>\n<ul>\n<li>Certificat del Consell Catal\u00e0 de l\u2019Esport que especifiqui que formen part del pla de tecnificaci\u00f3 del programa ARC (alt rendiment catal\u00e0), per als esportistes que es troben en l\u2019etapa de tecnificaci\u00f3 esportiva.<\/li>\n<li>Certificat del Consell Catal\u00e0 de l\u2019Esport que ratifiqui el certificat del Consell Superior d\u2019Esport, per als esportistes d\u2019alt rendiment segons el Reial decret 971\/2007.<\/li>\n<li>Relaci\u00f3 d\u2019esportistes d\u2019alt nivell publicada al DOGC o BOE per als esportistes d\u2019alt nivell.<\/li>\n<\/ul>\n<h4><\/h4>\n<p>&nbsp;<\/p>\n","protected":false},"excerpt":{"rendered":"<p>Els terminis per la preinscripci\u00f3 a qualsevol nivell de l&#8217;ESO s\u00f3n els seg\u00fcents (podeu descarregar-vos en pdf el calendari i els criteris i documentaci\u00f3) : Publicaci\u00f3 de l&#8217;oferta de places escolars: 18 de mar\u00e7 de 2016 Termini per presentar la\u00a0sol\u00b7licitud:\u00a0del 30 de mar\u00e7 al 7 d\u2019abril de 2016\u00a0(es pot enviar la sol\u00b7licitud per Internet fins [&hellip;]<\/p>\n","protected":false},"author":1,"featured_media":1234,"comment_status":"open","ping_status":"open","sticky":false,"template":"","format":"standard","meta":{"_bbp_topic_count":0,"_bbp_reply_count":0,"_bbp_total_topic_count":0,"_bbp_total_reply_count":0,"_bbp_voice_count":0,"_bbp_anonymous_reply_count":0,"_bbp_topic_count_hidden":0,"_bbp_reply_count_hidden":0,"_bbp_forum_subforum_count":0,"site-sidebar-layout":"default","site-content-layout":"","ast-site-content-layout":"","site-content-style":"default","site-sidebar-style":"default","ast-global-header-display":"","ast-banner-title-visibility":"","ast-main-header-display":"","ast-hfb-above-header-display":"","ast-hfb-below-header-display":"","ast-hfb-mobile-header-display":"","site-post-title":"","ast-breadcrumbs-content":"","ast-featured-img":"","footer-sml-layout":"","theme-transparent-header-meta":"","adv-header-id-meta":"","stick-header-meta":"","header-above-stick-meta":"","header-main-stick-meta":"","header-below-stick-meta":"","astra-migrate-meta-layouts":"default","ast-page-background-enabled":"default","ast-page-background-meta":{"desktop":{"background-color":"var(--ast-global-color-4)","background-image":"","background-repeat":"repeat","background-position":"center center","background-size":"auto","background-attachment":"scroll","background-type":"","background-media":"","overlay-type":"","overlay-color":"","overlay-opacity":"","overlay-gradient":""},"tablet":{"background-color":"","background-image":"","background-repeat":"repeat","background-position":"center center","background-size":"auto","background-attachment":"scroll","background-type":"","background-media":"","overlay-type":"","overlay-color":"","overlay-opacity":"","overlay-gradient":""},"mobile":{"background-color":"","background-image":"","background-repeat":"repeat","background-position":"center center","background-size":"auto","background-attachment":"scroll","background-type":"","background-media":"","overlay-type":"","overlay-color":"","overlay-opacity":"","overlay-gradient":""}},"ast-content-background-meta":{"desktop":{"background-color":"var(--ast-global-color-5)","background-image":"","background-repeat":"repeat","background-position":"center center","background-size":"auto","background-attachment":"scroll","background-type":"","background-media":"","overlay-type":"","overlay-color":"","overlay-opacity":"","overlay-gradient":""},"tablet":{"background-color":"var(--ast-global-color-5)","background-image":"","background-repeat":"repeat","background-position":"center center","background-size":"auto","background-attachment":"scroll","background-type":"","background-media":"","overlay-type":"","overlay-color":"","overlay-opacity":"","overlay-gradient":""},"mobile":{"background-color":"var(--ast-global-color-5)","background-image":"","background-repeat":"repeat","background-position":"center center","background-size":"auto","background-attachment":"scroll","background-type":"","background-media":"","overlay-type":"","overlay-color":"","overlay-opacity":"","overlay-gradient":""}},"footnotes":""},"categories":[3,4,5,6,7,1,29],"tags":[],"class_list":["post-1233","post","type-post","status-publish","format-standard","has-post-thumbnail","hentry","category-eso","category-eso-1","category-eso-2","category-eso-3","category-eso-4","category-general","category-portada"],"post_mailing_queue_ids":[],"_links":{"self":[{"href":"https:\/\/agora.xtec.cat\/iesjaumemimo\/wp-json\/wp\/v2\/posts\/1233","targetHints":{"allow":["GET"]}}],"collection":[{"href":"https:\/\/agora.xtec.cat\/iesjaumemimo\/wp-json\/wp\/v2\/posts"}],"about":[{"href":"https:\/\/agora.xtec.cat\/iesjaumemimo\/wp-json\/wp\/v2\/types\/post"}],"author":[{"embeddable":true,"href":"https:\/\/agora.xtec.cat\/iesjaumemimo\/wp-json\/wp\/v2\/users\/1"}],"replies":[{"embeddable":true,"href":"https:\/\/agora.xtec.cat\/iesjaumemimo\/wp-json\/wp\/v2\/comments?post=1233"}],"version-history":[{"count":4,"href":"https:\/\/agora.xtec.cat\/iesjaumemimo\/wp-json\/wp\/v2\/posts\/1233\/revisions"}],"predecessor-version":[{"id":1252,"href":"https:\/\/agora.xtec.cat\/iesjaumemimo\/wp-json\/wp\/v2\/posts\/1233\/revisions\/1252"}],"wp:featuredmedia":[{"embeddable":true,"href":"https:\/\/agora.xtec.cat\/iesjaumemimo\/wp-json\/wp\/v2\/media\/1234"}],"wp:attachment":[{"href":"https:\/\/agora.xtec.cat\/iesjaumemimo\/wp-json\/wp\/v2\/media?parent=1233"}],"wp:term":[{"taxonomy":"category","embeddable":true,"href":"https:\/\/agora.xtec.cat\/iesjaumemimo\/wp-json\/wp\/v2\/categories?post=1233"},{"taxonomy":"post_tag","embeddable":true,"href":"https:\/\/agora.xtec.cat\/iesjaumemimo\/wp-json\/wp\/v2\/tags?post=1233"}],"curies":[{"name":"wp","href":"https:\/\/api.w.org\/{rel}","templated":true}]}}