{"id":7350,"date":"2021-06-14T16:43:59","date_gmt":"2021-06-14T14:43:59","guid":{"rendered":"https:\/\/agora.xtec.cat\/iesjaumecallis\/?p=7350"},"modified":"2021-06-14T23:09:41","modified_gmt":"2021-06-14T21:09:41","slug":"sortida-filosofia-barcelona-ideal-gustav-klimt","status":"publish","type":"post","link":"https:\/\/agora.xtec.cat\/iesjaumecallis\/general\/sortida-filosofia-barcelona-ideal-gustav-klimt\/","title":{"rendered":"Sortida Filosofia Barcelona. IDEAL: Gustav Klimt"},"content":{"rendered":"<p dir=\"ltr\">El passat divendres 11 de juny, els alumnes de filosofia de 4t d\u2019ESO, vam anar a l&#8217;exposici\u00f3 \u201cIdeal\u201d a Barcelona, amb la finalitat d\u2019aconseguir una experi\u00e8ncia est\u00e8tica, ja que a classe vam estar treballant diversos conceptes d\u2019est\u00e8tica.<\/p>\n<p dir=\"ltr\">A les 8:00 vam sortir de l\u2019Institut Jaume Call\u00eds amb autob\u00fas i a les 9.10 vam arribar al museu. All\u00e0, vam decidir que anir\u00edem a esmorzar, ja que, l&#8217;exposici\u00f3 no comen\u00e7ava fins a les 10:00. Una vegada a dins, vam entrar a mirar les primeres sales de l\u2019exposici\u00f3.<\/p>\n<p dir=\"ltr\">A la primera sala, hi havia El pet\u00f3, un quadre molt fam\u00f3s de Gustav Klimt. No estava exposat com en un museu normal, aquest quadre en concret estava posat com si fos una manualitat i per l\u2019altre era com una figura de pedra amb el quadre projectat.<\/p>\n<p dir=\"ltr\">La sala que seguia hi havien uns quadres on es veien els estampats ampliats. M\u00e9s endavant hi havia una sala amb llibres, quadres i vestits dels segles XIX-XX.<\/p>\n<p dir=\"ltr\">Seguidament vam entrar a la sala immersiva, un espai on hi havia un projecte audiovisual on es projectaven quadres i escenes de la biografia de Klimt. Era una sala molt gran, amb m\u00fasica i imatge. Fins i tot el terra tenia projeccions per generar un impacte m\u00e9s gran a l\u2019espectador!<\/p>\n<p dir=\"ltr\">Finalment, vam entrar en una sala amb cadires on ens posaven unes ulleres de realitat virtual i uns cascos. L\u2019experi\u00e8ncia de poder percebre les obres de Klimt d\u2019aquesta manera \u00e9s inexplicable i molt recomanable!<\/p>\n<p dir=\"ltr\">Quan vam acabar la vista vam anar a la platja i ens vam poder relaxar i evadir despr\u00e9s de tot un curs treballant molt.<\/p>\n<p dir=\"ltr\">Alumnes de 4t d\u2019ESO de Filosofia.<\/p>\n<p dir=\"ltr\"><img loading=\"lazy\" decoding=\"async\" class=\"aligncenter wp-image-7351 size-full\" src=\"https:\/\/agora.xtec.cat\/iesjaumecallis\/wp-content\/uploads\/usu113\/2021\/06\/IMG20210611110829.jpg\" alt=\"\" width=\"997\" height=\"529\" srcset=\"https:\/\/agora.xtec.cat\/iesjaumecallis\/wp-content\/uploads\/usu113\/2021\/06\/IMG20210611110829.jpg 997w, https:\/\/agora.xtec.cat\/iesjaumecallis\/wp-content\/uploads\/usu113\/2021\/06\/IMG20210611110829-300x159.jpg 300w, https:\/\/agora.xtec.cat\/iesjaumecallis\/wp-content\/uploads\/usu113\/2021\/06\/IMG20210611110829-768x407.jpg 768w\" sizes=\"auto, (max-width: 997px) 100vw, 997px\" \/><\/p>\n","protected":false},"excerpt":{"rendered":"<p>El passat divendres 11 de juny, els alumnes de filosofia de 4t d\u2019ESO, vam anar a l&#8217;exposici\u00f3 \u201cIdeal\u201d a Barcelona, amb la finalitat d\u2019aconseguir una experi\u00e8ncia est\u00e8tica, ja que a classe vam estar treballant diversos conceptes d\u2019est\u00e8tica. A les 8:00 vam sortir de l\u2019Institut Jaume Call\u00eds amb autob\u00fas i a les 9.10 vam arribar al [&hellip;]<\/p>\n","protected":false},"author":26,"featured_media":7351,"comment_status":"open","ping_status":"closed","sticky":false,"template":"","format":"standard","meta":{"_bbp_topic_count":0,"_bbp_reply_count":0,"_bbp_total_topic_count":0,"_bbp_total_reply_count":0,"_bbp_voice_count":0,"_bbp_anonymous_reply_count":0,"_bbp_topic_count_hidden":0,"_bbp_reply_count_hidden":0,"_bbp_forum_subforum_count":0,"site-sidebar-layout":"default","site-content-layout":"","ast-site-content-layout":"","site-content-style":"default","site-sidebar-style":"default","ast-global-header-display":"","ast-banner-title-visibility":"","ast-main-header-display":"","ast-hfb-above-header-display":"","ast-hfb-below-header-display":"","ast-hfb-mobile-header-display":"","site-post-title":"","ast-breadcrumbs-content":"","ast-featured-img":"","footer-sml-layout":"","theme-transparent-header-meta":"","adv-header-id-meta":"","stick-header-meta":"","header-above-stick-meta":"","header-main-stick-meta":"","header-below-stick-meta":"","astra-migrate-meta-layouts":"default","ast-page-background-enabled":"default","ast-page-background-meta":{"desktop":{"background-color":"var(--ast-global-color-4)","background-image":"","background-repeat":"repeat","background-position":"center center","background-size":"auto","background-attachment":"scroll","background-type":"","background-media":"","overlay-type":"","overlay-color":"","overlay-opacity":"","overlay-gradient":""},"tablet":{"background-color":"","background-image":"","background-repeat":"repeat","background-position":"center center","background-size":"auto","background-attachment":"scroll","background-type":"","background-media":"","overlay-type":"","overlay-color":"","overlay-opacity":"","overlay-gradient":""},"mobile":{"background-color":"","background-image":"","background-repeat":"repeat","background-position":"center center","background-size":"auto","background-attachment":"scroll","background-type":"","background-media":"","overlay-type":"","overlay-color":"","overlay-opacity":"","overlay-gradient":""}},"ast-content-background-meta":{"desktop":{"background-color":"var(--ast-global-color-5)","background-image":"","background-repeat":"repeat","background-position":"center center","background-size":"auto","background-attachment":"scroll","background-type":"","background-media":"","overlay-type":"","overlay-color":"","overlay-opacity":"","overlay-gradient":""},"tablet":{"background-color":"var(--ast-global-color-5)","background-image":"","background-repeat":"repeat","background-position":"center center","background-size":"auto","background-attachment":"scroll","background-type":"","background-media":"","overlay-type":"","overlay-color":"","overlay-opacity":"","overlay-gradient":""},"mobile":{"background-color":"var(--ast-global-color-5)","background-image":"","background-repeat":"repeat","background-position":"center center","background-size":"auto","background-attachment":"scroll","background-type":"","background-media":"","overlay-type":"","overlay-color":"","overlay-opacity":"","overlay-gradient":""}},"footnotes":""},"categories":[7,1,29],"tags":[],"class_list":["post-7350","post","type-post","status-publish","format-standard","has-post-thumbnail","hentry","category-eso-4","category-general","category-portada"],"post_mailing_queue_ids":[],"_links":{"self":[{"href":"https:\/\/agora.xtec.cat\/iesjaumecallis\/wp-json\/wp\/v2\/posts\/7350","targetHints":{"allow":["GET"]}}],"collection":[{"href":"https:\/\/agora.xtec.cat\/iesjaumecallis\/wp-json\/wp\/v2\/posts"}],"about":[{"href":"https:\/\/agora.xtec.cat\/iesjaumecallis\/wp-json\/wp\/v2\/types\/post"}],"author":[{"embeddable":true,"href":"https:\/\/agora.xtec.cat\/iesjaumecallis\/wp-json\/wp\/v2\/users\/26"}],"replies":[{"embeddable":true,"href":"https:\/\/agora.xtec.cat\/iesjaumecallis\/wp-json\/wp\/v2\/comments?post=7350"}],"version-history":[{"count":2,"href":"https:\/\/agora.xtec.cat\/iesjaumecallis\/wp-json\/wp\/v2\/posts\/7350\/revisions"}],"predecessor-version":[{"id":7353,"href":"https:\/\/agora.xtec.cat\/iesjaumecallis\/wp-json\/wp\/v2\/posts\/7350\/revisions\/7353"}],"wp:featuredmedia":[{"embeddable":true,"href":"https:\/\/agora.xtec.cat\/iesjaumecallis\/wp-json\/wp\/v2\/media\/7351"}],"wp:attachment":[{"href":"https:\/\/agora.xtec.cat\/iesjaumecallis\/wp-json\/wp\/v2\/media?parent=7350"}],"wp:term":[{"taxonomy":"category","embeddable":true,"href":"https:\/\/agora.xtec.cat\/iesjaumecallis\/wp-json\/wp\/v2\/categories?post=7350"},{"taxonomy":"post_tag","embeddable":true,"href":"https:\/\/agora.xtec.cat\/iesjaumecallis\/wp-json\/wp\/v2\/tags?post=7350"}],"curies":[{"name":"wp","href":"https:\/\/api.w.org\/{rel}","templated":true}]}}