{"id":1225,"date":"2017-02-08T11:39:09","date_gmt":"2017-02-08T10:39:09","guid":{"rendered":"http:\/\/agora.xtec.cat\/iesjaumecallis\/?p=1225"},"modified":"2017-02-08T11:39:09","modified_gmt":"2017-02-08T10:39:09","slug":"programa-tv-1-parlant-del-dol-families-i-escola","status":"publish","type":"post","link":"https:\/\/agora.xtec.cat\/iesjaumecallis\/afa\/programa-tv-1-parlant-del-dol-families-i-escola\/","title":{"rendered":"Programa TV 1 &#8220;Parlant del dol&#8221; (\u201cFam\u00edlies i escola\u201d)"},"content":{"rendered":"<p>Benvolguda AMPA,<\/p>\n<p>&nbsp;<\/p>\n<p>Com ja us varem anunciar, ja han comen\u00e7at les emissions del <strong><b>programa TV \u201cFam\u00edlies i escola\u201d<\/b><\/strong>, al qual hi col\u00b7laborem. En aquesta ocasi\u00f3 el tema \u00e9s <strong><b>\u201c<\/b><\/strong><strong><b>Parlem del dol\u201d.<\/b><\/strong> Trobareu l&#8217;acc\u00e9s a la nostre web <strong><b><a href=\"http:\/\/www.fapaes.cat\/\" target=\"_blank\" data-saferedirecturl=\"https:\/\/www.google.com\/url?hl=ca&amp;q=http:\/\/www.fapaes.cat\/&amp;source=gmail&amp;ust=1486633162035000&amp;usg=AFQjCNEVbvBr49hkw5RKlS5iOeYopCvnYw\">www.fapaes.cat<\/a><\/b><\/strong><\/p>\n<p>&nbsp;<\/p>\n<table>\n<tbody>\n<tr>\n<td colspan=\"1\"><\/td>\n<td colspan=\"2\"><a href=\"http:\/\/www.fapaes.cat\/\" target=\"_blank\" data-saferedirecturl=\"https:\/\/www.google.com\/url?hl=ca&amp;q=http:\/\/www.fapaes.cat\/&amp;source=gmail&amp;ust=1486633162035000&amp;usg=AFQjCNEVbvBr49hkw5RKlS5iOeYopCvnYw\">FAPAES | Federaci\u00f3 d&#8217;Associacions de Pares d&#8217;Alumnes d &#8230;<\/a><\/p>\n<p><a href=\"http:\/\/www.fapaes.cat\" data-saferedirecturl=\"https:\/\/www.google.com\/url?hl=ca&amp;q=http:\/\/www.fapaes.cat&amp;source=gmail&amp;ust=1486633162035000&amp;usg=AFQjCNGrFTmEvKBZza3YHssXHoIg7cv_Pg\">www.fapaes.cat<\/a><\/p>\n<p>QUI SOM. Benvinguda de la junta directiva; Estatuts; Qu\u00e8 oferim a les nostres AMPA; Portal de transpar\u00e8ncia; Novetats; RECURSOS PER A AMPA. Formaci\u00f3; Programes i &#8230;<\/td>\n<\/tr>\n<\/tbody>\n<\/table>\n<p>o a \u00a0<strong><strong><b><a href=\"http:\/\/blogstv.laxarxa.com\/familiesiescola\/2017\/01\/31\/estrenem-temporada-parlant-del-dol\/\" target=\"_blank\" data-saferedirecturl=\"https:\/\/www.google.com\/url?hl=ca&amp;q=http:\/\/blogstv.laxarxa.com\/familiesiescola\/2017\/01\/31\/estrenem-temporada-parlant-del-dol\/&amp;source=gmail&amp;ust=1486633162035000&amp;usg=AFQjCNEwzC_jVFBJJy7CbmSt5Faf2DCN3A\">http:\/\/blogstv.laxarxa.com\/familiesiescola\/2017\/01\/31\/estrenem-temporada-parlant-del-dol\/<\/a><\/b><\/strong><\/strong><\/p>\n<table>\n<tbody>\n<tr>\n<td colspan=\"1\"><\/td>\n<td colspan=\"2\"><a href=\"http:\/\/blogstv.laxarxa.com\/familiesiescola\/2017\/01\/31\/estrenem-temporada-parlant-del-dol\/\" target=\"_blank\" data-saferedirecturl=\"https:\/\/www.google.com\/url?hl=ca&amp;q=http:\/\/blogstv.laxarxa.com\/familiesiescola\/2017\/01\/31\/estrenem-temporada-parlant-del-dol\/&amp;source=gmail&amp;ust=1486633162035000&amp;usg=AFQjCNEwzC_jVFBJJy7CbmSt5Faf2DCN3A\">Estrenem temporada parlant del dol<\/a><\/p>\n<p><a href=\"http:\/\/blogstv.laxarxa.com\" target=\"_blank\" data-saferedirecturl=\"https:\/\/www.google.com\/url?hl=ca&amp;q=http:\/\/blogstv.laxarxa.com&amp;source=gmail&amp;ust=1486633162035000&amp;usg=AFQjCNEwrZVt_yqdxpIZ4legqeJBN35NzQ\">blogstv.laxarxa.com<\/a><\/p>\n<p>Com tractar el tema de la mort amb els infants? Dos experts en dol, Xusa Serra i Edward Herreweghe, ens donen pautes de com actuar quan perdem alg\u00fa proper a la<\/td>\n<\/tr>\n<\/tbody>\n<\/table>\n<p>&nbsp;<\/p>\n<h3><u>Presentaci\u00f3<\/u> del programa:<\/h3>\n<p>&nbsp;<\/p>\n<p><em><i>Com tractar el tema de la mort amb els infants? Dos experts en dol,\u00a0<strong><strong>Xusa Serra<\/strong><\/strong>\u00a0i\u00a0<strong><strong>Edward Herreweghe<\/strong><\/strong>, ens donen pautes de com actuar quan perdem alg\u00fa proper a la fam\u00edlia. Mauro Vega va perdre la seva dona quan el seu fill nom\u00e9s tenia cinc anys. Ell es va deixar assessorar i ajudar per un grup de dol, experi\u00e8ncia que ens explica.<\/i><\/em><\/p>\n<p><em><i>Una altra fam\u00edlia, els\u00a0<strong><strong>Marcet Rivas<\/strong><\/strong>, van intentar viure amb normalitat la mort de l\u2019avi, que \u00e9s normalment la primera que viuen els nens i nenes. Acompanyem Xusa Serra a uns tallers que imparteix a una escola de Prim\u00e0ria, per a nois i noies de sis\u00e8 i pel seu professorat. \u00c9s sorprenent la quantitat d\u2019emocions que mostra l\u2019alumnat quan es parla de p\u00e8rdues.<\/i><\/em><\/p>\n<p><em><i>Anem a una altra escola, la\u00a0<strong><strong>Cooperativa El Puig d\u2019Esparreguera<\/strong><\/strong>, on fa anys una alumna va morir i fins ara els seus companys l\u2019han mantingut en el record, gr\u00e0cies a una bona gesti\u00f3 que es va fer des del centre escolar.<\/i><\/em><br \/>\nDespr\u00e9s de veure el cap\u00edtol, ens quedem amb aquestes <u>conclusions:<\/u><\/p>\n<ul>\n<li><em><i>A l\u2019infant li interessa saber el que passa a la fam\u00edlia, quan hi ha dol<\/i><\/em><\/li>\n<li><em><i>Preparem, a poc a poc, els fills pel dia que nosaltres no hi siguem<\/i><\/em><\/li>\n<li><em><i>\u00c9s molt important que els fills expressin emocions<\/i><\/em><\/li>\n<li><em><i>L\u2019infant necessita sentir-se segur. Expliquem, amb les seves paraules, la veritat<\/i><\/em><\/li>\n<li><em><i>Si l\u2019infant fa una pregunta vol dir que est\u00e0 preparat per escoltar la resposta<\/i><\/em><\/li>\n<li><em><i>No apartem els infants de la fam\u00edlia, en el moment del dol<\/i><\/em><\/li>\n<li><em><i>Les caixetes amb records poden ajudar els nens a fer el proc\u00e9s de dol<\/i><\/em><\/li>\n<li><em><i>Parlar de la persona que ens ha deixat \u00e9s bo, per a l\u2019infant<\/i><\/em><\/li>\n<li><em><i>Si podem, busquem el suport familiar<\/i><\/em><\/li>\n<\/ul>\n<p>Us animem que en feu difusi\u00f3 del mateix a la vostra comunitat educativa, de ben segur que ser\u00e0 de gran inter\u00e8s per les fam\u00edlies (pares, mares i tamb\u00e9 alumnes) i equip docent del vostre centre.<\/p>\n<p>Si teniu algun suggeriment de tema, que us agradaria tractar a properes edicions, feu-nos-ho saber.<\/p>\n<p>&nbsp;<\/p>\n<p>Salutacions,<\/p>\n<p>Junta Directiva<\/p>\n<p>Tel. 932782143<\/p>\n<p><a href=\"mailto:fapaes@fapaes.cat\">fapaes@fapaes.cat<\/a><\/p>\n<p><a href=\"http:\/\/www.fapaes.cat\" data-saferedirecturl=\"https:\/\/www.google.com\/url?hl=ca&amp;q=http:\/\/www.fapaes.cat&amp;source=gmail&amp;ust=1486633162035000&amp;usg=AFQjCNGrFTmEvKBZza3YHssXHoIg7cv_Pg\">www.fapaes.cat<\/a><\/p>\n","protected":false},"excerpt":{"rendered":"<p>Benvolguda AMPA, &nbsp; Com ja us varem anunciar, ja han comen\u00e7at les emissions del programa TV \u201cFam\u00edlies i escola\u201d, al qual hi col\u00b7laborem. En aquesta ocasi\u00f3 el tema \u00e9s \u201cParlem del dol\u201d. Trobareu l&#8217;acc\u00e9s a la nostre web www.fapaes.cat &nbsp; FAPAES | Federaci\u00f3 d&#8217;Associacions de Pares d&#8217;Alumnes d &#8230; www.fapaes.cat QUI SOM. Benvinguda de la [&hellip;]<\/p>\n","protected":false},"author":1,"featured_media":0,"comment_status":"open","ping_status":"open","sticky":false,"template":"","format":"standard","meta":{"_bbp_topic_count":0,"_bbp_reply_count":0,"_bbp_total_topic_count":0,"_bbp_total_reply_count":0,"_bbp_voice_count":0,"_bbp_anonymous_reply_count":0,"_bbp_topic_count_hidden":0,"_bbp_reply_count_hidden":0,"_bbp_forum_subforum_count":0,"site-sidebar-layout":"default","site-content-layout":"","ast-site-content-layout":"","site-content-style":"default","site-sidebar-style":"default","ast-global-header-display":"","ast-banner-title-visibility":"","ast-main-header-display":"","ast-hfb-above-header-display":"","ast-hfb-below-header-display":"","ast-hfb-mobile-header-display":"","site-post-title":"","ast-breadcrumbs-content":"","ast-featured-img":"","footer-sml-layout":"","theme-transparent-header-meta":"","adv-header-id-meta":"","stick-header-meta":"","header-above-stick-meta":"","header-main-stick-meta":"","header-below-stick-meta":"","astra-migrate-meta-layouts":"default","ast-page-background-enabled":"default","ast-page-background-meta":{"desktop":{"background-color":"var(--ast-global-color-4)","background-image":"","background-repeat":"repeat","background-position":"center center","background-size":"auto","background-attachment":"scroll","background-type":"","background-media":"","overlay-type":"","overlay-color":"","overlay-opacity":"","overlay-gradient":""},"tablet":{"background-color":"","background-image":"","background-repeat":"repeat","background-position":"center center","background-size":"auto","background-attachment":"scroll","background-type":"","background-media":"","overlay-type":"","overlay-color":"","overlay-opacity":"","overlay-gradient":""},"mobile":{"background-color":"","background-image":"","background-repeat":"repeat","background-position":"center center","background-size":"auto","background-attachment":"scroll","background-type":"","background-media":"","overlay-type":"","overlay-color":"","overlay-opacity":"","overlay-gradient":""}},"ast-content-background-meta":{"desktop":{"background-color":"var(--ast-global-color-5)","background-image":"","background-repeat":"repeat","background-position":"center center","background-size":"auto","background-attachment":"scroll","background-type":"","background-media":"","overlay-type":"","overlay-color":"","overlay-opacity":"","overlay-gradient":""},"tablet":{"background-color":"var(--ast-global-color-5)","background-image":"","background-repeat":"repeat","background-position":"center center","background-size":"auto","background-attachment":"scroll","background-type":"","background-media":"","overlay-type":"","overlay-color":"","overlay-opacity":"","overlay-gradient":""},"mobile":{"background-color":"var(--ast-global-color-5)","background-image":"","background-repeat":"repeat","background-position":"center center","background-size":"auto","background-attachment":"scroll","background-type":"","background-media":"","overlay-type":"","overlay-color":"","overlay-opacity":"","overlay-gradient":""}},"footnotes":""},"categories":[31],"tags":[],"class_list":["post-1225","post","type-post","status-publish","format-standard","hentry","category-afa"],"post_mailing_queue_ids":[],"_links":{"self":[{"href":"https:\/\/agora.xtec.cat\/iesjaumecallis\/wp-json\/wp\/v2\/posts\/1225","targetHints":{"allow":["GET"]}}],"collection":[{"href":"https:\/\/agora.xtec.cat\/iesjaumecallis\/wp-json\/wp\/v2\/posts"}],"about":[{"href":"https:\/\/agora.xtec.cat\/iesjaumecallis\/wp-json\/wp\/v2\/types\/post"}],"author":[{"embeddable":true,"href":"https:\/\/agora.xtec.cat\/iesjaumecallis\/wp-json\/wp\/v2\/users\/1"}],"replies":[{"embeddable":true,"href":"https:\/\/agora.xtec.cat\/iesjaumecallis\/wp-json\/wp\/v2\/comments?post=1225"}],"version-history":[{"count":1,"href":"https:\/\/agora.xtec.cat\/iesjaumecallis\/wp-json\/wp\/v2\/posts\/1225\/revisions"}],"predecessor-version":[{"id":1226,"href":"https:\/\/agora.xtec.cat\/iesjaumecallis\/wp-json\/wp\/v2\/posts\/1225\/revisions\/1226"}],"wp:attachment":[{"href":"https:\/\/agora.xtec.cat\/iesjaumecallis\/wp-json\/wp\/v2\/media?parent=1225"}],"wp:term":[{"taxonomy":"category","embeddable":true,"href":"https:\/\/agora.xtec.cat\/iesjaumecallis\/wp-json\/wp\/v2\/categories?post=1225"},{"taxonomy":"post_tag","embeddable":true,"href":"https:\/\/agora.xtec.cat\/iesjaumecallis\/wp-json\/wp\/v2\/tags?post=1225"}],"curies":[{"name":"wp","href":"https:\/\/api.w.org\/{rel}","templated":true}]}}