{"id":1211,"date":"2017-02-06T21:31:53","date_gmt":"2017-02-06T20:31:53","guid":{"rendered":"http:\/\/agora.xtec.cat\/iesjaumecallis\/?p=1211"},"modified":"2017-02-27T20:55:58","modified_gmt":"2017-02-27T19:55:58","slug":"matricula-oberta-als-ensenyaments-desports","status":"publish","type":"post","link":"https:\/\/agora.xtec.cat\/iesjaumecallis\/portada\/matricula-oberta-als-ensenyaments-desports\/","title":{"rendered":"MATR\u00cdCULA OBERTA ALS ENSENYAMENTS D&#8217;ESPORTS"},"content":{"rendered":"<div>MATR\u00cdCULA OBERTA DEL <span style=\"font-size: large;\"><b>2n nivell de futbol i bloc com\u00fa de 2n de tots els esports (futbol, b\u00e0squet, futbol sala, atletisme&#8230;&#8230;)<\/b><\/span><\/div>\n<div><\/div>\n<p>&nbsp;<\/p>\n<div><span style=\"font-size: large;\"><span style=\"font-size: large;\">dies de matr\u00edcula: des del 20 al 28 de febrer <span style=\"color: #0000ff;\">(el 27 de febrer \u00e9s festiu a les escoles i instituts de Vic)<br \/>\n<\/span> <\/span><\/span><\/p>\n<pre><\/pre>\n<p><span style=\"font-size: large;\"><br \/>\n<\/span><\/p>\n<\/div>\n<div><span style=\"font-size: large;\">horari oficines: de dilluns a divendres de les 11.30 a les 14 h.<br \/>\n<\/span><\/div>\n<div><span style=\"font-size: large;\">\u00a0\u00a0\u00a0\u00a0\u00a0\u00a0\u00a0\u00a0\u00a0\u00a0\u00a0\u00a0\u00a0\u00a0\u00a0\u00a0\u00a0\u00a0\u00a0\u00a0\u00a0\u00a0\u00a0\u00a0\u00a0\u00a0\u00a0\u00a0\u00a0 i dilluns tardes de les 16:30 a les 19 h.<br \/>\n<\/span><\/div>\n<p>&nbsp;<\/p>\n<div><span style=\"font-size: large;\"><b>presentaci\u00f3 del curs: dimarts 28 de febrer a les 17 h.<br \/>\n<\/b><\/span><\/div>\n<div><span style=\"font-size: large;\"><b>Inici classes: dimecres 1 de mar\u00e7<br \/>\n<\/b><\/span><\/div>\n<div><\/div>\n","protected":false},"excerpt":{"rendered":"<p>MATR\u00cdCULA OBERTA DEL 2n nivell de futbol i bloc com\u00fa de 2n de tots els esports (futbol, b\u00e0squet, futbol sala, atletisme&#8230;&#8230;) &nbsp; dies de matr\u00edcula: des del 20 al 28 de febrer (el 27 de febrer \u00e9s festiu a les escoles i instituts de Vic) horari oficines: de dilluns a divendres de les 11.30 a [&hellip;]<\/p>\n","protected":false},"author":1,"featured_media":0,"comment_status":"open","ping_status":"open","sticky":false,"template":"","format":"standard","meta":{"_bbp_topic_count":0,"_bbp_reply_count":0,"_bbp_total_topic_count":0,"_bbp_total_reply_count":0,"_bbp_voice_count":0,"_bbp_anonymous_reply_count":0,"_bbp_topic_count_hidden":0,"_bbp_reply_count_hidden":0,"_bbp_forum_subforum_count":0,"site-sidebar-layout":"default","site-content-layout":"","ast-site-content-layout":"","site-content-style":"default","site-sidebar-style":"default","ast-global-header-display":"","ast-banner-title-visibility":"","ast-main-header-display":"","ast-hfb-above-header-display":"","ast-hfb-below-header-display":"","ast-hfb-mobile-header-display":"","site-post-title":"","ast-breadcrumbs-content":"","ast-featured-img":"","footer-sml-layout":"","theme-transparent-header-meta":"","adv-header-id-meta":"","stick-header-meta":"","header-above-stick-meta":"","header-main-stick-meta":"","header-below-stick-meta":"","astra-migrate-meta-layouts":"default","ast-page-background-enabled":"default","ast-page-background-meta":{"desktop":{"background-color":"var(--ast-global-color-4)","background-image":"","background-repeat":"repeat","background-position":"center center","background-size":"auto","background-attachment":"scroll","background-type":"","background-media":"","overlay-type":"","overlay-color":"","overlay-opacity":"","overlay-gradient":""},"tablet":{"background-color":"","background-image":"","background-repeat":"repeat","background-position":"center center","background-size":"auto","background-attachment":"scroll","background-type":"","background-media":"","overlay-type":"","overlay-color":"","overlay-opacity":"","overlay-gradient":""},"mobile":{"background-color":"","background-image":"","background-repeat":"repeat","background-position":"center center","background-size":"auto","background-attachment":"scroll","background-type":"","background-media":"","overlay-type":"","overlay-color":"","overlay-opacity":"","overlay-gradient":""}},"ast-content-background-meta":{"desktop":{"background-color":"var(--ast-global-color-5)","background-image":"","background-repeat":"repeat","background-position":"center center","background-size":"auto","background-attachment":"scroll","background-type":"","background-media":"","overlay-type":"","overlay-color":"","overlay-opacity":"","overlay-gradient":""},"tablet":{"background-color":"var(--ast-global-color-5)","background-image":"","background-repeat":"repeat","background-position":"center center","background-size":"auto","background-attachment":"scroll","background-type":"","background-media":"","overlay-type":"","overlay-color":"","overlay-opacity":"","overlay-gradient":""},"mobile":{"background-color":"var(--ast-global-color-5)","background-image":"","background-repeat":"repeat","background-position":"center center","background-size":"auto","background-attachment":"scroll","background-type":"","background-media":"","overlay-type":"","overlay-color":"","overlay-opacity":"","overlay-gradient":""}},"footnotes":""},"categories":[100,29],"tags":[],"class_list":["post-1211","post","type-post","status-publish","format-standard","hentry","category-estudis","category-portada"],"post_mailing_queue_ids":[],"_links":{"self":[{"href":"https:\/\/agora.xtec.cat\/iesjaumecallis\/wp-json\/wp\/v2\/posts\/1211","targetHints":{"allow":["GET"]}}],"collection":[{"href":"https:\/\/agora.xtec.cat\/iesjaumecallis\/wp-json\/wp\/v2\/posts"}],"about":[{"href":"https:\/\/agora.xtec.cat\/iesjaumecallis\/wp-json\/wp\/v2\/types\/post"}],"author":[{"embeddable":true,"href":"https:\/\/agora.xtec.cat\/iesjaumecallis\/wp-json\/wp\/v2\/users\/1"}],"replies":[{"embeddable":true,"href":"https:\/\/agora.xtec.cat\/iesjaumecallis\/wp-json\/wp\/v2\/comments?post=1211"}],"version-history":[{"count":3,"href":"https:\/\/agora.xtec.cat\/iesjaumecallis\/wp-json\/wp\/v2\/posts\/1211\/revisions"}],"predecessor-version":[{"id":1279,"href":"https:\/\/agora.xtec.cat\/iesjaumecallis\/wp-json\/wp\/v2\/posts\/1211\/revisions\/1279"}],"wp:attachment":[{"href":"https:\/\/agora.xtec.cat\/iesjaumecallis\/wp-json\/wp\/v2\/media?parent=1211"}],"wp:term":[{"taxonomy":"category","embeddable":true,"href":"https:\/\/agora.xtec.cat\/iesjaumecallis\/wp-json\/wp\/v2\/categories?post=1211"},{"taxonomy":"post_tag","embeddable":true,"href":"https:\/\/agora.xtec.cat\/iesjaumecallis\/wp-json\/wp\/v2\/tags?post=1211"}],"curies":[{"name":"wp","href":"https:\/\/api.w.org\/{rel}","templated":true}]}}