{"id":11591,"date":"2026-09-02T12:01:21","date_gmt":"2026-09-02T10:01:21","guid":{"rendered":"https:\/\/agora.xtec.cat\/iesjaumecallis\/?p=11591"},"modified":"2026-09-02T12:01:21","modified_gmt":"2026-09-02T10:01:21","slug":"tot-en-marxa-pel-curs-2026-2027","status":"publish","type":"post","link":"https:\/\/agora.xtec.cat\/iesjaumecallis\/general\/tot-en-marxa-pel-curs-2026-2027\/","title":{"rendered":"Tot en marxa pel curs 2026\/2027"},"content":{"rendered":"<p class=\"isSelectedEnd\">El curs ja ha comen\u00e7at a caminar al Call\u00eds. Abans que les aules s\u2019omplin d\u2019alumnat i que soni el primer timbre, el professorat del centre ja ha repr\u00e8s la feina amb l\u2019objectiu de preparar un nou curs amb il\u00b7lusi\u00f3, comprom\u00eds i responsabilitat.<\/p>\n<p class=\"isSelectedEnd\">Aquests primers dies han servit per posar en com\u00fa les l\u00ednies de treball del curs, organitzar les diferents tasques i establir les prioritats que marcaran el dia a dia del centre. En aquest context, s\u2019ha celebrat el <strong>primer claustre del curs<\/strong>, un espai de trobada i coordinaci\u00f3 que permet comen\u00e7ar a treballar de manera conjunta i afrontar els reptes que planteja el nou curs.<\/p>\n<p class=\"isSelectedEnd\">El claustre tamb\u00e9 ha estat el moment de <strong>presentar i donar la benvinguda als nous professors i professores<\/strong> que s\u2019incorporen aquest any al Call\u00eds. Noves incorporacions que aporten experi\u00e8ncia, coneixements i noves mirades i que passen a formar part d\u2019un equip que treballa de manera coordinada per donar resposta a les necessitats de l\u2019alumnat.<\/p>\n<p class=\"isSelectedEnd\">Comen\u00e7a, per tant, un curs que demanar\u00e0 <strong>feina, implicaci\u00f3 i responsabilitat<\/strong>. La tasca del professorat va molt m\u00e9s enll\u00e0 de les hores de classe: preparar activitats, fer seguiment de l\u2019alumnat, coordinar-se amb els companys i companyes, buscar noves maneres d\u2019ensenyar i acompanyar els estudiants en el seu proc\u00e9s d\u2019aprenentatge s\u00f3n nom\u00e9s una part de la feina que es desenvolupa cada dia al centre.<\/p>\n<p>Amb aquesta mirada posada en el curs que tenim al davant, el professorat del Call\u00eds ja ha comen\u00e7at a treballar. Amb ganes de fer-ho b\u00e9, de continuar avan\u00e7ant i, sobretot, de contribuir a construir un curs ple d\u2019aprenentatges i oportunitats.<a href=\"https:\/\/agora.xtec.cat\/iesjaumecallis\/wp-content\/uploads\/usu113\/2026\/09\/claustre1-1.jpg\"><img loading=\"lazy\" decoding=\"async\" class=\"alignnone size-large wp-image-11593\" src=\"https:\/\/agora.xtec.cat\/iesjaumecallis\/wp-content\/uploads\/usu113\/2026\/09\/claustre1-1-768x1024.jpg\" alt=\"\" width=\"768\" height=\"1024\" srcset=\"https:\/\/agora.xtec.cat\/iesjaumecallis\/wp-content\/uploads\/usu113\/2026\/09\/claustre1-1-768x1024.jpg 768w, https:\/\/agora.xtec.cat\/iesjaumecallis\/wp-content\/uploads\/usu113\/2026\/09\/claustre1-1-225x300.jpg 225w, https:\/\/agora.xtec.cat\/iesjaumecallis\/wp-content\/uploads\/usu113\/2026\/09\/claustre1-1.jpg 1024w\" sizes=\"auto, (max-width: 768px) 100vw, 768px\" \/><\/a><\/p>\n","protected":false},"excerpt":{"rendered":"<p>El curs ja ha comen\u00e7at a caminar al Call\u00eds. Abans que les aules s\u2019omplin d\u2019alumnat i que soni el primer timbre, el professorat del centre ja ha repr\u00e8s la feina amb l\u2019objectiu de preparar un nou curs amb il\u00b7lusi\u00f3, comprom\u00eds i responsabilitat. Aquests primers dies han servit per posar en com\u00fa les l\u00ednies de treball [&hellip;]<\/p>\n","protected":false},"author":1,"featured_media":11593,"comment_status":"open","ping_status":"open","sticky":false,"template":"","format":"standard","meta":{"_bbp_topic_count":0,"_bbp_reply_count":0,"_bbp_total_topic_count":0,"_bbp_total_reply_count":0,"_bbp_voice_count":0,"_bbp_anonymous_reply_count":0,"_bbp_topic_count_hidden":0,"_bbp_reply_count_hidden":0,"_bbp_forum_subforum_count":0,"site-sidebar-layout":"default","site-content-layout":"","ast-site-content-layout":"default","site-content-style":"default","site-sidebar-style":"default","ast-global-header-display":"","ast-banner-title-visibility":"","ast-main-header-display":"","ast-hfb-above-header-display":"","ast-hfb-below-header-display":"","ast-hfb-mobile-header-display":"","site-post-title":"","ast-breadcrumbs-content":"","ast-featured-img":"","footer-sml-layout":"","theme-transparent-header-meta":"default","adv-header-id-meta":"","stick-header-meta":"","header-above-stick-meta":"","header-main-stick-meta":"","header-below-stick-meta":"","astra-migrate-meta-layouts":"set","ast-page-background-enabled":"default","ast-page-background-meta":{"desktop":{"background-color":"var(--ast-global-color-4)","background-image":"","background-repeat":"repeat","background-position":"center center","background-size":"auto","background-attachment":"scroll","background-type":"","background-media":"","overlay-type":"","overlay-color":"","overlay-opacity":"","overlay-gradient":""},"tablet":{"background-color":"","background-image":"","background-repeat":"repeat","background-position":"center center","background-size":"auto","background-attachment":"scroll","background-type":"","background-media":"","overlay-type":"","overlay-color":"","overlay-opacity":"","overlay-gradient":""},"mobile":{"background-color":"","background-image":"","background-repeat":"repeat","background-position":"center center","background-size":"auto","background-attachment":"scroll","background-type":"","background-media":"","overlay-type":"","overlay-color":"","overlay-opacity":"","overlay-gradient":""}},"ast-content-background-meta":{"desktop":{"background-color":"var(--ast-global-color-5)","background-image":"","background-repeat":"repeat","background-position":"center center","background-size":"auto","background-attachment":"scroll","background-type":"","background-media":"","overlay-type":"","overlay-color":"","overlay-opacity":"","overlay-gradient":""},"tablet":{"background-color":"var(--ast-global-color-5)","background-image":"","background-repeat":"repeat","background-position":"center center","background-size":"auto","background-attachment":"scroll","background-type":"","background-media":"","overlay-type":"","overlay-color":"","overlay-opacity":"","overlay-gradient":""},"mobile":{"background-color":"var(--ast-global-color-5)","background-image":"","background-repeat":"repeat","background-position":"center center","background-size":"auto","background-attachment":"scroll","background-type":"","background-media":"","overlay-type":"","overlay-color":"","overlay-opacity":"","overlay-gradient":""}},"footnotes":""},"categories":[8,3,1,29,239],"tags":[],"class_list":["post-11591","post","type-post","status-publish","format-standard","has-post-thumbnail","hentry","category-batxillerat","category-eso","category-general","category-portada","category-professorat"],"post_mailing_queue_ids":[],"_links":{"self":[{"href":"https:\/\/agora.xtec.cat\/iesjaumecallis\/wp-json\/wp\/v2\/posts\/11591","targetHints":{"allow":["GET"]}}],"collection":[{"href":"https:\/\/agora.xtec.cat\/iesjaumecallis\/wp-json\/wp\/v2\/posts"}],"about":[{"href":"https:\/\/agora.xtec.cat\/iesjaumecallis\/wp-json\/wp\/v2\/types\/post"}],"author":[{"embeddable":true,"href":"https:\/\/agora.xtec.cat\/iesjaumecallis\/wp-json\/wp\/v2\/users\/1"}],"replies":[{"embeddable":true,"href":"https:\/\/agora.xtec.cat\/iesjaumecallis\/wp-json\/wp\/v2\/comments?post=11591"}],"version-history":[{"count":1,"href":"https:\/\/agora.xtec.cat\/iesjaumecallis\/wp-json\/wp\/v2\/posts\/11591\/revisions"}],"predecessor-version":[{"id":11594,"href":"https:\/\/agora.xtec.cat\/iesjaumecallis\/wp-json\/wp\/v2\/posts\/11591\/revisions\/11594"}],"wp:featuredmedia":[{"embeddable":true,"href":"https:\/\/agora.xtec.cat\/iesjaumecallis\/wp-json\/wp\/v2\/media\/11593"}],"wp:attachment":[{"href":"https:\/\/agora.xtec.cat\/iesjaumecallis\/wp-json\/wp\/v2\/media?parent=11591"}],"wp:term":[{"taxonomy":"category","embeddable":true,"href":"https:\/\/agora.xtec.cat\/iesjaumecallis\/wp-json\/wp\/v2\/categories?post=11591"},{"taxonomy":"post_tag","embeddable":true,"href":"https:\/\/agora.xtec.cat\/iesjaumecallis\/wp-json\/wp\/v2\/tags?post=11591"}],"curies":[{"name":"wp","href":"https:\/\/api.w.org\/{rel}","templated":true}]}}