{"id":11384,"date":"2026-04-10T14:35:00","date_gmt":"2026-04-10T12:35:00","guid":{"rendered":"https:\/\/agora.xtec.cat\/iesjaumecallis\/?p=11384"},"modified":"2026-04-25T10:03:19","modified_gmt":"2026-04-25T08:03:19","slug":"convocatoria-oberta-beques-erasmus-26-27-per-a-alumnes-de-2n-3r-i-4t-deso-del-curs-25-26","status":"publish","type":"post","link":"https:\/\/agora.xtec.cat\/iesjaumecallis\/general\/convocatoria-oberta-beques-erasmus-26-27-per-a-alumnes-de-2n-3r-i-4t-deso-del-curs-25-26\/","title":{"rendered":"Convocat\u00f2ria oberta: Beques Erasmus 26-27 per a alumnes de 2n, 3r i 4t d\u2019ESO del curs 25-26"},"content":{"rendered":"<p><strong>S\u2019<em>obre la convocat\u00f2ria per a beques per a MOBILITATS ERASMUS\u00a0 per a alumnes que estiguin cursant 2n, 3r o 4t ESO aquest curs a l\u2019Institut Jaume Call\u00eds,<\/em> per al proper curs 2026-27<\/strong><\/p>\n<p>El termini de presentaci\u00f3 de la candidatura i la documentaci\u00f3 requerida acaba el<em><strong> 29 d\u2019abril del 2026<\/strong>.<\/em><\/p>\n<p>Els interessats han d\u2019entregar la documentaci\u00f3 a la seva professora d\u2019angl\u00e8s (3r o 4t ESO) o franc\u00e8s (2n ESO)<\/p>\n<p><a href=\"https:\/\/agora.xtec.cat\/iesjaumecallis\/wp-content\/uploads\/usu113\/2026\/03\/Captura-de-Pantalla-2026-03-17-a-les-15.59.13.png\"><img loading=\"lazy\" decoding=\"async\" class=\"alignnone size-full wp-image-11386\" src=\"https:\/\/agora.xtec.cat\/iesjaumecallis\/wp-content\/uploads\/usu113\/2026\/03\/Captura-de-Pantalla-2026-03-17-a-les-15.59.13.png\" alt=\"\" width=\"217\" height=\"102\" \/><\/a><\/p>\n<p>La notificaci\u00f3 de les resolucions de les diferents convocat\u00f2ries de mobilitats es far\u00e0 durant la setmana del 18 de maig de 2025.<\/p>\n<p>&nbsp;<\/p>\n<h6><em><strong>MODALITATS DE MOBILITATS QUE S\u2019OFEREIXEN I A QUINS CURSOS:<\/strong> <\/em><\/h6>\n<p>&nbsp;<\/p>\n<h3><span style=\"color: #ff6600;\">2n ESO:<\/span><\/h3>\n<ul>\n<li style=\"list-style-type: none;\">\n<ul>\n<li><span style=\"color: #ff6600;\"><strong><em>obert a alumnes que estan cursant franc\u00e8s 2n d\u2019ESO, i que el el proper curs 2026-27 cursaran franc\u00e8s a 3r ESO: <\/em><\/strong><\/span>\n<ul>\n<li style=\"list-style-type: none;\">\n<ul>\n<li style=\"list-style-type: none;\">\n<ul>\n<li style=\"list-style-type: none;\">\n<ul>\n<li style=\"list-style-type: none;\">\n<ul>\n<li><strong><em>Mobilitats (places) Erasmus de Grup d\u2019Alumnes (franc\u00e8s)<\/em><\/strong><\/li>\n<\/ul>\n<\/li>\n<\/ul>\n<p>&nbsp;<\/li>\n<\/ul>\n<\/li>\n<\/ul>\n<p><iframe loading=\"lazy\" src=\"https:\/\/docs.google.com\/presentation\/d\/e\/2PACX-1vReDnbeIutrVRZeF-3QD_tmozM59J6HtTmazswbSmTExEqwTCLOSJouPKRU36aNjx5i66cJS_WI2O-k\/pubembed?start=false&amp;loop=false&amp;delayms=3000\" width=\"480\" height=\"299\" frameborder=\"0\" allowfullscreen=\"allowfullscreen\"><\/iframe><\/li>\n<\/ul>\n<\/li>\n<\/ul>\n<\/li>\n<\/ul>\n<p>A la presentaci\u00f3 trobareu tota la informaci\u00f3 (destinacions, criteris de selecci\u00f3, calendari)\u00a0 i la documentaci\u00f3 per fer la sol.licitud<\/p>\n<p><strong>\u00a0 \u00a0 \u00a0 \u00a0 DOCUMENTACI\u00d3 PER A MOBILITATS DE GRUP D&#8217;ALUMNES DE FRANC\u00c8S:<\/strong><\/p>\n<ul>\n<li><a href=\"https:\/\/agora.xtec.cat\/iesjaumecallis\/wp-content\/uploads\/usu113\/2026\/04\/CriterisSeleccioAlumnes_FRANCES_MGA_Erasmus-3ESO_2026-27.docx.pdf\">Criteris de selecci\u00f3: CriterisSeleccioAlumnes_FRANC\u00c8S_MGA_Erasmus 3ESO_2026-27.docx<\/a><\/li>\n<li><a href=\"https:\/\/agora.xtec.cat\/iesjaumecallis\/wp-content\/uploads\/usu113\/2026\/04\/Compromis-Acollida_-MGA_-3ESO_frances1.docx\">Comprom\u00eds d&#8217;acollida: Compromis Acollida_ MGA_ 3ESO_frances(1)<\/a><\/li>\n<\/ul>\n<h2><span style=\"color: #ff00ff;\">3r ESO:<\/span><\/h2>\n<ul>\n<li style=\"list-style-type: none;\">\n<ul>\n<li style=\"list-style-type: none;\">\n<ul>\n<li aria-level=\"1\"><strong><em><span style=\"color: #ff00ff;\"> obert a alumnes que estan cursant 3r d\u2019ESO, i que el el proper curs 2026-27 cursaran 4t ESO:<\/span><br \/>\n<\/em><\/strong><\/p>\n<ul>\n<li style=\"list-style-type: none;\">\n<ul>\n<li aria-level=\"1\"><strong><em>Mobilitats (places) Erasmus de Llarga Durada<\/em><\/strong><\/li>\n<li><strong><em>\u00a0Mobilitats (places) Erasmus de Grup d\u2019Alumnes (angl\u00e8s)<\/em><\/strong><\/li>\n<\/ul>\n<\/li>\n<\/ul>\n<\/li>\n<\/ul>\n<\/li>\n<\/ul>\n<\/li>\n<li><\/li>\n<li style=\"list-style-type: none;\"><iframe loading=\"lazy\" src=\"https:\/\/docs.google.com\/presentation\/d\/e\/2PACX-1vTc_fa7ggcSIf1pNmxC8ZoqnKkU3DlexTpkYmXpQdWS8_Wi4u5HEf2N3IprfwIFKHliPzDMFSrmW8x6\/pubembed?start=false&amp;loop=false&amp;delayms=3000\" width=\"480\" height=\"299\" frameborder=\"0\" allowfullscreen=\"allowfullscreen\"><\/iframe>\n<ul>\n<li style=\"list-style-type: none;\">\n<ul>\n<li style=\"list-style-type: none;\"><strong>DOCUMENTACI\u00d3 PER A MOBILITATS DE GRUP D&#8217;ALUMNES (1 setmana):\u00a0<\/strong><\/li>\n<li>Criteris de selecci\u00f3: <a href=\"https:\/\/agora.xtec.cat\/iesjaumecallis\/wp-content\/uploads\/usu113\/2026\/04\/CriterisSeleccioAlumnes_ANGLES_MGA_Erasmus-4ESO_2026-27.docx.pdf\">CriterisSeleccioAlumnes_ANGL\u00c8S_MGA_Erasmus 4ESO_2026-27.docx<\/a><\/li>\n<li>Comprom\u00eds d&#8217;acollida: <a href=\"https:\/\/agora.xtec.cat\/iesjaumecallis\/wp-content\/uploads\/usu113\/2026\/04\/Compromis-Acollida_-MGA_-4ESO.docx\">Compromis Acollida_ MGA_ 4ESO<\/a><\/li>\n<\/ul>\n<\/li>\n<\/ul>\n<\/li>\n<\/ul>\n<p style=\"padding-left: 40px;\"><strong> \u00a0 \u00a0 \u00a0 \u00a0 DOCUMENTACI\u00d3 PER A MOBILITATS DE LLARGA DURADA (3 mesos):\u00a0<\/strong><\/p>\n<ul>\n<li style=\"list-style-type: none;\">\n<ul>\n<li style=\"list-style-type: none;\">\n<ul>\n<li>Criteris de selecci\u00f3:\u00a0<a href=\"https:\/\/agora.xtec.cat\/iesjaumecallis\/wp-content\/uploads\/usu113\/2026\/04\/CriterisSeleccioAlumnes_MLD-2026-27.docx.pdf\">CriterisSeleccioAlumnes_MLD-2026-27.docx<\/a><\/li>\n<li>Comprom\u00eds d&#8217;acollida:\u00a0<a href=\"https:\/\/agora.xtec.cat\/iesjaumecallis\/wp-content\/uploads\/usu113\/2026\/04\/Compromis-acollida-MLD_italians_francesos-26-27.docx\">Comprom\u00eds-acollida-MLD_italians_francesos-26-27<\/a><\/li>\n<\/ul>\n<\/li>\n<\/ul>\n<\/li>\n<\/ul>\n<p>A la presentaci\u00f3 trobareu tota la informaci\u00f3 (destinacions, criteris de selecci\u00f3, calendari)<\/p>\n<p>&nbsp;<\/p>\n<h2><span style=\"color: #008000;\">4t ESO:\u00a0<\/span><\/h2>\n<ul>\n<li aria-level=\"1\"><span style=\"color: #008000;\"><strong><em>obert a alumnes que estan cursant 4t d\u2019ESO, i que el el proper curs 2026-27 cursaran 1r BAT a l&#8217;Institut Jaume Call\u00eds: <\/em><\/strong><\/span>\n<ul>\n<li style=\"list-style-type: none;\">\n<ul>\n<li><strong><em>Mobilitats (places) Erasmus de Llarga Durada<\/em><\/strong><\/li>\n<\/ul>\n<\/li>\n<\/ul>\n<\/li>\n<\/ul>\n<p style=\"padding-left: 80px;\"><iframe loading=\"lazy\" src=\"https:\/\/docs.google.com\/presentation\/d\/e\/2PACX-1vReItCCBsJbwlg1HGcMx9Ld3O-w6ACLUUF9XTbiabP4rriCHO9iDXX8yx06U5PYzaRb1ATqmrHAj_sk\/pubembed?start=false&amp;loop=false&amp;delayms=3000\" width=\"480\" height=\"299\" frameborder=\"0\" allowfullscreen=\"allowfullscreen\"><\/iframe><\/p>\n<p>A la presentaci\u00f3 trobareu tota la informaci\u00f3 (destinacions, criteris de selecci\u00f3, calendari)\u00a0 i la documentaci\u00f3 per fer la sol.licitud<\/p>\n<p><strong> \u00a0 \u00a0 DOCUMENTACI\u00d3 PER A MOBILITATS DE LLARGA DURADA (3 mesos):\u00a0<\/strong><\/p>\n<ul>\n<li>criteris de selecci\u00f3:<a href=\"https:\/\/agora.xtec.cat\/iesjaumecallis\/wp-content\/uploads\/usu113\/2026\/04\/CriterisSeleccioAlumnes_MLD-2026-27.docx.pdf\">CriterisSeleccioAlumnes_MLD-2026-27.docx<\/a><\/li>\n<li>comprom\u00eds d&#8217;acollida: <a href=\"https:\/\/agora.xtec.cat\/iesjaumecallis\/wp-content\/uploads\/usu113\/2026\/04\/Compromis-acollida-MLD_italians_francesos-26-27.docx\">Comprom\u00eds-acollida-MLD_italians_francesos-26-27<\/a><\/li>\n<\/ul>\n<p>&nbsp;<\/p>\n<ul>\n<li><span style=\"color: #333333;\"><strong><em><span style=\"color: #0000ff;\">V<\/span><\/em><\/strong><\/span><span style=\"color: #333333;\"><strong><em><span style=\"color: #0000ff;\">ideos de les experi\u00e8ncies d\u2019alumnes, fam\u00edlies i una de les coordinadores Erasmus del centre:<\/span> <\/em><\/strong><\/span>\n<ul>\n<li style=\"list-style-type: none;\">\n<ul>\n<li><a href=\"https:\/\/jcallisvic.wixsite.com\/projecteerasmus\/copia-de-projectes-etwinning\">MOBILITATS DE LLARGA DURADA<\/a><\/li>\n<li><a href=\"https:\/\/jcallisvic.wixsite.com\/projecteerasmus\/copia-de-mld-videos-d-experi%C3%A8ncies\">MOBILITATS DE GRUP D&#8217;ALUMNES<\/a><\/li>\n<\/ul>\n<\/li>\n<\/ul>\n<p>&nbsp;<\/li>\n<\/ul>\n","protected":false},"excerpt":{"rendered":"<p>S\u2019obre la convocat\u00f2ria per a beques per a MOBILITATS ERASMUS\u00a0 per a alumnes que estiguin cursant 2n, 3r o 4t ESO aquest curs a l\u2019Institut Jaume Call\u00eds, per al proper curs 2026-27 El termini de presentaci\u00f3 de la candidatura i la documentaci\u00f3 requerida acaba el 29 d\u2019abril del 2026. Els interessats han d\u2019entregar la documentaci\u00f3 [&hellip;]<\/p>\n","protected":false},"author":15,"featured_media":0,"comment_status":"open","ping_status":"open","sticky":false,"template":"","format":"standard","meta":{"_bbp_topic_count":0,"_bbp_reply_count":0,"_bbp_total_topic_count":0,"_bbp_total_reply_count":0,"_bbp_voice_count":0,"_bbp_anonymous_reply_count":0,"_bbp_topic_count_hidden":0,"_bbp_reply_count_hidden":0,"_bbp_forum_subforum_count":0,"site-sidebar-layout":"default","site-content-layout":"","ast-site-content-layout":"default","site-content-style":"default","site-sidebar-style":"default","ast-global-header-display":"","ast-banner-title-visibility":"","ast-main-header-display":"","ast-hfb-above-header-display":"","ast-hfb-below-header-display":"","ast-hfb-mobile-header-display":"","site-post-title":"","ast-breadcrumbs-content":"","ast-featured-img":"","footer-sml-layout":"","theme-transparent-header-meta":"default","adv-header-id-meta":"","stick-header-meta":"","header-above-stick-meta":"","header-main-stick-meta":"","header-below-stick-meta":"","astra-migrate-meta-layouts":"set","ast-page-background-enabled":"default","ast-page-background-meta":{"desktop":{"background-color":"var(--ast-global-color-4)","background-image":"","background-repeat":"repeat","background-position":"center center","background-size":"auto","background-attachment":"scroll","background-type":"","background-media":"","overlay-type":"","overlay-color":"","overlay-opacity":"","overlay-gradient":""},"tablet":{"background-color":"","background-image":"","background-repeat":"repeat","background-position":"center center","background-size":"auto","background-attachment":"scroll","background-type":"","background-media":"","overlay-type":"","overlay-color":"","overlay-opacity":"","overlay-gradient":""},"mobile":{"background-color":"","background-image":"","background-repeat":"repeat","background-position":"center center","background-size":"auto","background-attachment":"scroll","background-type":"","background-media":"","overlay-type":"","overlay-color":"","overlay-opacity":"","overlay-gradient":""}},"ast-content-background-meta":{"desktop":{"background-color":"var(--ast-global-color-5)","background-image":"","background-repeat":"repeat","background-position":"center center","background-size":"auto","background-attachment":"scroll","background-type":"","background-media":"","overlay-type":"","overlay-color":"","overlay-opacity":"","overlay-gradient":""},"tablet":{"background-color":"var(--ast-global-color-5)","background-image":"","background-repeat":"repeat","background-position":"center center","background-size":"auto","background-attachment":"scroll","background-type":"","background-media":"","overlay-type":"","overlay-color":"","overlay-opacity":"","overlay-gradient":""},"mobile":{"background-color":"var(--ast-global-color-5)","background-image":"","background-repeat":"repeat","background-position":"center center","background-size":"auto","background-attachment":"scroll","background-type":"","background-media":"","overlay-type":"","overlay-color":"","overlay-opacity":"","overlay-gradient":""}},"footnotes":""},"categories":[181,211,1,148,29],"tags":[],"class_list":["post-11384","post","type-post","status-publish","format-standard","hentry","category-blog-erasmus-2","category-erasmusplus","category-general","category-blog-erasmus","category-portada"],"post_mailing_queue_ids":[],"_links":{"self":[{"href":"https:\/\/agora.xtec.cat\/iesjaumecallis\/wp-json\/wp\/v2\/posts\/11384","targetHints":{"allow":["GET"]}}],"collection":[{"href":"https:\/\/agora.xtec.cat\/iesjaumecallis\/wp-json\/wp\/v2\/posts"}],"about":[{"href":"https:\/\/agora.xtec.cat\/iesjaumecallis\/wp-json\/wp\/v2\/types\/post"}],"author":[{"embeddable":true,"href":"https:\/\/agora.xtec.cat\/iesjaumecallis\/wp-json\/wp\/v2\/users\/15"}],"replies":[{"embeddable":true,"href":"https:\/\/agora.xtec.cat\/iesjaumecallis\/wp-json\/wp\/v2\/comments?post=11384"}],"version-history":[{"count":6,"href":"https:\/\/agora.xtec.cat\/iesjaumecallis\/wp-json\/wp\/v2\/posts\/11384\/revisions"}],"predecessor-version":[{"id":11464,"href":"https:\/\/agora.xtec.cat\/iesjaumecallis\/wp-json\/wp\/v2\/posts\/11384\/revisions\/11464"}],"wp:attachment":[{"href":"https:\/\/agora.xtec.cat\/iesjaumecallis\/wp-json\/wp\/v2\/media?parent=11384"}],"wp:term":[{"taxonomy":"category","embeddable":true,"href":"https:\/\/agora.xtec.cat\/iesjaumecallis\/wp-json\/wp\/v2\/categories?post=11384"},{"taxonomy":"post_tag","embeddable":true,"href":"https:\/\/agora.xtec.cat\/iesjaumecallis\/wp-json\/wp\/v2\/tags?post=11384"}],"curies":[{"name":"wp","href":"https:\/\/api.w.org\/{rel}","templated":true}]}}