{"id":2844,"date":"2026-04-21T12:21:18","date_gmt":"2026-04-21T10:21:18","guid":{"rendered":"https:\/\/agora.xtec.cat\/iesilladerodes\/?p=2844"},"modified":"2026-04-21T12:21:18","modified_gmt":"2026-04-21T10:21:18","slug":"lalumnat-de-2n-deso-participa-en-una-trobada-virtual-amb-lescriptora-care-santos","status":"publish","type":"post","link":"https:\/\/agora.xtec.cat\/iesilladerodes\/general\/lalumnat-de-2n-deso-participa-en-una-trobada-virtual-amb-lescriptora-care-santos\/","title":{"rendered":"L\u2019alumnat de 2n d\u2019ESO participa en una trobada virtual amb l\u2019escriptora Care Santos"},"content":{"rendered":"\n<p class=\"justificar-text\">Aquest dimarts, 21 d\u2019abril, els alumnes de 2n d\u2019ESO de l\u2019Institut Illa de Rodes han participat en una trobada virtual amb l\u2019escriptora Care Santos, autora reconeguda dins la literatura juvenil i contempor\u00e0nia, en una activitat organitzada pel Departament de Castell\u00e0 del nostre centre.<\/p>\n\n\n\n<p class=\"justificar-text\">Durant la xerrada, l\u2019alumnat ha tingut l\u2019oportunitat d\u2019escoltar les reflexions de l\u2019autora i de con\u00e8ixer de primera m\u00e0 diversos aspectes relacionats amb el proc\u00e9s de creaci\u00f3 de &#8216;Mentira&#8217;, una de les lectures obligat\u00f2ries del curs, i de la resta de la trilogia de la qual forma part aquesta obra.<\/p>\n\n\n\n<p class=\"justificar-text\">La sessi\u00f3 tamb\u00e9 ha perm\u00e8s als estudiants plantejar preguntes i descobrir curiositats sobre l\u2019obra, fet que ha enriquit la seva experi\u00e8ncia lectora i la comprensi\u00f3 del llibre.<\/p>\n\n\n\n<p class=\"justificar-text\">Aquesta activitat liter\u00e0ria, celebrada a ben pocs dies de la diada de Sant Jordi, ha esdevingut una experi\u00e8ncia molt enriquidora i motivadora per a tot l\u2019alumnat participant.<\/p>\n\n\n\n<figure class=\"wp-block-image size-large\"><a href=\"https:\/\/agora.xtec.cat\/iesilladerodes\/wp-content\/uploads\/usu2146\/2026\/04\/care-santos.jpg\"><img loading=\"lazy\" decoding=\"async\" width=\"1024\" height=\"768\" src=\"https:\/\/agora.xtec.cat\/iesilladerodes\/wp-content\/uploads\/usu2146\/2026\/04\/care-santos-1024x768.jpg\" alt=\"\" class=\"wp-image-2845\" srcset=\"https:\/\/agora.xtec.cat\/iesilladerodes\/wp-content\/uploads\/usu2146\/2026\/04\/care-santos-1024x768.jpg 1024w, https:\/\/agora.xtec.cat\/iesilladerodes\/wp-content\/uploads\/usu2146\/2026\/04\/care-santos-300x225.jpg 300w, https:\/\/agora.xtec.cat\/iesilladerodes\/wp-content\/uploads\/usu2146\/2026\/04\/care-santos-768x576.jpg 768w, https:\/\/agora.xtec.cat\/iesilladerodes\/wp-content\/uploads\/usu2146\/2026\/04\/care-santos-1536x1152.jpg 1536w, https:\/\/agora.xtec.cat\/iesilladerodes\/wp-content\/uploads\/usu2146\/2026\/04\/care-santos.jpg 2048w\" sizes=\"auto, (max-width: 1024px) 100vw, 1024px\" \/><\/a><\/figure>\n","protected":false},"excerpt":{"rendered":"<p>Aquest dimarts, 21 d\u2019abril, els alumnes de 2n d\u2019ESO de l\u2019Institut Illa de Rodes han participat en una trobada virtual [&hellip;]<\/p>\n","protected":false},"author":7,"featured_media":2845,"comment_status":"open","ping_status":"open","sticky":false,"template":"","format":"standard","meta":{"site-sidebar-layout":"default","site-content-layout":"","ast-site-content-layout":"default","site-content-style":"default","site-sidebar-style":"default","ast-global-header-display":"","ast-banner-title-visibility":"","ast-main-header-display":"","ast-hfb-above-header-display":"","ast-hfb-below-header-display":"","ast-hfb-mobile-header-display":"","site-post-title":"","ast-breadcrumbs-content":"","ast-featured-img":"","footer-sml-layout":"","theme-transparent-header-meta":"","adv-header-id-meta":"","stick-header-meta":"","header-above-stick-meta":"","header-main-stick-meta":"","header-below-stick-meta":"","astra-migrate-meta-layouts":"set","ast-page-background-enabled":"default","ast-page-background-meta":{"desktop":{"background-color":"var(--ast-global-color-4)","background-image":"","background-repeat":"repeat","background-position":"center center","background-size":"auto","background-attachment":"scroll","background-type":"","background-media":"","overlay-type":"","overlay-color":"","overlay-opacity":"","overlay-gradient":""},"tablet":{"background-color":"","background-image":"","background-repeat":"repeat","background-position":"center center","background-size":"auto","background-attachment":"scroll","background-type":"","background-media":"","overlay-type":"","overlay-color":"","overlay-opacity":"","overlay-gradient":""},"mobile":{"background-color":"","background-image":"","background-repeat":"repeat","background-position":"center center","background-size":"auto","background-attachment":"scroll","background-type":"","background-media":"","overlay-type":"","overlay-color":"","overlay-opacity":"","overlay-gradient":""}},"ast-content-background-meta":{"desktop":{"background-color":"var(--ast-global-color-5)","background-image":"","background-repeat":"repeat","background-position":"center center","background-size":"auto","background-attachment":"scroll","background-type":"","background-media":"","overlay-type":"","overlay-color":"","overlay-opacity":"","overlay-gradient":""},"tablet":{"background-color":"var(--ast-global-color-5)","background-image":"","background-repeat":"repeat","background-position":"center center","background-size":"auto","background-attachment":"scroll","background-type":"","background-media":"","overlay-type":"","overlay-color":"","overlay-opacity":"","overlay-gradient":""},"mobile":{"background-color":"var(--ast-global-color-5)","background-image":"","background-repeat":"repeat","background-position":"center center","background-size":"auto","background-attachment":"scroll","background-type":"","background-media":"","overlay-type":"","overlay-color":"","overlay-opacity":"","overlay-gradient":""}},"footnotes":""},"categories":[3,1,29],"tags":[],"class_list":["post-2844","post","type-post","status-publish","format-standard","has-post-thumbnail","hentry","category-eso","category-general","category-portada"],"post_mailing_queue_ids":[],"_links":{"self":[{"href":"https:\/\/agora.xtec.cat\/iesilladerodes\/wp-json\/wp\/v2\/posts\/2844","targetHints":{"allow":["GET"]}}],"collection":[{"href":"https:\/\/agora.xtec.cat\/iesilladerodes\/wp-json\/wp\/v2\/posts"}],"about":[{"href":"https:\/\/agora.xtec.cat\/iesilladerodes\/wp-json\/wp\/v2\/types\/post"}],"author":[{"embeddable":true,"href":"https:\/\/agora.xtec.cat\/iesilladerodes\/wp-json\/wp\/v2\/users\/7"}],"replies":[{"embeddable":true,"href":"https:\/\/agora.xtec.cat\/iesilladerodes\/wp-json\/wp\/v2\/comments?post=2844"}],"version-history":[{"count":1,"href":"https:\/\/agora.xtec.cat\/iesilladerodes\/wp-json\/wp\/v2\/posts\/2844\/revisions"}],"predecessor-version":[{"id":2846,"href":"https:\/\/agora.xtec.cat\/iesilladerodes\/wp-json\/wp\/v2\/posts\/2844\/revisions\/2846"}],"wp:featuredmedia":[{"embeddable":true,"href":"https:\/\/agora.xtec.cat\/iesilladerodes\/wp-json\/wp\/v2\/media\/2845"}],"wp:attachment":[{"href":"https:\/\/agora.xtec.cat\/iesilladerodes\/wp-json\/wp\/v2\/media?parent=2844"}],"wp:term":[{"taxonomy":"category","embeddable":true,"href":"https:\/\/agora.xtec.cat\/iesilladerodes\/wp-json\/wp\/v2\/categories?post=2844"},{"taxonomy":"post_tag","embeddable":true,"href":"https:\/\/agora.xtec.cat\/iesilladerodes\/wp-json\/wp\/v2\/tags?post=2844"}],"curies":[{"name":"wp","href":"https:\/\/api.w.org\/{rel}","templated":true}]}}