{"id":2829,"date":"2026-04-20T08:46:52","date_gmt":"2026-04-20T06:46:52","guid":{"rendered":"https:\/\/agora.xtec.cat\/iesilladerodes\/?p=2829"},"modified":"2026-04-20T08:46:52","modified_gmt":"2026-04-20T06:46:52","slug":"participem-a-la-fase-final-de-les-olimpiades-de-la-unio-europea-a-granada","status":"publish","type":"post","link":"https:\/\/agora.xtec.cat\/iesilladerodes\/general\/participem-a-la-fase-final-de-les-olimpiades-de-la-unio-europea-a-granada\/","title":{"rendered":"Participem a la fase final de les Olimp\u00edades de la Uni\u00f3 Europea a Granada!"},"content":{"rendered":"\n<p class=\"justificar-text\">Cinc Ambaixadors J\u00fanior de Batxillerat de l\u2019Institut Illa de Rodes han participat aquest cap de setmana (17-19 d\u2019abril) a la fase final estatal de les Olimp\u00edades de la Uni\u00f3 Europea, celebrada a la ciutat de Granada.<\/p>\n\n\n\n<p class=\"justificar-text\">L\u2019equip, format per Erik Barneo, Laia De Caprio, Roumayssae Taouil, Aya Taouil i Marla Vi\u00f1ales, va aconseguir la classificaci\u00f3 despr\u00e9s de guanyar la fase regional de Catalunya, celebrada el passat mes de febrer a la Facultat de Dret de la Universitat de Barcelona.<\/p>\n\n\n\n<p class=\"justificar-text\">La fase final ha reunit centres de tot l\u2019Estat en una jornada acad\u00e8mica d\u2019alt nivell centrada en el 40\u00e8 aniversari de l\u2019adhesi\u00f3 d\u2019Espanya a la Uni\u00f3 Europea. L\u2019activitat ha combinat espais de reflexi\u00f3, debat i conviv\u00e8ncia.<\/p>\n\n\n\n<p class=\"justificar-text\">El divendres va tenir lloc l\u2019acte inaugural al Complex Administratiu Triunfo de la Universitat de Granada, amb una taula rodona amb experts sobre el paper d\u2019Espanya dins la Uni\u00f3 Europea.<\/p>\n\n\n\n<p class=\"justificar-text\">El dissabte es va desenvolupar la jornada principal al V Centenario, amb pon\u00e8ncies acad\u00e8miques i la realitzaci\u00f3 d\u2019una prova escrita (assaig), en qu\u00e8 l\u2019alumnat va haver d\u2019analitzar i argumentar sobre temes d\u2019actualitat europea des d\u2019una perspectiva cr\u00edtica i fonamentada.<\/p>\n\n\n\n<p class=\"justificar-text\">A m\u00e9s de la vessant acad\u00e8mica, l\u2019activitat tamb\u00e9 ha incl\u00f2s espais de conviv\u00e8ncia i una visita cultural a l\u2019Alhambra, que han perm\u00e8s als participants compartir experi\u00e8ncies amb estudiants d\u2019arreu de l\u2019Estat.<\/p>\n\n\n\n<p class=\"justificar-text\">Des del centre volem felicitar els nostres alumnes per la seva participaci\u00f3, el seu nivell acad\u00e8mic i el seu comprom\u00eds amb els valors europeus. Aquesta experi\u00e8ncia s\u2019emmarca dins del programa EPAS (Escoles Ambaixadores del Parlament Europeu), que promou la participaci\u00f3 activa del jovent en la construcci\u00f3 d\u2019una ciutadania europea cr\u00edtica i informada.<\/p>\n\n\n\n<figure class=\"wp-block-image size-large\"><a href=\"https:\/\/agora.xtec.cat\/iesilladerodes\/wp-content\/uploads\/usu2146\/2026\/04\/1000071339-1-scaled.jpg\"><img loading=\"lazy\" decoding=\"async\" width=\"1024\" height=\"683\" src=\"https:\/\/agora.xtec.cat\/iesilladerodes\/wp-content\/uploads\/usu2146\/2026\/04\/1000071339-1-1024x683.jpg\" alt=\"\" class=\"wp-image-2831\" srcset=\"https:\/\/agora.xtec.cat\/iesilladerodes\/wp-content\/uploads\/usu2146\/2026\/04\/1000071339-1-1024x683.jpg 1024w, https:\/\/agora.xtec.cat\/iesilladerodes\/wp-content\/uploads\/usu2146\/2026\/04\/1000071339-1-300x200.jpg 300w, https:\/\/agora.xtec.cat\/iesilladerodes\/wp-content\/uploads\/usu2146\/2026\/04\/1000071339-1-768x512.jpg 768w, https:\/\/agora.xtec.cat\/iesilladerodes\/wp-content\/uploads\/usu2146\/2026\/04\/1000071339-1-1536x1024.jpg 1536w, https:\/\/agora.xtec.cat\/iesilladerodes\/wp-content\/uploads\/usu2146\/2026\/04\/1000071339-1-2048x1365.jpg 2048w\" sizes=\"auto, (max-width: 1024px) 100vw, 1024px\" \/><\/a><\/figure>\n","protected":false},"excerpt":{"rendered":"<p>Cinc Ambaixadors J\u00fanior de Batxillerat de l\u2019Institut Illa de Rodes han participat aquest cap de setmana (17-19 d\u2019abril) a la [&hellip;]<\/p>\n","protected":false},"author":7,"featured_media":2830,"comment_status":"open","ping_status":"open","sticky":false,"template":"","format":"standard","meta":{"site-sidebar-layout":"default","site-content-layout":"","ast-site-content-layout":"default","site-content-style":"default","site-sidebar-style":"default","ast-global-header-display":"","ast-banner-title-visibility":"","ast-main-header-display":"","ast-hfb-above-header-display":"","ast-hfb-below-header-display":"","ast-hfb-mobile-header-display":"","site-post-title":"","ast-breadcrumbs-content":"","ast-featured-img":"","footer-sml-layout":"","theme-transparent-header-meta":"","adv-header-id-meta":"","stick-header-meta":"","header-above-stick-meta":"","header-main-stick-meta":"","header-below-stick-meta":"","astra-migrate-meta-layouts":"set","ast-page-background-enabled":"default","ast-page-background-meta":{"desktop":{"background-color":"var(--ast-global-color-4)","background-image":"","background-repeat":"repeat","background-position":"center center","background-size":"auto","background-attachment":"scroll","background-type":"","background-media":"","overlay-type":"","overlay-color":"","overlay-opacity":"","overlay-gradient":""},"tablet":{"background-color":"","background-image":"","background-repeat":"repeat","background-position":"center center","background-size":"auto","background-attachment":"scroll","background-type":"","background-media":"","overlay-type":"","overlay-color":"","overlay-opacity":"","overlay-gradient":""},"mobile":{"background-color":"","background-image":"","background-repeat":"repeat","background-position":"center center","background-size":"auto","background-attachment":"scroll","background-type":"","background-media":"","overlay-type":"","overlay-color":"","overlay-opacity":"","overlay-gradient":""}},"ast-content-background-meta":{"desktop":{"background-color":"var(--ast-global-color-5)","background-image":"","background-repeat":"repeat","background-position":"center center","background-size":"auto","background-attachment":"scroll","background-type":"","background-media":"","overlay-type":"","overlay-color":"","overlay-opacity":"","overlay-gradient":""},"tablet":{"background-color":"var(--ast-global-color-5)","background-image":"","background-repeat":"repeat","background-position":"center center","background-size":"auto","background-attachment":"scroll","background-type":"","background-media":"","overlay-type":"","overlay-color":"","overlay-opacity":"","overlay-gradient":""},"mobile":{"background-color":"var(--ast-global-color-5)","background-image":"","background-repeat":"repeat","background-position":"center center","background-size":"auto","background-attachment":"scroll","background-type":"","background-media":"","overlay-type":"","overlay-color":"","overlay-opacity":"","overlay-gradient":""}},"footnotes":""},"categories":[8,1,29],"tags":[],"class_list":["post-2829","post","type-post","status-publish","format-standard","has-post-thumbnail","hentry","category-batxillerat","category-general","category-portada"],"post_mailing_queue_ids":[],"_links":{"self":[{"href":"https:\/\/agora.xtec.cat\/iesilladerodes\/wp-json\/wp\/v2\/posts\/2829","targetHints":{"allow":["GET"]}}],"collection":[{"href":"https:\/\/agora.xtec.cat\/iesilladerodes\/wp-json\/wp\/v2\/posts"}],"about":[{"href":"https:\/\/agora.xtec.cat\/iesilladerodes\/wp-json\/wp\/v2\/types\/post"}],"author":[{"embeddable":true,"href":"https:\/\/agora.xtec.cat\/iesilladerodes\/wp-json\/wp\/v2\/users\/7"}],"replies":[{"embeddable":true,"href":"https:\/\/agora.xtec.cat\/iesilladerodes\/wp-json\/wp\/v2\/comments?post=2829"}],"version-history":[{"count":1,"href":"https:\/\/agora.xtec.cat\/iesilladerodes\/wp-json\/wp\/v2\/posts\/2829\/revisions"}],"predecessor-version":[{"id":2832,"href":"https:\/\/agora.xtec.cat\/iesilladerodes\/wp-json\/wp\/v2\/posts\/2829\/revisions\/2832"}],"wp:featuredmedia":[{"embeddable":true,"href":"https:\/\/agora.xtec.cat\/iesilladerodes\/wp-json\/wp\/v2\/media\/2830"}],"wp:attachment":[{"href":"https:\/\/agora.xtec.cat\/iesilladerodes\/wp-json\/wp\/v2\/media?parent=2829"}],"wp:term":[{"taxonomy":"category","embeddable":true,"href":"https:\/\/agora.xtec.cat\/iesilladerodes\/wp-json\/wp\/v2\/categories?post=2829"},{"taxonomy":"post_tag","embeddable":true,"href":"https:\/\/agora.xtec.cat\/iesilladerodes\/wp-json\/wp\/v2\/tags?post=2829"}],"curies":[{"name":"wp","href":"https:\/\/api.w.org\/{rel}","templated":true}]}}