{"id":2803,"date":"2026-04-08T14:42:03","date_gmt":"2026-04-08T12:42:03","guid":{"rendered":"https:\/\/agora.xtec.cat\/iesilladerodes\/?p=2803"},"modified":"2026-04-08T14:45:15","modified_gmt":"2026-04-08T12:45:15","slug":"lalumnat-de-batxillerat-cientific-assisteix-a-una-conferencia-sobre-la-nidificacio-de-tortugues-marines-i-el-canvi-climatic","status":"publish","type":"post","link":"https:\/\/agora.xtec.cat\/iesilladerodes\/general\/lalumnat-de-batxillerat-cientific-assisteix-a-una-conferencia-sobre-la-nidificacio-de-tortugues-marines-i-el-canvi-climatic\/","title":{"rendered":"L\u2019alumnat de batxillerat cient\u00edfic assisteix a una confer\u00e8ncia sobre la nidificaci\u00f3 de tortugues marines i el canvi clim\u00e0tic"},"content":{"rendered":"\n<p class=\"justificar-text\">Aquest dimecres 8 d\u2019abril, l\u2019alumnat de batxillerat cient\u00edfic del centre ha assistit al Teatre Municipal de Roses a una confer\u00e8ncia dedicada a la nidificaci\u00f3 de les tortugues marines a Catalunya i a les adaptacions d\u2019aquesta esp\u00e8cie davant els efectes del canvi clim\u00e0tic.<\/p>\n\n\n\n<p class=\"justificar-text\">Durant la xerrada s\u2019ha explicat que, en l\u2019\u00faltima d\u00e8cada, les platges del litoral mediterrani occidental han registrat un augment en la detecci\u00f3 de nius de tortuga careta (<em>Caretta caretta<\/em>). Aquest fenomen est\u00e0 relacionat amb el canvi clim\u00e0tic, ja que les tortugues estan comen\u00e7ant a colonitzar zones de nidificaci\u00f3 m\u00e9s fredes, com les nostres costes.<\/p>\n\n\n\n<p class=\"justificar-text\">Les ponents tamb\u00e9 han destacat la import\u00e0ncia de la vigil\u00e0ncia de les platges i de la col\u00b7laboraci\u00f3 entre cient\u00edfics, administracions i ciutadania per protegir aquests nius, especialment en zones amb molta pressi\u00f3 tur\u00edstica.<\/p>\n\n\n\n<p class=\"justificar-text\">En aquest sentit, l\u2019alumnat ha pogut con\u00e8ixer <strong>com s\u2019ha d\u2019actuar en cas de detectar rastres o possibles ous de tortuga a la platja<\/strong>, una informaci\u00f3 especialment rellevant davant l\u2019augment de postes que s\u2019est\u00e0 observant a les costes catalanes.<\/p>\n\n\n\n<p class=\"justificar-text\">L\u2019activitat ha estat una oportunitat molt enriquidora per con\u00e8ixer de prop la recerca cient\u00edfica actual i reflexionar sobre la conservaci\u00f3 de la biodiversitat marina i els efectes del canvi clim\u00e0tic en els ecosistemes del Mediterrani.<\/p>\n\n\n\n<figure class=\"wp-block-gallery has-nested-images columns-default is-cropped wp-block-gallery-1 is-layout-flex wp-block-gallery-is-layout-flex\">\n<figure class=\"wp-block-image size-large\"><a href=\"https:\/\/agora.xtec.cat\/iesilladerodes\/wp-content\/uploads\/usu2146\/2026\/04\/WhatsApp-Image-2026-04-08-at-14.30.17-1-1.jpeg\"><img loading=\"lazy\" decoding=\"async\" width=\"768\" height=\"1024\" data-id=\"2808\" src=\"https:\/\/agora.xtec.cat\/iesilladerodes\/wp-content\/uploads\/usu2146\/2026\/04\/WhatsApp-Image-2026-04-08-at-14.30.17-1-1-768x1024.jpeg\" alt=\"\" class=\"wp-image-2808\" srcset=\"https:\/\/agora.xtec.cat\/iesilladerodes\/wp-content\/uploads\/usu2146\/2026\/04\/WhatsApp-Image-2026-04-08-at-14.30.17-1-1-768x1024.jpeg 768w, https:\/\/agora.xtec.cat\/iesilladerodes\/wp-content\/uploads\/usu2146\/2026\/04\/WhatsApp-Image-2026-04-08-at-14.30.17-1-1-225x300.jpeg 225w, https:\/\/agora.xtec.cat\/iesilladerodes\/wp-content\/uploads\/usu2146\/2026\/04\/WhatsApp-Image-2026-04-08-at-14.30.17-1-1-1152x1536.jpeg 1152w, https:\/\/agora.xtec.cat\/iesilladerodes\/wp-content\/uploads\/usu2146\/2026\/04\/WhatsApp-Image-2026-04-08-at-14.30.17-1-1.jpeg 1530w\" sizes=\"auto, (max-width: 768px) 100vw, 768px\" \/><\/a><\/figure>\n\n\n\n<figure class=\"wp-block-image size-large\"><a href=\"https:\/\/agora.xtec.cat\/iesilladerodes\/wp-content\/uploads\/usu2146\/2026\/04\/WhatsApp-Image-2026-04-08-at-14.30.17-2-1.jpeg\"><img loading=\"lazy\" decoding=\"async\" width=\"768\" height=\"1024\" data-id=\"2809\" src=\"https:\/\/agora.xtec.cat\/iesilladerodes\/wp-content\/uploads\/usu2146\/2026\/04\/WhatsApp-Image-2026-04-08-at-14.30.17-2-1-768x1024.jpeg\" alt=\"\" class=\"wp-image-2809\" srcset=\"https:\/\/agora.xtec.cat\/iesilladerodes\/wp-content\/uploads\/usu2146\/2026\/04\/WhatsApp-Image-2026-04-08-at-14.30.17-2-1-768x1024.jpeg 768w, https:\/\/agora.xtec.cat\/iesilladerodes\/wp-content\/uploads\/usu2146\/2026\/04\/WhatsApp-Image-2026-04-08-at-14.30.17-2-1-225x300.jpeg 225w, https:\/\/agora.xtec.cat\/iesilladerodes\/wp-content\/uploads\/usu2146\/2026\/04\/WhatsApp-Image-2026-04-08-at-14.30.17-2-1-1152x1536.jpeg 1152w, https:\/\/agora.xtec.cat\/iesilladerodes\/wp-content\/uploads\/usu2146\/2026\/04\/WhatsApp-Image-2026-04-08-at-14.30.17-2-1.jpeg 1530w\" sizes=\"auto, (max-width: 768px) 100vw, 768px\" \/><\/a><\/figure>\n\n\n\n<figure class=\"wp-block-image size-large\"><a href=\"https:\/\/agora.xtec.cat\/iesilladerodes\/wp-content\/uploads\/usu2146\/2026\/04\/WhatsApp-Image-2026-04-08-at-14.30.17-3-1.jpeg\"><img loading=\"lazy\" decoding=\"async\" width=\"1024\" height=\"768\" data-id=\"2810\" src=\"https:\/\/agora.xtec.cat\/iesilladerodes\/wp-content\/uploads\/usu2146\/2026\/04\/WhatsApp-Image-2026-04-08-at-14.30.17-3-1-1024x768.jpeg\" alt=\"\" class=\"wp-image-2810\" srcset=\"https:\/\/agora.xtec.cat\/iesilladerodes\/wp-content\/uploads\/usu2146\/2026\/04\/WhatsApp-Image-2026-04-08-at-14.30.17-3-1-1024x768.jpeg 1024w, https:\/\/agora.xtec.cat\/iesilladerodes\/wp-content\/uploads\/usu2146\/2026\/04\/WhatsApp-Image-2026-04-08-at-14.30.17-3-1-300x225.jpeg 300w, https:\/\/agora.xtec.cat\/iesilladerodes\/wp-content\/uploads\/usu2146\/2026\/04\/WhatsApp-Image-2026-04-08-at-14.30.17-3-1-768x576.jpeg 768w, https:\/\/agora.xtec.cat\/iesilladerodes\/wp-content\/uploads\/usu2146\/2026\/04\/WhatsApp-Image-2026-04-08-at-14.30.17-3-1-1536x1152.jpeg 1536w, https:\/\/agora.xtec.cat\/iesilladerodes\/wp-content\/uploads\/usu2146\/2026\/04\/WhatsApp-Image-2026-04-08-at-14.30.17-3-1.jpeg 2040w\" sizes=\"auto, (max-width: 1024px) 100vw, 1024px\" \/><\/a><\/figure>\n<\/figure>\n","protected":false},"excerpt":{"rendered":"<p>Aquest dimecres 8 d\u2019abril, l\u2019alumnat de batxillerat cient\u00edfic del centre ha assistit al Teatre Municipal de Roses a una confer\u00e8ncia [&hellip;]<\/p>\n","protected":false},"author":7,"featured_media":2804,"comment_status":"open","ping_status":"open","sticky":false,"template":"","format":"standard","meta":{"site-sidebar-layout":"default","site-content-layout":"","ast-site-content-layout":"default","site-content-style":"default","site-sidebar-style":"default","ast-global-header-display":"","ast-banner-title-visibility":"","ast-main-header-display":"","ast-hfb-above-header-display":"","ast-hfb-below-header-display":"","ast-hfb-mobile-header-display":"","site-post-title":"","ast-breadcrumbs-content":"","ast-featured-img":"","footer-sml-layout":"","theme-transparent-header-meta":"","adv-header-id-meta":"","stick-header-meta":"","header-above-stick-meta":"","header-main-stick-meta":"","header-below-stick-meta":"","astra-migrate-meta-layouts":"set","ast-page-background-enabled":"default","ast-page-background-meta":{"desktop":{"background-color":"var(--ast-global-color-4)","background-image":"","background-repeat":"repeat","background-position":"center center","background-size":"auto","background-attachment":"scroll","background-type":"","background-media":"","overlay-type":"","overlay-color":"","overlay-opacity":"","overlay-gradient":""},"tablet":{"background-color":"","background-image":"","background-repeat":"repeat","background-position":"center center","background-size":"auto","background-attachment":"scroll","background-type":"","background-media":"","overlay-type":"","overlay-color":"","overlay-opacity":"","overlay-gradient":""},"mobile":{"background-color":"","background-image":"","background-repeat":"repeat","background-position":"center center","background-size":"auto","background-attachment":"scroll","background-type":"","background-media":"","overlay-type":"","overlay-color":"","overlay-opacity":"","overlay-gradient":""}},"ast-content-background-meta":{"desktop":{"background-color":"var(--ast-global-color-5)","background-image":"","background-repeat":"repeat","background-position":"center center","background-size":"auto","background-attachment":"scroll","background-type":"","background-media":"","overlay-type":"","overlay-color":"","overlay-opacity":"","overlay-gradient":""},"tablet":{"background-color":"var(--ast-global-color-5)","background-image":"","background-repeat":"repeat","background-position":"center center","background-size":"auto","background-attachment":"scroll","background-type":"","background-media":"","overlay-type":"","overlay-color":"","overlay-opacity":"","overlay-gradient":""},"mobile":{"background-color":"var(--ast-global-color-5)","background-image":"","background-repeat":"repeat","background-position":"center center","background-size":"auto","background-attachment":"scroll","background-type":"","background-media":"","overlay-type":"","overlay-color":"","overlay-opacity":"","overlay-gradient":""}},"footnotes":""},"categories":[8,1,29],"tags":[],"class_list":["post-2803","post","type-post","status-publish","format-standard","has-post-thumbnail","hentry","category-batxillerat","category-general","category-portada"],"post_mailing_queue_ids":[],"_links":{"self":[{"href":"https:\/\/agora.xtec.cat\/iesilladerodes\/wp-json\/wp\/v2\/posts\/2803","targetHints":{"allow":["GET"]}}],"collection":[{"href":"https:\/\/agora.xtec.cat\/iesilladerodes\/wp-json\/wp\/v2\/posts"}],"about":[{"href":"https:\/\/agora.xtec.cat\/iesilladerodes\/wp-json\/wp\/v2\/types\/post"}],"author":[{"embeddable":true,"href":"https:\/\/agora.xtec.cat\/iesilladerodes\/wp-json\/wp\/v2\/users\/7"}],"replies":[{"embeddable":true,"href":"https:\/\/agora.xtec.cat\/iesilladerodes\/wp-json\/wp\/v2\/comments?post=2803"}],"version-history":[{"count":2,"href":"https:\/\/agora.xtec.cat\/iesilladerodes\/wp-json\/wp\/v2\/posts\/2803\/revisions"}],"predecessor-version":[{"id":2813,"href":"https:\/\/agora.xtec.cat\/iesilladerodes\/wp-json\/wp\/v2\/posts\/2803\/revisions\/2813"}],"wp:featuredmedia":[{"embeddable":true,"href":"https:\/\/agora.xtec.cat\/iesilladerodes\/wp-json\/wp\/v2\/media\/2804"}],"wp:attachment":[{"href":"https:\/\/agora.xtec.cat\/iesilladerodes\/wp-json\/wp\/v2\/media?parent=2803"}],"wp:term":[{"taxonomy":"category","embeddable":true,"href":"https:\/\/agora.xtec.cat\/iesilladerodes\/wp-json\/wp\/v2\/categories?post=2803"},{"taxonomy":"post_tag","embeddable":true,"href":"https:\/\/agora.xtec.cat\/iesilladerodes\/wp-json\/wp\/v2\/tags?post=2803"}],"curies":[{"name":"wp","href":"https:\/\/api.w.org\/{rel}","templated":true}]}}