{"id":2783,"date":"2026-03-14T21:26:34","date_gmt":"2026-03-14T20:26:34","guid":{"rendered":"https:\/\/agora.xtec.cat\/iesilladerodes\/?p=2783"},"modified":"2026-03-14T21:26:34","modified_gmt":"2026-03-14T20:26:34","slug":"concurs-doratoria-juvenil-de-lalt-emporda","status":"publish","type":"post","link":"https:\/\/agora.xtec.cat\/iesilladerodes\/general\/concurs-doratoria-juvenil-de-lalt-emporda\/","title":{"rendered":"CONCURS D\u2019ORATORIA JUVENIL DE L\u2019ALT EMPORD\u00c0"},"content":{"rendered":"\n<p class=\"justificar-text\">Dissabte 7 de mar\u00e7 es va celebrar la desena edici\u00f3 del concurs d\u2019Orat\u00f2ria Juvenil de l\u2019Alt Empord\u00e0 a l\u2019Auditori dels Caputxins de Figueres. \u00c9s un concurs organitzat pels Serveis Educatius de l\u2019Alt Empord\u00e0 juntament amb una comissi\u00f3 de professionals de l\u2019entorn cultural i educatiu amb l\u2019objectiu de promoure l\u2019ensenyament de l\u2019expressi\u00f3 oral i l\u2019orat\u00f2ria en els centres de secund\u00e0ria i de donar-hi la rellev\u00e0ncia que es mereix&nbsp; entre els joves estudiants.<\/p>\n\n\n\n<p class=\"justificar-text\">Aquest any, a part de gaudir dels discursos dels joves concursants, hem tingut l\u2019oportunitat d\u2019escoltar la confer\u00e8ncia&nbsp;<strong><em>Parlar en p\u00fablic sense por<\/em><\/strong>&nbsp;de Carles Prats, periodista de renom.<\/p>\n\n\n\n<p class=\"justificar-text\">Els 20 alumnes de 4t d\u2019ESO de diversos instituts de la comarca participants a la semifinal van haver d\u2019exposar un dels dos temes que es van poder preparar durant un dia:&nbsp;<strong><em>Som la generaci\u00f3 que canviar\u00e0 el m\u00f3n.<\/em><\/strong><em>&nbsp;<strong>I si el frac\u00e0s no fos el final?<\/strong><\/em><strong><em><\/em><\/strong><\/p>\n\n\n\n<p class=\"justificar-text\">Als dos representants de l\u2019Illa de Rodes, la Gisella Luc\u00eda Frey i l\u2019Eloy Ca\u00f1ada els va tocar el primer. Tots dos ho van fer molt b\u00e9!<\/p>\n\n\n\n<p class=\"justificar-text\">L\u2019Eloy va ser un dels 5 finalistes triats pel jurat per defensar el tema que va tenir mitja hora per preparar-se:&nbsp;<strong><em>Els meus referents: qu\u00e8 m\u2019inspira a ser millor?<\/em><\/strong><strong>, i amb el qual va obtenir el 2n premi.<\/strong><strong><\/strong><\/p>\n\n\n\n<p class=\"justificar-text\">Enhorabona a tots dos!<\/p>\n\n\n\n<div class=\"wp-block-getwid-images-slider has-arrows-inside has-dots-inside has-images-center has-cropped-images\"><div class=\"wp-block-getwid-images-slider__wrapper\" data-effect=\"slide\" data-slides-show=\"1\" data-slides-show-laptop=\"1\" data-slides-show-tablet=\"1\" data-slides-show-mobile=\"1\" data-slides-scroll=\"1\" data-autoplay=\"false\" data-pause-hover=\"false\" data-autoplay-speed=\"6000\" data-infinite=\"true\" data-animation-speed=\"800\" data-center-mode=\"false\" data-variable-width=\"false\" data-arrows=\"inside\" data-dots=\"inside\" data-spacing=\"none\"><div class=\"wp-block-getwid-images-slider__item\"><figure><img loading=\"lazy\" decoding=\"async\" width=\"1920\" height=\"1920\" src=\"https:\/\/agora.xtec.cat\/iesilladerodes\/wp-content\/uploads\/usu2146\/2026\/03\/20260307_131309.jpg\" data-id=\"2787\" data-link=\"https:\/\/agora.xtec.cat\/iesilladerodes\/?attachment_id=2787\" data-original-link=\"https:\/\/agora.xtec.cat\/iesilladerodes\/wp-content\/uploads\/usu2146\/2026\/03\/20260307_131309.jpg\" class=\"wp-block-getwid-images-slider__image wp-image-2787\" srcset=\"https:\/\/agora.xtec.cat\/iesilladerodes\/wp-content\/uploads\/usu2146\/2026\/03\/20260307_131309.jpg 1920w, https:\/\/agora.xtec.cat\/iesilladerodes\/wp-content\/uploads\/usu2146\/2026\/03\/20260307_131309-300x300.jpg 300w, https:\/\/agora.xtec.cat\/iesilladerodes\/wp-content\/uploads\/usu2146\/2026\/03\/20260307_131309-1024x1024.jpg 1024w, https:\/\/agora.xtec.cat\/iesilladerodes\/wp-content\/uploads\/usu2146\/2026\/03\/20260307_131309-150x150.jpg 150w, https:\/\/agora.xtec.cat\/iesilladerodes\/wp-content\/uploads\/usu2146\/2026\/03\/20260307_131309-768x768.jpg 768w, https:\/\/agora.xtec.cat\/iesilladerodes\/wp-content\/uploads\/usu2146\/2026\/03\/20260307_131309-1536x1536.jpg 1536w\" sizes=\"auto, (max-width: 1920px) 100vw, 1920px\" \/><\/figure><\/div><div class=\"wp-block-getwid-images-slider__item\"><figure><img loading=\"lazy\" decoding=\"async\" width=\"1920\" height=\"1920\" src=\"https:\/\/agora.xtec.cat\/iesilladerodes\/wp-content\/uploads\/usu2146\/2026\/03\/20260307_131925.jpg\" data-id=\"2784\" data-link=\"https:\/\/agora.xtec.cat\/iesilladerodes\/?attachment_id=2784\" data-original-link=\"https:\/\/agora.xtec.cat\/iesilladerodes\/wp-content\/uploads\/usu2146\/2026\/03\/20260307_131925.jpg\" class=\"wp-block-getwid-images-slider__image wp-image-2784\" srcset=\"https:\/\/agora.xtec.cat\/iesilladerodes\/wp-content\/uploads\/usu2146\/2026\/03\/20260307_131925.jpg 1920w, https:\/\/agora.xtec.cat\/iesilladerodes\/wp-content\/uploads\/usu2146\/2026\/03\/20260307_131925-300x300.jpg 300w, https:\/\/agora.xtec.cat\/iesilladerodes\/wp-content\/uploads\/usu2146\/2026\/03\/20260307_131925-1024x1024.jpg 1024w, https:\/\/agora.xtec.cat\/iesilladerodes\/wp-content\/uploads\/usu2146\/2026\/03\/20260307_131925-150x150.jpg 150w, https:\/\/agora.xtec.cat\/iesilladerodes\/wp-content\/uploads\/usu2146\/2026\/03\/20260307_131925-768x768.jpg 768w, https:\/\/agora.xtec.cat\/iesilladerodes\/wp-content\/uploads\/usu2146\/2026\/03\/20260307_131925-1536x1536.jpg 1536w\" sizes=\"auto, (max-width: 1920px) 100vw, 1920px\" \/><\/figure><\/div><div class=\"wp-block-getwid-images-slider__item\"><figure><img loading=\"lazy\" decoding=\"async\" width=\"1929\" height=\"1929\" src=\"https:\/\/agora.xtec.cat\/iesilladerodes\/wp-content\/uploads\/usu2146\/2026\/03\/20260307_133326.jpg\" data-id=\"2785\" data-link=\"https:\/\/agora.xtec.cat\/iesilladerodes\/?attachment_id=2785\" data-original-link=\"https:\/\/agora.xtec.cat\/iesilladerodes\/wp-content\/uploads\/usu2146\/2026\/03\/20260307_133326.jpg\" class=\"wp-block-getwid-images-slider__image wp-image-2785\" srcset=\"https:\/\/agora.xtec.cat\/iesilladerodes\/wp-content\/uploads\/usu2146\/2026\/03\/20260307_133326.jpg 1929w, https:\/\/agora.xtec.cat\/iesilladerodes\/wp-content\/uploads\/usu2146\/2026\/03\/20260307_133326-300x300.jpg 300w, https:\/\/agora.xtec.cat\/iesilladerodes\/wp-content\/uploads\/usu2146\/2026\/03\/20260307_133326-1024x1024.jpg 1024w, https:\/\/agora.xtec.cat\/iesilladerodes\/wp-content\/uploads\/usu2146\/2026\/03\/20260307_133326-150x150.jpg 150w, https:\/\/agora.xtec.cat\/iesilladerodes\/wp-content\/uploads\/usu2146\/2026\/03\/20260307_133326-768x768.jpg 768w, https:\/\/agora.xtec.cat\/iesilladerodes\/wp-content\/uploads\/usu2146\/2026\/03\/20260307_133326-1536x1536.jpg 1536w\" sizes=\"auto, (max-width: 1929px) 100vw, 1929px\" \/><\/figure><\/div><div class=\"wp-block-getwid-images-slider__item\"><figure><img loading=\"lazy\" decoding=\"async\" width=\"1920\" height=\"1920\" src=\"https:\/\/agora.xtec.cat\/iesilladerodes\/wp-content\/uploads\/usu2146\/2026\/03\/20260307_133955-1.jpg\" data-id=\"2786\" data-link=\"https:\/\/agora.xtec.cat\/iesilladerodes\/?attachment_id=2786\" data-original-link=\"https:\/\/agora.xtec.cat\/iesilladerodes\/wp-content\/uploads\/usu2146\/2026\/03\/20260307_133955-1.jpg\" class=\"wp-block-getwid-images-slider__image wp-image-2786\" srcset=\"https:\/\/agora.xtec.cat\/iesilladerodes\/wp-content\/uploads\/usu2146\/2026\/03\/20260307_133955-1.jpg 1920w, https:\/\/agora.xtec.cat\/iesilladerodes\/wp-content\/uploads\/usu2146\/2026\/03\/20260307_133955-1-300x300.jpg 300w, https:\/\/agora.xtec.cat\/iesilladerodes\/wp-content\/uploads\/usu2146\/2026\/03\/20260307_133955-1-1024x1024.jpg 1024w, https:\/\/agora.xtec.cat\/iesilladerodes\/wp-content\/uploads\/usu2146\/2026\/03\/20260307_133955-1-150x150.jpg 150w, https:\/\/agora.xtec.cat\/iesilladerodes\/wp-content\/uploads\/usu2146\/2026\/03\/20260307_133955-1-768x768.jpg 768w, https:\/\/agora.xtec.cat\/iesilladerodes\/wp-content\/uploads\/usu2146\/2026\/03\/20260307_133955-1-1536x1536.jpg 1536w\" sizes=\"auto, (max-width: 1920px) 100vw, 1920px\" \/><\/figure><\/div><\/div><\/div>\n","protected":false},"excerpt":{"rendered":"<p>Dissabte 7 de mar\u00e7 es va celebrar la desena edici\u00f3 del concurs d\u2019Orat\u00f2ria Juvenil de l\u2019Alt Empord\u00e0 a l\u2019Auditori dels [&hellip;]<\/p>\n","protected":false},"author":5,"featured_media":2786,"comment_status":"open","ping_status":"open","sticky":false,"template":"","format":"standard","meta":{"site-sidebar-layout":"default","site-content-layout":"","ast-site-content-layout":"default","site-content-style":"default","site-sidebar-style":"default","ast-global-header-display":"","ast-banner-title-visibility":"","ast-main-header-display":"","ast-hfb-above-header-display":"","ast-hfb-below-header-display":"","ast-hfb-mobile-header-display":"","site-post-title":"","ast-breadcrumbs-content":"","ast-featured-img":"","footer-sml-layout":"","theme-transparent-header-meta":"","adv-header-id-meta":"","stick-header-meta":"","header-above-stick-meta":"","header-main-stick-meta":"","header-below-stick-meta":"","astra-migrate-meta-layouts":"set","ast-page-background-enabled":"default","ast-page-background-meta":{"desktop":{"background-color":"var(--ast-global-color-4)","background-image":"","background-repeat":"repeat","background-position":"center center","background-size":"auto","background-attachment":"scroll","background-type":"","background-media":"","overlay-type":"","overlay-color":"","overlay-opacity":"","overlay-gradient":""},"tablet":{"background-color":"","background-image":"","background-repeat":"repeat","background-position":"center center","background-size":"auto","background-attachment":"scroll","background-type":"","background-media":"","overlay-type":"","overlay-color":"","overlay-opacity":"","overlay-gradient":""},"mobile":{"background-color":"","background-image":"","background-repeat":"repeat","background-position":"center center","background-size":"auto","background-attachment":"scroll","background-type":"","background-media":"","overlay-type":"","overlay-color":"","overlay-opacity":"","overlay-gradient":""}},"ast-content-background-meta":{"desktop":{"background-color":"var(--ast-global-color-5)","background-image":"","background-repeat":"repeat","background-position":"center center","background-size":"auto","background-attachment":"scroll","background-type":"","background-media":"","overlay-type":"","overlay-color":"","overlay-opacity":"","overlay-gradient":""},"tablet":{"background-color":"var(--ast-global-color-5)","background-image":"","background-repeat":"repeat","background-position":"center center","background-size":"auto","background-attachment":"scroll","background-type":"","background-media":"","overlay-type":"","overlay-color":"","overlay-opacity":"","overlay-gradient":""},"mobile":{"background-color":"var(--ast-global-color-5)","background-image":"","background-repeat":"repeat","background-position":"center center","background-size":"auto","background-attachment":"scroll","background-type":"","background-media":"","overlay-type":"","overlay-color":"","overlay-opacity":"","overlay-gradient":""}},"footnotes":""},"categories":[3,1,29],"tags":[],"class_list":["post-2783","post","type-post","status-publish","format-standard","has-post-thumbnail","hentry","category-eso","category-general","category-portada"],"post_mailing_queue_ids":[],"_links":{"self":[{"href":"https:\/\/agora.xtec.cat\/iesilladerodes\/wp-json\/wp\/v2\/posts\/2783","targetHints":{"allow":["GET"]}}],"collection":[{"href":"https:\/\/agora.xtec.cat\/iesilladerodes\/wp-json\/wp\/v2\/posts"}],"about":[{"href":"https:\/\/agora.xtec.cat\/iesilladerodes\/wp-json\/wp\/v2\/types\/post"}],"author":[{"embeddable":true,"href":"https:\/\/agora.xtec.cat\/iesilladerodes\/wp-json\/wp\/v2\/users\/5"}],"replies":[{"embeddable":true,"href":"https:\/\/agora.xtec.cat\/iesilladerodes\/wp-json\/wp\/v2\/comments?post=2783"}],"version-history":[{"count":1,"href":"https:\/\/agora.xtec.cat\/iesilladerodes\/wp-json\/wp\/v2\/posts\/2783\/revisions"}],"predecessor-version":[{"id":2788,"href":"https:\/\/agora.xtec.cat\/iesilladerodes\/wp-json\/wp\/v2\/posts\/2783\/revisions\/2788"}],"wp:featuredmedia":[{"embeddable":true,"href":"https:\/\/agora.xtec.cat\/iesilladerodes\/wp-json\/wp\/v2\/media\/2786"}],"wp:attachment":[{"href":"https:\/\/agora.xtec.cat\/iesilladerodes\/wp-json\/wp\/v2\/media?parent=2783"}],"wp:term":[{"taxonomy":"category","embeddable":true,"href":"https:\/\/agora.xtec.cat\/iesilladerodes\/wp-json\/wp\/v2\/categories?post=2783"},{"taxonomy":"post_tag","embeddable":true,"href":"https:\/\/agora.xtec.cat\/iesilladerodes\/wp-json\/wp\/v2\/tags?post=2783"}],"curies":[{"name":"wp","href":"https:\/\/api.w.org\/{rel}","templated":true}]}}