{"id":2671,"date":"2026-03-09T10:41:44","date_gmt":"2026-03-09T09:41:44","guid":{"rendered":"https:\/\/agora.xtec.cat\/iesilladerodes\/?p=2671"},"modified":"2026-03-09T10:41:44","modified_gmt":"2026-03-09T09:41:44","slug":"mobilitat-erasmus-a-belgica-llegint-europa-des-darlon","status":"publish","type":"post","link":"https:\/\/agora.xtec.cat\/iesilladerodes\/general\/mobilitat-erasmus-a-belgica-llegint-europa-des-darlon\/","title":{"rendered":"Mobilitat Erasmus+ a B\u00e8lgica: llegint Europa des d\u2019Arlon!"},"content":{"rendered":"\n<p class=\"justificar-text\">La setmana passada, l\u2019alumnat de Primer de Batxillerat de la mat\u00e8ria Ciutadania, Pol\u00edtica i Dret de l\u2019Institut Illa de Rodes&nbsp;va participar en una mobilitat Erasmus+ a Arlon (B\u00e8lgica) dins del projecte Reading Europe: United Through Literature, que desenvolupem conjuntament amb l\u2019Institut Notre-Dame d\u2019Arlon.<\/p>\n\n\n\n<p class=\"justificar-text\">La setmana va comen\u00e7ar amb l\u2019arribada a Luxemburg i el trasllat a Arlon, on l\u2019alumnat va con\u00e8ixer les fam\u00edlies d\u2019acollida en un entorn molt especial: el Ch\u00e2teau du Pont d\u2019Oye, antiga resid\u00e8ncia de la fam\u00edlia de l\u2019escriptora Am\u00e9lie Nothomb. Aquest espai t\u00e9 una relaci\u00f3 directa amb la novel\u00b7la&nbsp;<em>First Blood<\/em>, obra que els estudiants han treballat durant el curs dins del projecte.<\/p>\n\n\n\n<p class=\"justificar-text\">Durant els primers dies, l\u2019alumnat va participar en activitats acad\u00e8miques al centre belga, incloent presentacions sobre B\u00e8lgica i la ciutat d\u2019Arlon, tallers literaris sobre&nbsp;<em>First Blood<\/em>&nbsp;i una trobada amb el reconegut dibuixant de c\u00f2mics Jean-Claude Servais, que va compartir amb els estudiants la seva experi\u00e8ncia creativa i la import\u00e0ncia de la literatura i l\u2019art en la cultura europea.<\/p>\n\n\n\n<p class=\"justificar-text\">Un dels moments m\u00e9s destacats de la setmana va ser la visita al Parlament Europeu a Brussel\u00b7les, on l\u2019alumnat va poder entrar a l\u2019hemicicle i va con\u00e8ixer de primera m\u00e0 com funcionen les institucions europees i com es prenen decisions que afecten milions de ciutadans.<\/p>\n\n\n\n<p class=\"justificar-text\">A m\u00e9s, els estudiants van participar en classes ordin\u00e0ries del centre belga, observant noves metodologies i comparant sistemes educatius. Aquesta experi\u00e8ncia d\u2019immersi\u00f3 va ser una oportunitat \u00fanica per aprendre, compartir i cr\u00e9ixer en un context europeu real.<\/p>\n\n\n\n<p class=\"justificar-text\">La setmana tamb\u00e9 va incloure una sortida cultural a Metz (Fran\u00e7a), amb una gimcana urbana per descobrir la ciutat i una visita al Centre Pompidou-Metz, on l\u2019alumnat va poder reflexionar sobre l\u2019art contemporani com a llenguatge cultural compartit a Europa.<\/p>\n\n\n\n<p class=\"justificar-text\">La mobilitat va finalitzar amb una sessi\u00f3 de valoraci\u00f3 final i una visita a Luxemburg i a l\u2019espai Europa Experience, que permet comprendre millor el funcionament de la Uni\u00f3 Europea.<\/p>\n\n\n\n<p class=\"justificar-text\">Aquesta experi\u00e8ncia Erasmus+ va permetre a l\u2019alumnat millorar les seves compet\u00e8ncies ling\u00fc\u00edstiques, establir noves amistats europees i refor\u00e7ar la seva consci\u00e8ncia de ciutadania europea. El projecte Reading Europe continuar\u00e0 ben aviat amb noves activitats i amb la visita dels estudiants belgues al nostre centre!<\/p>\n\n\n\n<figure class=\"wp-block-image size-large\"><a href=\"https:\/\/agora.xtec.cat\/iesilladerodes\/wp-content\/uploads\/usu2146\/2026\/03\/IMG-20260302-WA0001.jpg\"><img loading=\"lazy\" decoding=\"async\" width=\"768\" height=\"1024\" src=\"https:\/\/agora.xtec.cat\/iesilladerodes\/wp-content\/uploads\/usu2146\/2026\/03\/IMG-20260302-WA0001-768x1024.jpg\" alt=\"\" class=\"wp-image-2672\" srcset=\"https:\/\/agora.xtec.cat\/iesilladerodes\/wp-content\/uploads\/usu2146\/2026\/03\/IMG-20260302-WA0001-768x1024.jpg 768w, https:\/\/agora.xtec.cat\/iesilladerodes\/wp-content\/uploads\/usu2146\/2026\/03\/IMG-20260302-WA0001-225x300.jpg 225w, https:\/\/agora.xtec.cat\/iesilladerodes\/wp-content\/uploads\/usu2146\/2026\/03\/IMG-20260302-WA0001-1152x1536.jpg 1152w, https:\/\/agora.xtec.cat\/iesilladerodes\/wp-content\/uploads\/usu2146\/2026\/03\/IMG-20260302-WA0001.jpg 1200w\" sizes=\"auto, (max-width: 768px) 100vw, 768px\" \/><\/a><\/figure>\n","protected":false},"excerpt":{"rendered":"<p>La setmana passada, l\u2019alumnat de Primer de Batxillerat de la mat\u00e8ria Ciutadania, Pol\u00edtica i Dret de l\u2019Institut Illa de Rodes&nbsp;va [&hellip;]<\/p>\n","protected":false},"author":7,"featured_media":2672,"comment_status":"open","ping_status":"open","sticky":false,"template":"","format":"standard","meta":{"site-sidebar-layout":"default","site-content-layout":"","ast-site-content-layout":"default","site-content-style":"default","site-sidebar-style":"default","ast-global-header-display":"","ast-banner-title-visibility":"","ast-main-header-display":"","ast-hfb-above-header-display":"","ast-hfb-below-header-display":"","ast-hfb-mobile-header-display":"","site-post-title":"","ast-breadcrumbs-content":"","ast-featured-img":"","footer-sml-layout":"","theme-transparent-header-meta":"","adv-header-id-meta":"","stick-header-meta":"","header-above-stick-meta":"","header-main-stick-meta":"","header-below-stick-meta":"","astra-migrate-meta-layouts":"set","ast-page-background-enabled":"default","ast-page-background-meta":{"desktop":{"background-color":"var(--ast-global-color-4)","background-image":"","background-repeat":"repeat","background-position":"center center","background-size":"auto","background-attachment":"scroll","background-type":"","background-media":"","overlay-type":"","overlay-color":"","overlay-opacity":"","overlay-gradient":""},"tablet":{"background-color":"","background-image":"","background-repeat":"repeat","background-position":"center center","background-size":"auto","background-attachment":"scroll","background-type":"","background-media":"","overlay-type":"","overlay-color":"","overlay-opacity":"","overlay-gradient":""},"mobile":{"background-color":"","background-image":"","background-repeat":"repeat","background-position":"center center","background-size":"auto","background-attachment":"scroll","background-type":"","background-media":"","overlay-type":"","overlay-color":"","overlay-opacity":"","overlay-gradient":""}},"ast-content-background-meta":{"desktop":{"background-color":"var(--ast-global-color-5)","background-image":"","background-repeat":"repeat","background-position":"center center","background-size":"auto","background-attachment":"scroll","background-type":"","background-media":"","overlay-type":"","overlay-color":"","overlay-opacity":"","overlay-gradient":""},"tablet":{"background-color":"var(--ast-global-color-5)","background-image":"","background-repeat":"repeat","background-position":"center center","background-size":"auto","background-attachment":"scroll","background-type":"","background-media":"","overlay-type":"","overlay-color":"","overlay-opacity":"","overlay-gradient":""},"mobile":{"background-color":"var(--ast-global-color-5)","background-image":"","background-repeat":"repeat","background-position":"center center","background-size":"auto","background-attachment":"scroll","background-type":"","background-media":"","overlay-type":"","overlay-color":"","overlay-opacity":"","overlay-gradient":""}},"footnotes":""},"categories":[3,1,29],"tags":[],"class_list":["post-2671","post","type-post","status-publish","format-standard","has-post-thumbnail","hentry","category-eso","category-general","category-portada"],"post_mailing_queue_ids":[],"_links":{"self":[{"href":"https:\/\/agora.xtec.cat\/iesilladerodes\/wp-json\/wp\/v2\/posts\/2671","targetHints":{"allow":["GET"]}}],"collection":[{"href":"https:\/\/agora.xtec.cat\/iesilladerodes\/wp-json\/wp\/v2\/posts"}],"about":[{"href":"https:\/\/agora.xtec.cat\/iesilladerodes\/wp-json\/wp\/v2\/types\/post"}],"author":[{"embeddable":true,"href":"https:\/\/agora.xtec.cat\/iesilladerodes\/wp-json\/wp\/v2\/users\/7"}],"replies":[{"embeddable":true,"href":"https:\/\/agora.xtec.cat\/iesilladerodes\/wp-json\/wp\/v2\/comments?post=2671"}],"version-history":[{"count":1,"href":"https:\/\/agora.xtec.cat\/iesilladerodes\/wp-json\/wp\/v2\/posts\/2671\/revisions"}],"predecessor-version":[{"id":2673,"href":"https:\/\/agora.xtec.cat\/iesilladerodes\/wp-json\/wp\/v2\/posts\/2671\/revisions\/2673"}],"wp:featuredmedia":[{"embeddable":true,"href":"https:\/\/agora.xtec.cat\/iesilladerodes\/wp-json\/wp\/v2\/media\/2672"}],"wp:attachment":[{"href":"https:\/\/agora.xtec.cat\/iesilladerodes\/wp-json\/wp\/v2\/media?parent=2671"}],"wp:term":[{"taxonomy":"category","embeddable":true,"href":"https:\/\/agora.xtec.cat\/iesilladerodes\/wp-json\/wp\/v2\/categories?post=2671"},{"taxonomy":"post_tag","embeddable":true,"href":"https:\/\/agora.xtec.cat\/iesilladerodes\/wp-json\/wp\/v2\/tags?post=2671"}],"curies":[{"name":"wp","href":"https:\/\/api.w.org\/{rel}","templated":true}]}}