{"id":2632,"date":"2026-02-27T18:07:10","date_gmt":"2026-02-27T17:07:10","guid":{"rendered":"https:\/\/agora.xtec.cat\/iesilladerodes\/?p=2632"},"modified":"2026-02-27T18:07:10","modified_gmt":"2026-02-27T17:07:10","slug":"la-veterinaria-teresa-coll-ens-visita-amb-el-projecte-cientifiques","status":"publish","type":"post","link":"https:\/\/agora.xtec.cat\/iesilladerodes\/general\/la-veterinaria-teresa-coll-ens-visita-amb-el-projecte-cientifiques\/","title":{"rendered":"La veterin\u00e0ria Teresa Coll ens visita amb el projecte #cient\u00edfiques"},"content":{"rendered":"\n<p class=\"justificar-text\">Avui l\u2019alumnat de <strong>1r d\u2019ESO<\/strong> ha rebut una visita molt especial: la veterin\u00e0ria <strong>Teresa Coll<\/strong>, participant del projecte <strong>cient\u00edfiques<\/strong>.<\/p>\n\n\n\n<p class=\"justificar-text\">L\u2019objectiu \u00e9s <strong>donar visibilitat a les dones cient\u00edfiques i crear referents femenins en l\u2019\u00e0mbit de la ci\u00e8ncia i la tecnologia<\/strong>: trencar estereotips, mostrar que la ci\u00e8ncia tamb\u00e9 t\u00e9 nom de dona i despertar vocacions cient\u00edfiques entre els nois i noies des de ben joves.<\/p>\n\n\n\n<p class=\"justificar-text\">Durant la xerrada, la Teresa ha compartit amb nosaltres la seva traject\u00f2ria personal i professional. Amb un to molt proper, ha explicat en qu\u00e8 consisteix la seva feina actual i quina \u00e9s la seva import\u00e0ncia dins la societat, especialment en relaci\u00f3 amb la salut i el benestar animal.<\/p>\n\n\n\n<p class=\"justificar-text\">L\u2019alumnat ha seguit la sessi\u00f3 amb molt d\u2019inter\u00e8s i ha pogut fer preguntes sobre el dia a dia de la professi\u00f3 i les curiositats del m\u00f3n veterinari. Ha estat una trobada enriquidora que, m\u00e9s enll\u00e0 dels continguts, ha transm\u00e8s un missatge molt potent: <strong>les vocacions no tenen g\u00e8nere i tothom pot arribar all\u00e0 on es proposi.<\/strong><\/p>\n\n\n\n<p id=\"justificar-text\">Des del centre volem agrair a la Teresa la seva generositat i proximitat. Sens dubte, ha estat una experi\u00e8ncia que ha deixat empremta!<\/p>\n\n\n\n<figure class=\"wp-block-gallery has-nested-images columns-default is-cropped wp-block-gallery-1 is-layout-flex wp-block-gallery-is-layout-flex\">\n<figure class=\"wp-block-image size-large\"><a href=\"https:\/\/agora.xtec.cat\/iesilladerodes\/wp-content\/uploads\/usu2146\/2026\/02\/WhatsApp-Image-2026-02-27-at-18.02.00-1.jpeg\"><img loading=\"lazy\" decoding=\"async\" width=\"768\" height=\"1024\" data-id=\"2636\" src=\"https:\/\/agora.xtec.cat\/iesilladerodes\/wp-content\/uploads\/usu2146\/2026\/02\/WhatsApp-Image-2026-02-27-at-18.02.00-1-768x1024.jpeg\" alt=\"\" class=\"wp-image-2636\" srcset=\"https:\/\/agora.xtec.cat\/iesilladerodes\/wp-content\/uploads\/usu2146\/2026\/02\/WhatsApp-Image-2026-02-27-at-18.02.00-1-768x1024.jpeg 768w, https:\/\/agora.xtec.cat\/iesilladerodes\/wp-content\/uploads\/usu2146\/2026\/02\/WhatsApp-Image-2026-02-27-at-18.02.00-1-225x300.jpeg 225w, https:\/\/agora.xtec.cat\/iesilladerodes\/wp-content\/uploads\/usu2146\/2026\/02\/WhatsApp-Image-2026-02-27-at-18.02.00-1-1152x1536.jpeg 1152w, https:\/\/agora.xtec.cat\/iesilladerodes\/wp-content\/uploads\/usu2146\/2026\/02\/WhatsApp-Image-2026-02-27-at-18.02.00-1.jpeg 1200w\" sizes=\"auto, (max-width: 768px) 100vw, 768px\" \/><\/a><\/figure>\n\n\n\n<figure class=\"wp-block-image size-large\"><a href=\"https:\/\/agora.xtec.cat\/iesilladerodes\/wp-content\/uploads\/usu2146\/2026\/02\/WhatsApp-Image-2026-02-27-at-18.02.01-1-1.jpeg\"><img loading=\"lazy\" decoding=\"async\" width=\"768\" height=\"1024\" data-id=\"2637\" src=\"https:\/\/agora.xtec.cat\/iesilladerodes\/wp-content\/uploads\/usu2146\/2026\/02\/WhatsApp-Image-2026-02-27-at-18.02.01-1-1-768x1024.jpeg\" alt=\"\" class=\"wp-image-2637\" srcset=\"https:\/\/agora.xtec.cat\/iesilladerodes\/wp-content\/uploads\/usu2146\/2026\/02\/WhatsApp-Image-2026-02-27-at-18.02.01-1-1-768x1024.jpeg 768w, https:\/\/agora.xtec.cat\/iesilladerodes\/wp-content\/uploads\/usu2146\/2026\/02\/WhatsApp-Image-2026-02-27-at-18.02.01-1-1-225x300.jpeg 225w, https:\/\/agora.xtec.cat\/iesilladerodes\/wp-content\/uploads\/usu2146\/2026\/02\/WhatsApp-Image-2026-02-27-at-18.02.01-1-1-1152x1536.jpeg 1152w, https:\/\/agora.xtec.cat\/iesilladerodes\/wp-content\/uploads\/usu2146\/2026\/02\/WhatsApp-Image-2026-02-27-at-18.02.01-1-1.jpeg 1200w\" sizes=\"auto, (max-width: 768px) 100vw, 768px\" \/><\/a><\/figure>\n\n\n\n<figure class=\"wp-block-image size-large\"><a href=\"https:\/\/agora.xtec.cat\/iesilladerodes\/wp-content\/uploads\/usu2146\/2026\/02\/WhatsApp-Image-2026-02-27-at-18.02.01-2.jpeg\"><img loading=\"lazy\" decoding=\"async\" width=\"768\" height=\"1024\" data-id=\"2638\" src=\"https:\/\/agora.xtec.cat\/iesilladerodes\/wp-content\/uploads\/usu2146\/2026\/02\/WhatsApp-Image-2026-02-27-at-18.02.01-2-768x1024.jpeg\" alt=\"\" class=\"wp-image-2638\" srcset=\"https:\/\/agora.xtec.cat\/iesilladerodes\/wp-content\/uploads\/usu2146\/2026\/02\/WhatsApp-Image-2026-02-27-at-18.02.01-2-768x1024.jpeg 768w, https:\/\/agora.xtec.cat\/iesilladerodes\/wp-content\/uploads\/usu2146\/2026\/02\/WhatsApp-Image-2026-02-27-at-18.02.01-2-225x300.jpeg 225w, https:\/\/agora.xtec.cat\/iesilladerodes\/wp-content\/uploads\/usu2146\/2026\/02\/WhatsApp-Image-2026-02-27-at-18.02.01-2-1152x1536.jpeg 1152w, https:\/\/agora.xtec.cat\/iesilladerodes\/wp-content\/uploads\/usu2146\/2026\/02\/WhatsApp-Image-2026-02-27-at-18.02.01-2.jpeg 1200w\" sizes=\"auto, (max-width: 768px) 100vw, 768px\" \/><\/a><\/figure>\n<\/figure>\n","protected":false},"excerpt":{"rendered":"<p>Avui l\u2019alumnat de 1r d\u2019ESO ha rebut una visita molt especial: la veterin\u00e0ria Teresa Coll, participant del projecte cient\u00edfiques. L\u2019objectiu [&hellip;]<\/p>\n","protected":false},"author":7,"featured_media":2634,"comment_status":"open","ping_status":"open","sticky":false,"template":"","format":"standard","meta":{"site-sidebar-layout":"default","site-content-layout":"","ast-site-content-layout":"default","site-content-style":"default","site-sidebar-style":"default","ast-global-header-display":"","ast-banner-title-visibility":"","ast-main-header-display":"","ast-hfb-above-header-display":"","ast-hfb-below-header-display":"","ast-hfb-mobile-header-display":"","site-post-title":"","ast-breadcrumbs-content":"","ast-featured-img":"","footer-sml-layout":"","theme-transparent-header-meta":"","adv-header-id-meta":"","stick-header-meta":"","header-above-stick-meta":"","header-main-stick-meta":"","header-below-stick-meta":"","astra-migrate-meta-layouts":"set","ast-page-background-enabled":"default","ast-page-background-meta":{"desktop":{"background-color":"var(--ast-global-color-4)","background-image":"","background-repeat":"repeat","background-position":"center center","background-size":"auto","background-attachment":"scroll","background-type":"","background-media":"","overlay-type":"","overlay-color":"","overlay-opacity":"","overlay-gradient":""},"tablet":{"background-color":"","background-image":"","background-repeat":"repeat","background-position":"center center","background-size":"auto","background-attachment":"scroll","background-type":"","background-media":"","overlay-type":"","overlay-color":"","overlay-opacity":"","overlay-gradient":""},"mobile":{"background-color":"","background-image":"","background-repeat":"repeat","background-position":"center center","background-size":"auto","background-attachment":"scroll","background-type":"","background-media":"","overlay-type":"","overlay-color":"","overlay-opacity":"","overlay-gradient":""}},"ast-content-background-meta":{"desktop":{"background-color":"var(--ast-global-color-5)","background-image":"","background-repeat":"repeat","background-position":"center center","background-size":"auto","background-attachment":"scroll","background-type":"","background-media":"","overlay-type":"","overlay-color":"","overlay-opacity":"","overlay-gradient":""},"tablet":{"background-color":"var(--ast-global-color-5)","background-image":"","background-repeat":"repeat","background-position":"center center","background-size":"auto","background-attachment":"scroll","background-type":"","background-media":"","overlay-type":"","overlay-color":"","overlay-opacity":"","overlay-gradient":""},"mobile":{"background-color":"var(--ast-global-color-5)","background-image":"","background-repeat":"repeat","background-position":"center center","background-size":"auto","background-attachment":"scroll","background-type":"","background-media":"","overlay-type":"","overlay-color":"","overlay-opacity":"","overlay-gradient":""}},"footnotes":""},"categories":[3,1,29],"tags":[],"class_list":["post-2632","post","type-post","status-publish","format-standard","has-post-thumbnail","hentry","category-eso","category-general","category-portada"],"post_mailing_queue_ids":[],"_links":{"self":[{"href":"https:\/\/agora.xtec.cat\/iesilladerodes\/wp-json\/wp\/v2\/posts\/2632","targetHints":{"allow":["GET"]}}],"collection":[{"href":"https:\/\/agora.xtec.cat\/iesilladerodes\/wp-json\/wp\/v2\/posts"}],"about":[{"href":"https:\/\/agora.xtec.cat\/iesilladerodes\/wp-json\/wp\/v2\/types\/post"}],"author":[{"embeddable":true,"href":"https:\/\/agora.xtec.cat\/iesilladerodes\/wp-json\/wp\/v2\/users\/7"}],"replies":[{"embeddable":true,"href":"https:\/\/agora.xtec.cat\/iesilladerodes\/wp-json\/wp\/v2\/comments?post=2632"}],"version-history":[{"count":1,"href":"https:\/\/agora.xtec.cat\/iesilladerodes\/wp-json\/wp\/v2\/posts\/2632\/revisions"}],"predecessor-version":[{"id":2639,"href":"https:\/\/agora.xtec.cat\/iesilladerodes\/wp-json\/wp\/v2\/posts\/2632\/revisions\/2639"}],"wp:featuredmedia":[{"embeddable":true,"href":"https:\/\/agora.xtec.cat\/iesilladerodes\/wp-json\/wp\/v2\/media\/2634"}],"wp:attachment":[{"href":"https:\/\/agora.xtec.cat\/iesilladerodes\/wp-json\/wp\/v2\/media?parent=2632"}],"wp:term":[{"taxonomy":"category","embeddable":true,"href":"https:\/\/agora.xtec.cat\/iesilladerodes\/wp-json\/wp\/v2\/categories?post=2632"},{"taxonomy":"post_tag","embeddable":true,"href":"https:\/\/agora.xtec.cat\/iesilladerodes\/wp-json\/wp\/v2\/tags?post=2632"}],"curies":[{"name":"wp","href":"https:\/\/api.w.org\/{rel}","templated":true}]}}