{"id":2587,"date":"2026-02-24T10:27:57","date_gmt":"2026-02-24T09:27:57","guid":{"rendered":"https:\/\/agora.xtec.cat\/iesilladerodes\/?p=2587"},"modified":"2026-02-24T10:28:33","modified_gmt":"2026-02-24T09:28:33","slug":"participem-a-les-olimpiades-de-la-unio-europea-a-la-ub","status":"publish","type":"post","link":"https:\/\/agora.xtec.cat\/iesilladerodes\/general\/participem-a-les-olimpiades-de-la-unio-europea-a-la-ub\/","title":{"rendered":"Participem a les Olimp\u00edades de la Uni\u00f3 Europea a la UB"},"content":{"rendered":"\n<p class=\"justificar-text\">El passat divendres, 20 de febrer, cinc Ambaixadors J\u00fanior de Batxillerat del&nbsp;nostre centre van participar a la fase regional de les Olimp\u00edades de la Uni\u00f3 Europea, celebrades a la Facultat de Dret de la Universitat de Barcelona, a l\u2019Aula Font i Rius.<\/p>\n\n\n\n<figure class=\"wp-block-image alignleft size-large is-resized\"><a href=\"https:\/\/agora.xtec.cat\/iesilladerodes\/wp-content\/uploads\/usu2146\/2026\/02\/IMG_20260220_091757-1-scaled.jpg\"><img loading=\"lazy\" decoding=\"async\" width=\"769\" height=\"1024\" src=\"https:\/\/agora.xtec.cat\/iesilladerodes\/wp-content\/uploads\/usu2146\/2026\/02\/IMG_20260220_091757-1-769x1024.jpg\" alt=\"\" class=\"wp-image-2588\" style=\"width:301px;height:auto\" srcset=\"https:\/\/agora.xtec.cat\/iesilladerodes\/wp-content\/uploads\/usu2146\/2026\/02\/IMG_20260220_091757-1-769x1024.jpg 769w, https:\/\/agora.xtec.cat\/iesilladerodes\/wp-content\/uploads\/usu2146\/2026\/02\/IMG_20260220_091757-1-225x300.jpg 225w, https:\/\/agora.xtec.cat\/iesilladerodes\/wp-content\/uploads\/usu2146\/2026\/02\/IMG_20260220_091757-1-768x1023.jpg 768w, https:\/\/agora.xtec.cat\/iesilladerodes\/wp-content\/uploads\/usu2146\/2026\/02\/IMG_20260220_091757-1-1153x1536.jpg 1153w, https:\/\/agora.xtec.cat\/iesilladerodes\/wp-content\/uploads\/usu2146\/2026\/02\/IMG_20260220_091757-1-1538x2048.jpg 1538w, https:\/\/agora.xtec.cat\/iesilladerodes\/wp-content\/uploads\/usu2146\/2026\/02\/IMG_20260220_091757-1-scaled.jpg 1922w\" sizes=\"auto, (max-width: 769px) 100vw, 769px\" \/><\/a><\/figure>\n\n\n\n<p class=\"justificar-text\">Els representants del nostre centre (Erik Barneo, Laia De Caprio, Roumayssae Taouil, Aya Taouil i Marla Vi\u00f1ales)&nbsp;van defensar amb rigor i comprom\u00eds els seus posicionaments en una jornada acad\u00e8mica d\u2019alt nivell centrada en el proc\u00e9s d\u2019adhesi\u00f3 a la Uni\u00f3 Europea i la flexibilitzaci\u00f3 dels criteris de Copenhaguen.<\/p>\n\n\n\n<p class=\"justificar-text\">La jornada es va estructurar en tres grans blocs. En primer lloc, una taula rodona amb experts en afers europeus, que va permetre a l\u2019alumnat aprofundir en els reptes actuals de la UE des d\u2019una perspectiva acad\u00e8mica i institucional. A continuaci\u00f3, els participants van prendre part en una simulaci\u00f3 parlament\u00e0ria (Mini MEU), assumint el rol d\u2019eurodiputats, presentant el seu posicionament inicial, debatent amb altres centres de Catalunya, treballant en grups parlamentaris i votant esmenes, tot reproduint el funcionament real del Parlament Europeu. Finalment, van redactar un assaig individual de reflexi\u00f3.<\/p>\n\n\n\n<p class=\"justificar-text\">L\u2019experi\u00e8ncia va ser especialment enriquidora per als nostres alumnes, que van destacar el nivell del debat, l\u2019exig\u00e8ncia acad\u00e8mica i la possibilitat de contrastar idees amb estudiants d\u2019altres centres. La simulaci\u00f3 parlament\u00e0ria va generar un alt grau d\u2019implicaci\u00f3 i entusiasme, demostrant que la joventut t\u00e9 molt a dir sobre el futur d\u2019Europa.<\/p>\n\n\n\n<p class=\"justificar-text\">Des del centre volem felicitar-los pel seu esperit cr\u00edtic, la seva capacitat d\u2019argumentaci\u00f3 i el seu comprom\u00eds amb els valors europeus. Aquesta participaci\u00f3 s\u2019emmarca dins el programa EPAS (Escoles Ambaixadores del Parlament Europeu), que promou el coneixement de les institucions europees i fomenta una ciutadania activa, informada i compromesa.<\/p>\n","protected":false},"excerpt":{"rendered":"<p>El passat divendres, 20 de febrer, cinc Ambaixadors J\u00fanior de Batxillerat del&nbsp;nostre centre van participar a la fase regional de [&hellip;]<\/p>\n","protected":false},"author":5,"featured_media":2588,"comment_status":"open","ping_status":"open","sticky":false,"template":"","format":"standard","meta":{"site-sidebar-layout":"default","site-content-layout":"","ast-site-content-layout":"default","site-content-style":"default","site-sidebar-style":"default","ast-global-header-display":"","ast-banner-title-visibility":"","ast-main-header-display":"","ast-hfb-above-header-display":"","ast-hfb-below-header-display":"","ast-hfb-mobile-header-display":"","site-post-title":"","ast-breadcrumbs-content":"","ast-featured-img":"","footer-sml-layout":"","theme-transparent-header-meta":"","adv-header-id-meta":"","stick-header-meta":"","header-above-stick-meta":"","header-main-stick-meta":"","header-below-stick-meta":"","astra-migrate-meta-layouts":"set","ast-page-background-enabled":"default","ast-page-background-meta":{"desktop":{"background-color":"var(--ast-global-color-4)","background-image":"","background-repeat":"repeat","background-position":"center center","background-size":"auto","background-attachment":"scroll","background-type":"","background-media":"","overlay-type":"","overlay-color":"","overlay-opacity":"","overlay-gradient":""},"tablet":{"background-color":"","background-image":"","background-repeat":"repeat","background-position":"center center","background-size":"auto","background-attachment":"scroll","background-type":"","background-media":"","overlay-type":"","overlay-color":"","overlay-opacity":"","overlay-gradient":""},"mobile":{"background-color":"","background-image":"","background-repeat":"repeat","background-position":"center center","background-size":"auto","background-attachment":"scroll","background-type":"","background-media":"","overlay-type":"","overlay-color":"","overlay-opacity":"","overlay-gradient":""}},"ast-content-background-meta":{"desktop":{"background-color":"var(--ast-global-color-5)","background-image":"","background-repeat":"repeat","background-position":"center center","background-size":"auto","background-attachment":"scroll","background-type":"","background-media":"","overlay-type":"","overlay-color":"","overlay-opacity":"","overlay-gradient":""},"tablet":{"background-color":"var(--ast-global-color-5)","background-image":"","background-repeat":"repeat","background-position":"center center","background-size":"auto","background-attachment":"scroll","background-type":"","background-media":"","overlay-type":"","overlay-color":"","overlay-opacity":"","overlay-gradient":""},"mobile":{"background-color":"var(--ast-global-color-5)","background-image":"","background-repeat":"repeat","background-position":"center center","background-size":"auto","background-attachment":"scroll","background-type":"","background-media":"","overlay-type":"","overlay-color":"","overlay-opacity":"","overlay-gradient":""}},"footnotes":""},"categories":[8,1,29],"tags":[],"class_list":["post-2587","post","type-post","status-publish","format-standard","has-post-thumbnail","hentry","category-batxillerat","category-general","category-portada"],"post_mailing_queue_ids":[],"_links":{"self":[{"href":"https:\/\/agora.xtec.cat\/iesilladerodes\/wp-json\/wp\/v2\/posts\/2587","targetHints":{"allow":["GET"]}}],"collection":[{"href":"https:\/\/agora.xtec.cat\/iesilladerodes\/wp-json\/wp\/v2\/posts"}],"about":[{"href":"https:\/\/agora.xtec.cat\/iesilladerodes\/wp-json\/wp\/v2\/types\/post"}],"author":[{"embeddable":true,"href":"https:\/\/agora.xtec.cat\/iesilladerodes\/wp-json\/wp\/v2\/users\/5"}],"replies":[{"embeddable":true,"href":"https:\/\/agora.xtec.cat\/iesilladerodes\/wp-json\/wp\/v2\/comments?post=2587"}],"version-history":[{"count":1,"href":"https:\/\/agora.xtec.cat\/iesilladerodes\/wp-json\/wp\/v2\/posts\/2587\/revisions"}],"predecessor-version":[{"id":2589,"href":"https:\/\/agora.xtec.cat\/iesilladerodes\/wp-json\/wp\/v2\/posts\/2587\/revisions\/2589"}],"wp:featuredmedia":[{"embeddable":true,"href":"https:\/\/agora.xtec.cat\/iesilladerodes\/wp-json\/wp\/v2\/media\/2588"}],"wp:attachment":[{"href":"https:\/\/agora.xtec.cat\/iesilladerodes\/wp-json\/wp\/v2\/media?parent=2587"}],"wp:term":[{"taxonomy":"category","embeddable":true,"href":"https:\/\/agora.xtec.cat\/iesilladerodes\/wp-json\/wp\/v2\/categories?post=2587"},{"taxonomy":"post_tag","embeddable":true,"href":"https:\/\/agora.xtec.cat\/iesilladerodes\/wp-json\/wp\/v2\/tags?post=2587"}],"curies":[{"name":"wp","href":"https:\/\/api.w.org\/{rel}","templated":true}]}}