{"id":2584,"date":"2026-02-23T10:36:00","date_gmt":"2026-02-23T09:36:00","guid":{"rendered":"https:\/\/agora.xtec.cat\/iesilladerodes\/?p=2584"},"modified":"2026-02-23T10:36:00","modified_gmt":"2026-02-23T09:36:00","slug":"el-centre-commemora-el-dia-internacional-de-la-llengua-materna-amb-una-accio-dins-del-projecte-epas","status":"publish","type":"post","link":"https:\/\/agora.xtec.cat\/iesilladerodes\/general\/el-centre-commemora-el-dia-internacional-de-la-llengua-materna-amb-una-accio-dins-del-projecte-epas\/","title":{"rendered":"El centre commemora el Dia Internacional de la Llengua Materna amb una acci\u00f3 dins del projecte EPAS"},"content":{"rendered":"\n<p class=\"justificar-text\">El passat divendres, 20 de febrer, l\u2019Institut va commemorar el&nbsp;<strong>Dia Internacional de la Llengua Materna (21 de febrer)<\/strong>&nbsp;amb una activitat impulsada per l\u2019alumnat ambaixador del programa&nbsp;<strong>Escola Ambaixadora del Parlament Europeu (EPAS)<\/strong>, en el marc del projecte&nbsp;<em>Songs for Europe.&nbsp;<\/em><\/p>\n\n\n\n<p class=\"justificar-text\">L\u2019activitat va comen\u00e7ar amb la realitzaci\u00f3 d\u2019un&nbsp;<strong>cens ling\u00fc\u00edstic del centre<\/strong>. Durant diversos dies, els ambaixadors i ambaixadores EPAS van visitar les aules per preguntar quines lleng\u00fces formen part de la vida de l\u2019alumnat. Aquest treball va permetre identificar fins a 23 lleng\u00fces presents a la nostra comunitat educativa, posant en relleu la riquesa i la diversitat ling\u00fc\u00edstica real del centre.<\/p>\n\n\n\n<p class=\"justificar-text\">A partir dels resultats del cens, l\u2019alumnat va elaborar una s\u00e8rie de&nbsp;<strong>cartells expositius<\/strong>&nbsp;que es van incorporar a l\u2019Infopoint EPAS. Cada cartell inclo\u00efa el nom de la llengua en la seva forma original, una paraula significativa escollida per l\u2019alumnat i un missatge com\u00fa tradu\u00eft a cada llengua: que la llengua forma part de la identitat de cada persona i que, a Europa, totes les lleng\u00fces compten.<\/p>\n\n\n\n<p class=\"justificar-text\">Paral\u00b7lelament, alguns alumnes van participar de manera volunt\u00e0ria en la gravaci\u00f3 d\u2019un&nbsp;<strong>v\u00eddeo col\u00b7laboratiu<\/strong>, en qu\u00e8 expressaven aquest mateix missatge en les seves lleng\u00fces. El v\u00eddeo, publicat al compte d&#8217;Instagram EPAS del centre (@EPAS_illaderodes), va servir per donar visibilitat a la diversitat ling\u00fc\u00edstica i refor\u00e7ar el comprom\u00eds amb els valors europeus de respecte, conviv\u00e8ncia i inclusi\u00f3.<\/p>\n\n\n\n<p class=\"justificar-text\">Amb aquesta activitat, l\u2019alumnat no nom\u00e9s ha visibilitzat la pluralitat ling\u00fc\u00edstica del centre, sin\u00f3 que tamb\u00e9 ha treballat el significat profund de la llengua com a element d\u2019identitat personal i col\u00b7lectiva. La commemoraci\u00f3 del 21 de febrer ha estat, aix\u00ed, una oportunitat per recordar que la Uni\u00f3 Europea no \u00e9s nom\u00e9s un conjunt d\u2019institucions i normatives, sin\u00f3 tamb\u00e9 un espai de conviv\u00e8ncia cultural i ling\u00fc\u00edstica que es construeix cada dia a les aules.<\/p>\n\n\n\n<figure class=\"wp-block-image size-large\"><a href=\"https:\/\/agora.xtec.cat\/iesilladerodes\/wp-content\/uploads\/usu2146\/2026\/02\/IMG_6909-1-scaled.jpeg\"><img loading=\"lazy\" decoding=\"async\" width=\"1024\" height=\"453\" src=\"https:\/\/agora.xtec.cat\/iesilladerodes\/wp-content\/uploads\/usu2146\/2026\/02\/IMG_6909-1-1024x453.jpeg\" alt=\"\" class=\"wp-image-2585\" srcset=\"https:\/\/agora.xtec.cat\/iesilladerodes\/wp-content\/uploads\/usu2146\/2026\/02\/IMG_6909-1-1024x453.jpeg 1024w, https:\/\/agora.xtec.cat\/iesilladerodes\/wp-content\/uploads\/usu2146\/2026\/02\/IMG_6909-1-300x133.jpeg 300w, https:\/\/agora.xtec.cat\/iesilladerodes\/wp-content\/uploads\/usu2146\/2026\/02\/IMG_6909-1-768x340.jpeg 768w, https:\/\/agora.xtec.cat\/iesilladerodes\/wp-content\/uploads\/usu2146\/2026\/02\/IMG_6909-1-1536x679.jpeg 1536w, https:\/\/agora.xtec.cat\/iesilladerodes\/wp-content\/uploads\/usu2146\/2026\/02\/IMG_6909-1-2048x906.jpeg 2048w\" sizes=\"auto, (max-width: 1024px) 100vw, 1024px\" \/><\/a><\/figure>\n","protected":false},"excerpt":{"rendered":"<p>El passat divendres, 20 de febrer, l\u2019Institut va commemorar el&nbsp;Dia Internacional de la Llengua Materna (21 de febrer)&nbsp;amb una activitat [&hellip;]<\/p>\n","protected":false},"author":5,"featured_media":2585,"comment_status":"open","ping_status":"open","sticky":false,"template":"","format":"standard","meta":{"site-sidebar-layout":"default","site-content-layout":"","ast-site-content-layout":"default","site-content-style":"default","site-sidebar-style":"default","ast-global-header-display":"","ast-banner-title-visibility":"","ast-main-header-display":"","ast-hfb-above-header-display":"","ast-hfb-below-header-display":"","ast-hfb-mobile-header-display":"","site-post-title":"","ast-breadcrumbs-content":"","ast-featured-img":"","footer-sml-layout":"","theme-transparent-header-meta":"","adv-header-id-meta":"","stick-header-meta":"","header-above-stick-meta":"","header-main-stick-meta":"","header-below-stick-meta":"","astra-migrate-meta-layouts":"set","ast-page-background-enabled":"default","ast-page-background-meta":{"desktop":{"background-color":"var(--ast-global-color-4)","background-image":"","background-repeat":"repeat","background-position":"center center","background-size":"auto","background-attachment":"scroll","background-type":"","background-media":"","overlay-type":"","overlay-color":"","overlay-opacity":"","overlay-gradient":""},"tablet":{"background-color":"","background-image":"","background-repeat":"repeat","background-position":"center center","background-size":"auto","background-attachment":"scroll","background-type":"","background-media":"","overlay-type":"","overlay-color":"","overlay-opacity":"","overlay-gradient":""},"mobile":{"background-color":"","background-image":"","background-repeat":"repeat","background-position":"center center","background-size":"auto","background-attachment":"scroll","background-type":"","background-media":"","overlay-type":"","overlay-color":"","overlay-opacity":"","overlay-gradient":""}},"ast-content-background-meta":{"desktop":{"background-color":"var(--ast-global-color-5)","background-image":"","background-repeat":"repeat","background-position":"center center","background-size":"auto","background-attachment":"scroll","background-type":"","background-media":"","overlay-type":"","overlay-color":"","overlay-opacity":"","overlay-gradient":""},"tablet":{"background-color":"var(--ast-global-color-5)","background-image":"","background-repeat":"repeat","background-position":"center center","background-size":"auto","background-attachment":"scroll","background-type":"","background-media":"","overlay-type":"","overlay-color":"","overlay-opacity":"","overlay-gradient":""},"mobile":{"background-color":"var(--ast-global-color-5)","background-image":"","background-repeat":"repeat","background-position":"center center","background-size":"auto","background-attachment":"scroll","background-type":"","background-media":"","overlay-type":"","overlay-color":"","overlay-opacity":"","overlay-gradient":""}},"footnotes":""},"categories":[31,8,1,29],"tags":[],"class_list":["post-2584","post","type-post","status-publish","format-standard","has-post-thumbnail","hentry","category-ampa","category-batxillerat","category-general","category-portada"],"post_mailing_queue_ids":[],"_links":{"self":[{"href":"https:\/\/agora.xtec.cat\/iesilladerodes\/wp-json\/wp\/v2\/posts\/2584","targetHints":{"allow":["GET"]}}],"collection":[{"href":"https:\/\/agora.xtec.cat\/iesilladerodes\/wp-json\/wp\/v2\/posts"}],"about":[{"href":"https:\/\/agora.xtec.cat\/iesilladerodes\/wp-json\/wp\/v2\/types\/post"}],"author":[{"embeddable":true,"href":"https:\/\/agora.xtec.cat\/iesilladerodes\/wp-json\/wp\/v2\/users\/5"}],"replies":[{"embeddable":true,"href":"https:\/\/agora.xtec.cat\/iesilladerodes\/wp-json\/wp\/v2\/comments?post=2584"}],"version-history":[{"count":1,"href":"https:\/\/agora.xtec.cat\/iesilladerodes\/wp-json\/wp\/v2\/posts\/2584\/revisions"}],"predecessor-version":[{"id":2586,"href":"https:\/\/agora.xtec.cat\/iesilladerodes\/wp-json\/wp\/v2\/posts\/2584\/revisions\/2586"}],"wp:featuredmedia":[{"embeddable":true,"href":"https:\/\/agora.xtec.cat\/iesilladerodes\/wp-json\/wp\/v2\/media\/2585"}],"wp:attachment":[{"href":"https:\/\/agora.xtec.cat\/iesilladerodes\/wp-json\/wp\/v2\/media?parent=2584"}],"wp:term":[{"taxonomy":"category","embeddable":true,"href":"https:\/\/agora.xtec.cat\/iesilladerodes\/wp-json\/wp\/v2\/categories?post=2584"},{"taxonomy":"post_tag","embeddable":true,"href":"https:\/\/agora.xtec.cat\/iesilladerodes\/wp-json\/wp\/v2\/tags?post=2584"}],"curies":[{"name":"wp","href":"https:\/\/api.w.org\/{rel}","templated":true}]}}