{"id":2323,"date":"2025-12-18T09:00:00","date_gmt":"2025-12-18T08:00:00","guid":{"rendered":"https:\/\/agora.xtec.cat\/iesilladerodes\/?p=2323"},"modified":"2025-12-19T10:29:59","modified_gmt":"2025-12-19T09:29:59","slug":"estrenem-un-nou-infopoint-europeu-al-vestibul-del-centre","status":"publish","type":"post","link":"https:\/\/agora.xtec.cat\/iesilladerodes\/general\/estrenem-un-nou-infopoint-europeu-al-vestibul-del-centre\/","title":{"rendered":"Estrenem un nou InfoPoint europeu al vest\u00edbul del centre"},"content":{"rendered":"\n<figure class=\"wp-block-image alignleft size-large is-resized\"><a href=\"https:\/\/agora.xtec.cat\/iesilladerodes\/wp-content\/uploads\/usu2146\/2025\/12\/INFOPOINT.-CURS-2025-2026-scaled.jpg\"><img loading=\"lazy\" decoding=\"async\" width=\"1024\" height=\"984\" src=\"https:\/\/agora.xtec.cat\/iesilladerodes\/wp-content\/uploads\/usu2146\/2025\/12\/INFOPOINT.-CURS-2025-2026-1024x984.jpg\" alt=\"\" class=\"wp-image-2324\" style=\"width:268px;height:auto\" srcset=\"https:\/\/agora.xtec.cat\/iesilladerodes\/wp-content\/uploads\/usu2146\/2025\/12\/INFOPOINT.-CURS-2025-2026-1024x984.jpg 1024w, https:\/\/agora.xtec.cat\/iesilladerodes\/wp-content\/uploads\/usu2146\/2025\/12\/INFOPOINT.-CURS-2025-2026-300x288.jpg 300w, https:\/\/agora.xtec.cat\/iesilladerodes\/wp-content\/uploads\/usu2146\/2025\/12\/INFOPOINT.-CURS-2025-2026-768x738.jpg 768w, https:\/\/agora.xtec.cat\/iesilladerodes\/wp-content\/uploads\/usu2146\/2025\/12\/INFOPOINT.-CURS-2025-2026-1536x1476.jpg 1536w, https:\/\/agora.xtec.cat\/iesilladerodes\/wp-content\/uploads\/usu2146\/2025\/12\/INFOPOINT.-CURS-2025-2026-2048x1968.jpg 2048w\" sizes=\"auto, (max-width: 1024px) 100vw, 1024px\" \/><\/a><\/figure>\n\n\n\n<p class=\"justificar-text\">El nostre centre ha estrenat un nou InfoPoint europeu fix, un espai informatiu permanent dedicat a la Uni\u00f3 Europea, als seus valors i al funcionament de les seves institucions. Situat al vest\u00edbul principal del centre, al costat del mural de les mobilitats Erasmus+, el nou InfoPoint converteix l&#8217;entrada de l&#8217;institut en un espai de refer\u00e8ncia per a la internacionalitzaci\u00f3 i la ciutadania europea.<\/p>\n\n\n\n<p class=\"justificar-text\">El nou InfoPoint, que ocupa prop de dos metres quadrats, ha estat dissenyat i elaborat \u00edntegrament per l&#8217;alumnat ambaixador j\u00fanior de Primer de Batxillerat, en el marc del programa Escoles Ambaixadores del Parlament Europeu (EPAS). El contingut combina informaci\u00f3 rigorosa amb un disseny visual atractiu i pedag\u00f2gic, pensat per apropar Europa a tota la comunitat educativa.<\/p>\n\n\n\n<p class=\"justificar-text\">L&#8217;espai recull informaci\u00f3 clau sobre les set institucions principals de la Uni\u00f3 Europea, el mapa dels 27 estats membres, els sis valors fundacionals de la UE, el lema i l&#8217;himne europeu, aix\u00ed com figures clau del projecte europeu com Robert Schuman, pare fundador de la Uni\u00f3, i Roberta Metsola, actual presidenta del Parlament Europeu. Destaquen especialment les il\u00b7lustracions originals fetes a m\u00e0 per l&#8217;alumna Mariam Yermak, que aporten identitat i coher\u00e8ncia visual al conjunt.<\/p>\n\n\n\n<p class=\"justificar-text\">Aquest nou InfoPoint no \u00e9s nom\u00e9s un element informatiu, sin\u00f3 tamb\u00e9 una eina educativa viva, que dona suport als projectes EPAS, eTwinning i Erasmus+ del centre i que serveix com a punt de partida per a activitats, visites guiades i treballs d&#8217;aula. A m\u00e9s, refor\u00e7a el comprom\u00eds del centre amb l&#8217;educaci\u00f3 en valors democr\u00e0tics, drets humans i ciutadania europea activa.<\/p>\n\n\n\n<p class=\"justificar-text\">Amb aquesta iniciativa, el centre continua consolidant el seu projecte d&#8217;internacionalitzaci\u00f3 i reafirma la voluntat d&#8217;apropar Europa a l&#8217;alumnat, convertint-la en una realitat propera, comprensible i present en el dia a dia del centre.<\/p>\n\n\n\n<p><\/p>\n","protected":false},"excerpt":{"rendered":"<p>El nostre centre ha estrenat un nou InfoPoint europeu fix, un espai informatiu permanent dedicat a la Uni\u00f3 Europea, als [&hellip;]<\/p>\n","protected":false},"author":7,"featured_media":2324,"comment_status":"open","ping_status":"open","sticky":false,"template":"","format":"standard","meta":{"site-sidebar-layout":"default","site-content-layout":"","ast-site-content-layout":"default","site-content-style":"default","site-sidebar-style":"default","ast-global-header-display":"","ast-banner-title-visibility":"","ast-main-header-display":"","ast-hfb-above-header-display":"","ast-hfb-below-header-display":"","ast-hfb-mobile-header-display":"","site-post-title":"","ast-breadcrumbs-content":"","ast-featured-img":"disabled","footer-sml-layout":"","theme-transparent-header-meta":"","adv-header-id-meta":"","stick-header-meta":"","header-above-stick-meta":"","header-main-stick-meta":"","header-below-stick-meta":"","astra-migrate-meta-layouts":"set","ast-page-background-enabled":"default","ast-page-background-meta":{"desktop":{"background-color":"var(--ast-global-color-4)","background-image":"","background-repeat":"repeat","background-position":"center center","background-size":"auto","background-attachment":"scroll","background-type":"","background-media":"","overlay-type":"","overlay-color":"","overlay-opacity":"","overlay-gradient":""},"tablet":{"background-color":"","background-image":"","background-repeat":"repeat","background-position":"center center","background-size":"auto","background-attachment":"scroll","background-type":"","background-media":"","overlay-type":"","overlay-color":"","overlay-opacity":"","overlay-gradient":""},"mobile":{"background-color":"","background-image":"","background-repeat":"repeat","background-position":"center center","background-size":"auto","background-attachment":"scroll","background-type":"","background-media":"","overlay-type":"","overlay-color":"","overlay-opacity":"","overlay-gradient":""}},"ast-content-background-meta":{"desktop":{"background-color":"var(--ast-global-color-5)","background-image":"","background-repeat":"repeat","background-position":"center center","background-size":"auto","background-attachment":"scroll","background-type":"","background-media":"","overlay-type":"","overlay-color":"","overlay-opacity":"","overlay-gradient":""},"tablet":{"background-color":"var(--ast-global-color-5)","background-image":"","background-repeat":"repeat","background-position":"center center","background-size":"auto","background-attachment":"scroll","background-type":"","background-media":"","overlay-type":"","overlay-color":"","overlay-opacity":"","overlay-gradient":""},"mobile":{"background-color":"var(--ast-global-color-5)","background-image":"","background-repeat":"repeat","background-position":"center center","background-size":"auto","background-attachment":"scroll","background-type":"","background-media":"","overlay-type":"","overlay-color":"","overlay-opacity":"","overlay-gradient":""}},"footnotes":""},"categories":[1,29],"tags":[],"class_list":["post-2323","post","type-post","status-publish","format-standard","has-post-thumbnail","hentry","category-general","category-portada"],"post_mailing_queue_ids":[],"_links":{"self":[{"href":"https:\/\/agora.xtec.cat\/iesilladerodes\/wp-json\/wp\/v2\/posts\/2323","targetHints":{"allow":["GET"]}}],"collection":[{"href":"https:\/\/agora.xtec.cat\/iesilladerodes\/wp-json\/wp\/v2\/posts"}],"about":[{"href":"https:\/\/agora.xtec.cat\/iesilladerodes\/wp-json\/wp\/v2\/types\/post"}],"author":[{"embeddable":true,"href":"https:\/\/agora.xtec.cat\/iesilladerodes\/wp-json\/wp\/v2\/users\/7"}],"replies":[{"embeddable":true,"href":"https:\/\/agora.xtec.cat\/iesilladerodes\/wp-json\/wp\/v2\/comments?post=2323"}],"version-history":[{"count":2,"href":"https:\/\/agora.xtec.cat\/iesilladerodes\/wp-json\/wp\/v2\/posts\/2323\/revisions"}],"predecessor-version":[{"id":2326,"href":"https:\/\/agora.xtec.cat\/iesilladerodes\/wp-json\/wp\/v2\/posts\/2323\/revisions\/2326"}],"wp:featuredmedia":[{"embeddable":true,"href":"https:\/\/agora.xtec.cat\/iesilladerodes\/wp-json\/wp\/v2\/media\/2324"}],"wp:attachment":[{"href":"https:\/\/agora.xtec.cat\/iesilladerodes\/wp-json\/wp\/v2\/media?parent=2323"}],"wp:term":[{"taxonomy":"category","embeddable":true,"href":"https:\/\/agora.xtec.cat\/iesilladerodes\/wp-json\/wp\/v2\/categories?post=2323"},{"taxonomy":"post_tag","embeddable":true,"href":"https:\/\/agora.xtec.cat\/iesilladerodes\/wp-json\/wp\/v2\/tags?post=2323"}],"curies":[{"name":"wp","href":"https:\/\/api.w.org\/{rel}","templated":true}]}}