{"id":2236,"date":"2025-11-25T16:37:01","date_gmt":"2025-11-25T15:37:01","guid":{"rendered":"https:\/\/agora.xtec.cat\/iesilladerodes\/?p=2236"},"modified":"2025-11-25T16:51:45","modified_gmt":"2025-11-25T15:51:45","slug":"25n-dia-internacional-per-a-leliminacio-de-la-violencia-contra-les-dones","status":"publish","type":"post","link":"https:\/\/agora.xtec.cat\/iesilladerodes\/general\/25n-dia-internacional-per-a-leliminacio-de-la-violencia-contra-les-dones\/","title":{"rendered":"25N \u2013 DIA INTERNACIONAL PER A L\u2019ELIMINACI\u00d3 DE LA VIOL\u00c8NCIA CONTRA LES DONES"},"content":{"rendered":"\n<figure class=\"wp-block-image alignleft size-large is-resized\"><a href=\"https:\/\/agora.xtec.cat\/iesilladerodes\/wp-content\/uploads\/usu2146\/2025\/11\/ma4.jpg\"><img loading=\"lazy\" decoding=\"async\" width=\"768\" height=\"1024\" src=\"https:\/\/agora.xtec.cat\/iesilladerodes\/wp-content\/uploads\/usu2146\/2025\/11\/ma4-768x1024.jpg\" alt=\"\" class=\"wp-image-2237\" style=\"width:279px;height:auto\" srcset=\"https:\/\/agora.xtec.cat\/iesilladerodes\/wp-content\/uploads\/usu2146\/2025\/11\/ma4-768x1024.jpg 768w, https:\/\/agora.xtec.cat\/iesilladerodes\/wp-content\/uploads\/usu2146\/2025\/11\/ma4-225x300.jpg 225w, https:\/\/agora.xtec.cat\/iesilladerodes\/wp-content\/uploads\/usu2146\/2025\/11\/ma4-1152x1536.jpg 1152w, https:\/\/agora.xtec.cat\/iesilladerodes\/wp-content\/uploads\/usu2146\/2025\/11\/ma4.jpg 1200w\" sizes=\"auto, (max-width: 768px) 100vw, 768px\" \/><\/a><\/figure>\n\n\n\n<p class=\"justificar-text\">Avui, 25 de novembre, ens tornem a reunir per recordar una realitat que, malauradament, continua present: la viol\u00e8ncia contra les dones en totes les seves formes. Aquesta data no \u00e9s nom\u00e9s un s\u00edmbol; \u00e9s un comprom\u00eds. Un recordatori que encara queda molt cam\u00ed per rec\u00f3rrer i que no podem abaixar la gu\u00e0rdia davant d\u2019un problema que afecta persones reals, fam\u00edlies reals i vides reals.<\/p>\n\n\n\n<p class=\"justificar-text\">Des dels centres educatius tenim una responsabilitat essencial: construir espais segurs, respectuosos i igualitaris. Educar no \u00e9s nom\u00e9s transmetre coneixements; tamb\u00e9 \u00e9s aprendre a mirar el m\u00f3n amb esperit cr\u00edtic, detectar injust\u00edcies i actuar-hi en contra. La igualtat no \u00e9s una assignatura, \u00e9s una manera de conviure.<\/p>\n\n\n\n<p class=\"justificar-text\">Per aix\u00f2, aquests dies, l\u2019alumnat de 2n d\u2019ESO est\u00e0 reflexionant sobre qu\u00e8 \u00e9s la viol\u00e8ncia de g\u00e8nere, com es manifesta i com, fins i tot sense adonar-nos-en, podem contribuir a perpetuar-la. Estem investigant, debatent i escoltant experi\u00e8ncies que ens ajuden a comprendre que la viol\u00e8ncia no sempre \u00e9s f\u00edsica: tamb\u00e9 s\u00f3n viol\u00e8ncies els insults, els xantatges emocionals, la humiliaci\u00f3 a les xarxes, el control i qualsevol actitud que vulneri la llibertat d\u2019una persona.<\/p>\n\n\n\n<p class=\"justificar-text\">A les fam\u00edlies i tothom en general, us animem a continuar parlant-ne a casa, amb sinceritat i respecte. I al nostre alumnat, us demanem que sigueu valents i valentes: que no normalitzeu all\u00f2 que fa mal, que no calleu quan veieu una injust\u00edcia i que sigueu part activa del canvi. Tots i totes tenim un paper en la construcci\u00f3 d\u2019un futur sense viol\u00e8ncia.<\/p>\n\n\n\n<p class=\"justificar-text\">Perqu\u00e8 encara que la viol\u00e8ncia de g\u00e8nere sigui una realitat dura, tamb\u00e9 \u00e9s nostra la capacitat de transformar-la. I avui, m\u00e9s que mai, tornem a dir ben fort: PROU.<\/p>\n\n\n\n<div class=\"wp-block-getwid-images-slider has-arrows-inside has-dots-inside has-images-center has-cropped-images\"><div class=\"wp-block-getwid-images-slider__wrapper\" data-effect=\"slide\" data-slides-show=\"1\" data-slides-show-laptop=\"1\" data-slides-show-tablet=\"1\" data-slides-show-mobile=\"1\" data-slides-scroll=\"1\" data-autoplay=\"false\" data-pause-hover=\"false\" data-autoplay-speed=\"6000\" data-infinite=\"true\" data-animation-speed=\"800\" data-center-mode=\"false\" data-variable-width=\"false\" data-arrows=\"inside\" data-dots=\"inside\" data-spacing=\"none\"><div class=\"wp-block-getwid-images-slider__item\"><figure><img loading=\"lazy\" decoding=\"async\" width=\"1200\" height=\"1600\" src=\"https:\/\/agora.xtec.cat\/iesilladerodes\/wp-content\/uploads\/usu2146\/2025\/11\/ma4-1.jpg\" alt=\"\" data-id=\"2245\" data-link=\"https:\/\/agora.xtec.cat\/iesilladerodes\/general\/25n-dia-internacional-per-a-leliminacio-de-la-violencia-contra-les-dones\/attachment\/ma4-2\/\" data-original-link=\"https:\/\/agora.xtec.cat\/iesilladerodes\/wp-content\/uploads\/usu2146\/2025\/11\/ma4-1.jpg\" class=\"wp-block-getwid-images-slider__image wp-image-2245\" srcset=\"https:\/\/agora.xtec.cat\/iesilladerodes\/wp-content\/uploads\/usu2146\/2025\/11\/ma4-1.jpg 1200w, https:\/\/agora.xtec.cat\/iesilladerodes\/wp-content\/uploads\/usu2146\/2025\/11\/ma4-1-225x300.jpg 225w, https:\/\/agora.xtec.cat\/iesilladerodes\/wp-content\/uploads\/usu2146\/2025\/11\/ma4-1-768x1024.jpg 768w, https:\/\/agora.xtec.cat\/iesilladerodes\/wp-content\/uploads\/usu2146\/2025\/11\/ma4-1-1152x1536.jpg 1152w\" sizes=\"auto, (max-width: 1200px) 100vw, 1200px\" \/><\/figure><\/div><div class=\"wp-block-getwid-images-slider__item\"><figure><img loading=\"lazy\" decoding=\"async\" width=\"1200\" height=\"1600\" src=\"https:\/\/agora.xtec.cat\/iesilladerodes\/wp-content\/uploads\/usu2146\/2025\/11\/ma3.jpg\" alt=\"\" data-id=\"2238\" data-link=\"https:\/\/agora.xtec.cat\/iesilladerodes\/general\/25n-dia-internacional-per-a-leliminacio-de-la-violencia-contra-les-dones\/attachment\/ma3\/\" data-original-link=\"https:\/\/agora.xtec.cat\/iesilladerodes\/wp-content\/uploads\/usu2146\/2025\/11\/ma3.jpg\" class=\"wp-block-getwid-images-slider__image wp-image-2238\" srcset=\"https:\/\/agora.xtec.cat\/iesilladerodes\/wp-content\/uploads\/usu2146\/2025\/11\/ma3.jpg 1200w, https:\/\/agora.xtec.cat\/iesilladerodes\/wp-content\/uploads\/usu2146\/2025\/11\/ma3-225x300.jpg 225w, https:\/\/agora.xtec.cat\/iesilladerodes\/wp-content\/uploads\/usu2146\/2025\/11\/ma3-768x1024.jpg 768w, https:\/\/agora.xtec.cat\/iesilladerodes\/wp-content\/uploads\/usu2146\/2025\/11\/ma3-1152x1536.jpg 1152w\" sizes=\"auto, (max-width: 1200px) 100vw, 1200px\" \/><\/figure><\/div><div class=\"wp-block-getwid-images-slider__item\"><figure><img loading=\"lazy\" decoding=\"async\" width=\"1200\" height=\"1600\" src=\"https:\/\/agora.xtec.cat\/iesilladerodes\/wp-content\/uploads\/usu2146\/2025\/11\/ma8.jpg\" alt=\"\" data-id=\"2239\" data-link=\"https:\/\/agora.xtec.cat\/iesilladerodes\/general\/25n-dia-internacional-per-a-leliminacio-de-la-violencia-contra-les-dones\/attachment\/ma8\/\" data-original-link=\"https:\/\/agora.xtec.cat\/iesilladerodes\/wp-content\/uploads\/usu2146\/2025\/11\/ma8.jpg\" class=\"wp-block-getwid-images-slider__image wp-image-2239\" srcset=\"https:\/\/agora.xtec.cat\/iesilladerodes\/wp-content\/uploads\/usu2146\/2025\/11\/ma8.jpg 1200w, https:\/\/agora.xtec.cat\/iesilladerodes\/wp-content\/uploads\/usu2146\/2025\/11\/ma8-225x300.jpg 225w, https:\/\/agora.xtec.cat\/iesilladerodes\/wp-content\/uploads\/usu2146\/2025\/11\/ma8-768x1024.jpg 768w, https:\/\/agora.xtec.cat\/iesilladerodes\/wp-content\/uploads\/usu2146\/2025\/11\/ma8-1152x1536.jpg 1152w\" sizes=\"auto, (max-width: 1200px) 100vw, 1200px\" \/><\/figure><\/div><div class=\"wp-block-getwid-images-slider__item\"><figure><img loading=\"lazy\" decoding=\"async\" width=\"1200\" height=\"1600\" src=\"https:\/\/agora.xtec.cat\/iesilladerodes\/wp-content\/uploads\/usu2146\/2025\/11\/ma7.jpg\" alt=\"\" data-id=\"2240\" data-link=\"https:\/\/agora.xtec.cat\/iesilladerodes\/general\/25n-dia-internacional-per-a-leliminacio-de-la-violencia-contra-les-dones\/attachment\/ma7\/\" data-original-link=\"https:\/\/agora.xtec.cat\/iesilladerodes\/wp-content\/uploads\/usu2146\/2025\/11\/ma7.jpg\" class=\"wp-block-getwid-images-slider__image wp-image-2240\" srcset=\"https:\/\/agora.xtec.cat\/iesilladerodes\/wp-content\/uploads\/usu2146\/2025\/11\/ma7.jpg 1200w, https:\/\/agora.xtec.cat\/iesilladerodes\/wp-content\/uploads\/usu2146\/2025\/11\/ma7-225x300.jpg 225w, https:\/\/agora.xtec.cat\/iesilladerodes\/wp-content\/uploads\/usu2146\/2025\/11\/ma7-768x1024.jpg 768w, https:\/\/agora.xtec.cat\/iesilladerodes\/wp-content\/uploads\/usu2146\/2025\/11\/ma7-1152x1536.jpg 1152w\" sizes=\"auto, (max-width: 1200px) 100vw, 1200px\" \/><\/figure><\/div><div class=\"wp-block-getwid-images-slider__item\"><figure><img loading=\"lazy\" decoding=\"async\" width=\"1600\" height=\"1200\" src=\"https:\/\/agora.xtec.cat\/iesilladerodes\/wp-content\/uploads\/usu2146\/2025\/11\/ma6.jpg\" alt=\"\" data-id=\"2241\" data-link=\"https:\/\/agora.xtec.cat\/iesilladerodes\/general\/25n-dia-internacional-per-a-leliminacio-de-la-violencia-contra-les-dones\/attachment\/ma6\/\" data-original-link=\"https:\/\/agora.xtec.cat\/iesilladerodes\/wp-content\/uploads\/usu2146\/2025\/11\/ma6.jpg\" class=\"wp-block-getwid-images-slider__image wp-image-2241\" srcset=\"https:\/\/agora.xtec.cat\/iesilladerodes\/wp-content\/uploads\/usu2146\/2025\/11\/ma6.jpg 1600w, https:\/\/agora.xtec.cat\/iesilladerodes\/wp-content\/uploads\/usu2146\/2025\/11\/ma6-300x225.jpg 300w, https:\/\/agora.xtec.cat\/iesilladerodes\/wp-content\/uploads\/usu2146\/2025\/11\/ma6-1024x768.jpg 1024w, https:\/\/agora.xtec.cat\/iesilladerodes\/wp-content\/uploads\/usu2146\/2025\/11\/ma6-768x576.jpg 768w, https:\/\/agora.xtec.cat\/iesilladerodes\/wp-content\/uploads\/usu2146\/2025\/11\/ma6-1536x1152.jpg 1536w\" sizes=\"auto, (max-width: 1600px) 100vw, 1600px\" \/><\/figure><\/div><div class=\"wp-block-getwid-images-slider__item\"><figure><img loading=\"lazy\" decoding=\"async\" width=\"1200\" height=\"1600\" src=\"https:\/\/agora.xtec.cat\/iesilladerodes\/wp-content\/uploads\/usu2146\/2025\/11\/ma2.jpg\" alt=\"\" data-id=\"2242\" data-link=\"https:\/\/agora.xtec.cat\/iesilladerodes\/general\/25n-dia-internacional-per-a-leliminacio-de-la-violencia-contra-les-dones\/attachment\/ma2\/\" data-original-link=\"https:\/\/agora.xtec.cat\/iesilladerodes\/wp-content\/uploads\/usu2146\/2025\/11\/ma2.jpg\" class=\"wp-block-getwid-images-slider__image wp-image-2242\" srcset=\"https:\/\/agora.xtec.cat\/iesilladerodes\/wp-content\/uploads\/usu2146\/2025\/11\/ma2.jpg 1200w, https:\/\/agora.xtec.cat\/iesilladerodes\/wp-content\/uploads\/usu2146\/2025\/11\/ma2-225x300.jpg 225w, https:\/\/agora.xtec.cat\/iesilladerodes\/wp-content\/uploads\/usu2146\/2025\/11\/ma2-768x1024.jpg 768w, https:\/\/agora.xtec.cat\/iesilladerodes\/wp-content\/uploads\/usu2146\/2025\/11\/ma2-1152x1536.jpg 1152w\" sizes=\"auto, (max-width: 1200px) 100vw, 1200px\" \/><\/figure><\/div><div class=\"wp-block-getwid-images-slider__item\"><figure><img loading=\"lazy\" decoding=\"async\" width=\"1200\" height=\"1600\" src=\"https:\/\/agora.xtec.cat\/iesilladerodes\/wp-content\/uploads\/usu2146\/2025\/11\/ma1.jpg\" alt=\"\" data-id=\"2243\" data-link=\"https:\/\/agora.xtec.cat\/iesilladerodes\/general\/25n-dia-internacional-per-a-leliminacio-de-la-violencia-contra-les-dones\/attachment\/ma1\/\" data-original-link=\"https:\/\/agora.xtec.cat\/iesilladerodes\/wp-content\/uploads\/usu2146\/2025\/11\/ma1.jpg\" class=\"wp-block-getwid-images-slider__image wp-image-2243\" srcset=\"https:\/\/agora.xtec.cat\/iesilladerodes\/wp-content\/uploads\/usu2146\/2025\/11\/ma1.jpg 1200w, https:\/\/agora.xtec.cat\/iesilladerodes\/wp-content\/uploads\/usu2146\/2025\/11\/ma1-225x300.jpg 225w, https:\/\/agora.xtec.cat\/iesilladerodes\/wp-content\/uploads\/usu2146\/2025\/11\/ma1-768x1024.jpg 768w, https:\/\/agora.xtec.cat\/iesilladerodes\/wp-content\/uploads\/usu2146\/2025\/11\/ma1-1152x1536.jpg 1152w\" sizes=\"auto, (max-width: 1200px) 100vw, 1200px\" \/><\/figure><\/div><div class=\"wp-block-getwid-images-slider__item\"><figure><img loading=\"lazy\" decoding=\"async\" width=\"1200\" height=\"1600\" src=\"https:\/\/agora.xtec.cat\/iesilladerodes\/wp-content\/uploads\/usu2146\/2025\/11\/ma5.jpg\" alt=\"\" data-id=\"2244\" data-link=\"https:\/\/agora.xtec.cat\/iesilladerodes\/general\/25n-dia-internacional-per-a-leliminacio-de-la-violencia-contra-les-dones\/attachment\/ma5\/\" data-original-link=\"https:\/\/agora.xtec.cat\/iesilladerodes\/wp-content\/uploads\/usu2146\/2025\/11\/ma5.jpg\" class=\"wp-block-getwid-images-slider__image wp-image-2244\" srcset=\"https:\/\/agora.xtec.cat\/iesilladerodes\/wp-content\/uploads\/usu2146\/2025\/11\/ma5.jpg 1200w, https:\/\/agora.xtec.cat\/iesilladerodes\/wp-content\/uploads\/usu2146\/2025\/11\/ma5-225x300.jpg 225w, https:\/\/agora.xtec.cat\/iesilladerodes\/wp-content\/uploads\/usu2146\/2025\/11\/ma5-768x1024.jpg 768w, https:\/\/agora.xtec.cat\/iesilladerodes\/wp-content\/uploads\/usu2146\/2025\/11\/ma5-1152x1536.jpg 1152w\" sizes=\"auto, (max-width: 1200px) 100vw, 1200px\" \/><\/figure><\/div><\/div><\/div>\n","protected":false},"excerpt":{"rendered":"<p>Avui, 25 de novembre, ens tornem a reunir per recordar una realitat que, malauradament, continua present: la viol\u00e8ncia contra les [&hellip;]<\/p>\n","protected":false},"author":5,"featured_media":2237,"comment_status":"open","ping_status":"open","sticky":false,"template":"","format":"standard","meta":{"site-sidebar-layout":"default","site-content-layout":"","ast-site-content-layout":"default","site-content-style":"default","site-sidebar-style":"default","ast-global-header-display":"","ast-banner-title-visibility":"","ast-main-header-display":"","ast-hfb-above-header-display":"","ast-hfb-below-header-display":"","ast-hfb-mobile-header-display":"","site-post-title":"","ast-breadcrumbs-content":"","ast-featured-img":"","footer-sml-layout":"","theme-transparent-header-meta":"","adv-header-id-meta":"","stick-header-meta":"","header-above-stick-meta":"","header-main-stick-meta":"","header-below-stick-meta":"","astra-migrate-meta-layouts":"set","ast-page-background-enabled":"default","ast-page-background-meta":{"desktop":{"background-color":"var(--ast-global-color-4)","background-image":"","background-repeat":"repeat","background-position":"center center","background-size":"auto","background-attachment":"scroll","background-type":"","background-media":"","overlay-type":"","overlay-color":"","overlay-opacity":"","overlay-gradient":""},"tablet":{"background-color":"","background-image":"","background-repeat":"repeat","background-position":"center center","background-size":"auto","background-attachment":"scroll","background-type":"","background-media":"","overlay-type":"","overlay-color":"","overlay-opacity":"","overlay-gradient":""},"mobile":{"background-color":"","background-image":"","background-repeat":"repeat","background-position":"center center","background-size":"auto","background-attachment":"scroll","background-type":"","background-media":"","overlay-type":"","overlay-color":"","overlay-opacity":"","overlay-gradient":""}},"ast-content-background-meta":{"desktop":{"background-color":"var(--ast-global-color-5)","background-image":"","background-repeat":"repeat","background-position":"center center","background-size":"auto","background-attachment":"scroll","background-type":"","background-media":"","overlay-type":"","overlay-color":"","overlay-opacity":"","overlay-gradient":""},"tablet":{"background-color":"var(--ast-global-color-5)","background-image":"","background-repeat":"repeat","background-position":"center center","background-size":"auto","background-attachment":"scroll","background-type":"","background-media":"","overlay-type":"","overlay-color":"","overlay-opacity":"","overlay-gradient":""},"mobile":{"background-color":"var(--ast-global-color-5)","background-image":"","background-repeat":"repeat","background-position":"center center","background-size":"auto","background-attachment":"scroll","background-type":"","background-media":"","overlay-type":"","overlay-color":"","overlay-opacity":"","overlay-gradient":""}},"footnotes":""},"categories":[1,29],"tags":[],"class_list":["post-2236","post","type-post","status-publish","format-standard","has-post-thumbnail","hentry","category-general","category-portada"],"post_mailing_queue_ids":[],"_links":{"self":[{"href":"https:\/\/agora.xtec.cat\/iesilladerodes\/wp-json\/wp\/v2\/posts\/2236","targetHints":{"allow":["GET"]}}],"collection":[{"href":"https:\/\/agora.xtec.cat\/iesilladerodes\/wp-json\/wp\/v2\/posts"}],"about":[{"href":"https:\/\/agora.xtec.cat\/iesilladerodes\/wp-json\/wp\/v2\/types\/post"}],"author":[{"embeddable":true,"href":"https:\/\/agora.xtec.cat\/iesilladerodes\/wp-json\/wp\/v2\/users\/5"}],"replies":[{"embeddable":true,"href":"https:\/\/agora.xtec.cat\/iesilladerodes\/wp-json\/wp\/v2\/comments?post=2236"}],"version-history":[{"count":2,"href":"https:\/\/agora.xtec.cat\/iesilladerodes\/wp-json\/wp\/v2\/posts\/2236\/revisions"}],"predecessor-version":[{"id":2247,"href":"https:\/\/agora.xtec.cat\/iesilladerodes\/wp-json\/wp\/v2\/posts\/2236\/revisions\/2247"}],"wp:featuredmedia":[{"embeddable":true,"href":"https:\/\/agora.xtec.cat\/iesilladerodes\/wp-json\/wp\/v2\/media\/2237"}],"wp:attachment":[{"href":"https:\/\/agora.xtec.cat\/iesilladerodes\/wp-json\/wp\/v2\/media?parent=2236"}],"wp:term":[{"taxonomy":"category","embeddable":true,"href":"https:\/\/agora.xtec.cat\/iesilladerodes\/wp-json\/wp\/v2\/categories?post=2236"},{"taxonomy":"post_tag","embeddable":true,"href":"https:\/\/agora.xtec.cat\/iesilladerodes\/wp-json\/wp\/v2\/tags?post=2236"}],"curies":[{"name":"wp","href":"https:\/\/api.w.org\/{rel}","templated":true}]}}