{"id":2225,"date":"2025-11-14T11:02:45","date_gmt":"2025-11-14T10:02:45","guid":{"rendered":"https:\/\/agora.xtec.cat\/iesilladerodes\/?p=2225"},"modified":"2025-11-17T11:12:06","modified_gmt":"2025-11-17T10:12:06","slug":"els-estudiants-de-batxillerat-cientificotecnologic-participen-en-la-diada-de-sant-albert-a-la-universitat-de-girona","status":"publish","type":"post","link":"https:\/\/agora.xtec.cat\/iesilladerodes\/general\/els-estudiants-de-batxillerat-cientificotecnologic-participen-en-la-diada-de-sant-albert-a-la-universitat-de-girona\/","title":{"rendered":"Els estudiants de batxillerat cient\u00edficotecnol\u00f2gic participen en la Diada de Sant Albert a la Universitat de Girona"},"content":{"rendered":"\n<figure class=\"wp-block-image alignleft size-large is-resized\"><a href=\"https:\/\/agora.xtec.cat\/iesilladerodes\/wp-content\/uploads\/usu2146\/2025\/11\/STalbert2025.jpg\"><img loading=\"lazy\" decoding=\"async\" width=\"768\" height=\"1024\" src=\"https:\/\/agora.xtec.cat\/iesilladerodes\/wp-content\/uploads\/usu2146\/2025\/11\/STalbert2025-768x1024.jpg\" alt=\"\" class=\"wp-image-2233\" style=\"width:273px;height:auto\" srcset=\"https:\/\/agora.xtec.cat\/iesilladerodes\/wp-content\/uploads\/usu2146\/2025\/11\/STalbert2025-768x1024.jpg 768w, https:\/\/agora.xtec.cat\/iesilladerodes\/wp-content\/uploads\/usu2146\/2025\/11\/STalbert2025-225x300.jpg 225w, https:\/\/agora.xtec.cat\/iesilladerodes\/wp-content\/uploads\/usu2146\/2025\/11\/STalbert2025-1152x1536.jpg 1152w, https:\/\/agora.xtec.cat\/iesilladerodes\/wp-content\/uploads\/usu2146\/2025\/11\/STalbert2025.jpg 1536w\" sizes=\"auto, (max-width: 768px) 100vw, 768px\" \/><\/a><\/figure>\n\n\n\n<p class=\"justificar-text\">Aquest divendres 14 de novembre, l&#8217;alumnat de 1r i 2n de batxillerat de la modalitat cient\u00edficotecnol\u00f2gica del nostre centre ha participat activament en la Diada de Sant Albert, patr\u00f3 dels estudiants de Ci\u00e8ncies, celebrada a la Facultat de Ci\u00e8ncies de la Universitat de Girona.<\/p>\n\n\n\n<p class=\"justificar-text\">La jornada, que s&#8217;ha est\u00e8s de les 9 h a les 13 h, ha ofert als estudiants l&#8217;oportunitat d&#8217;endinsar-se en diversos camps de la recerca actual i de con\u00e8ixer de prop la tasca cient\u00edfica que es desenvolupa a la UdG. Un dels actes centrals ha estat la confer\u00e8ncia inaugural, titulada &#8220;Els p\u00e8ptids antimicrobians poden ser el futur de la protecci\u00f3 de cultius?\u201d, a c\u00e0rrec de la Dra. Marta Planas Grabuleda, catedr\u00e0tica de Qu\u00edmica Org\u00e0nica del Departament de Qu\u00edmica i membre de l&#8217;Institut de Tecnologia Agroaliment\u00e0ria (INTEA).<\/p>\n\n\n\n<p class=\"justificar-text\"><br>Al llarg del mat\u00ed, els nostres estudiants han participat en diversos tallers cient\u00edfics organitzats pels departaments de la Facultat. Entre les propostes, hi havia activitats tan diverses com l&#8217;extracci\u00f3 d&#8217;ADN, el treball amb superconductors, la descoberta dels microorganismes del nostre entorn, un taller sobre hidrogen com a combustible del futur, sessions de depuraci\u00f3 biol\u00f2gica, experi\u00e8ncies sobre cat\u00e0lisi, un taller d&#8217;aig\u00fces potables i activitats dedicades a la biodiversitat i la connectivitat ecol\u00f2gica, entre d&#8217;altres.<\/p>\n\n\n\n<p class=\"justificar-text\">La jornada tamb\u00e9 ha incl\u00f2s visites guiades a les instal\u00b7lacions universit\u00e0ries, que han perm\u00e8s a l&#8217;alumnat con\u00e8ixer laboratoris, equipaments i espais de recerca.<\/p>\n\n\n\n<p class=\"justificar-text\">Des del centre valorem molt positivament la participaci\u00f3 en aquesta diada, que contribueix a fomentar vocacions cient\u00edfiques, apropar la universitat a l&#8217;alumnat i refor\u00e7ar el vincle entre l&#8217;educaci\u00f3 secund\u00e0ria i el m\u00f3n de la recerca<\/p>\n\n\n\n<div class=\"wp-block-getwid-images-slider has-arrows-inside has-dots-inside has-images-center has-cropped-images\"><div class=\"wp-block-getwid-images-slider__wrapper\" data-effect=\"fade\" data-slides-show=\"1\" data-slides-show-laptop=\"1\" data-slides-show-tablet=\"1\" data-slides-show-mobile=\"1\" data-slides-scroll=\"1\" data-autoplay=\"false\" data-pause-hover=\"false\" data-autoplay-speed=\"6000\" data-infinite=\"true\" data-animation-speed=\"800\" data-center-mode=\"false\" data-variable-width=\"false\" data-arrows=\"inside\" data-dots=\"inside\" data-spacing=\"none\"><div class=\"wp-block-getwid-images-slider__item\"><figure><img loading=\"lazy\" decoding=\"async\" width=\"1536\" height=\"2048\" src=\"https:\/\/agora.xtec.cat\/iesilladerodes\/wp-content\/uploads\/usu2146\/2025\/11\/Imatge-de-WhatsApp-2025-11-14-a-les-13.28.43_e43e31f7.jpg\" alt=\"\" data-id=\"2229\" data-link=\"https:\/\/agora.xtec.cat\/iesilladerodes\/general\/els-estudiants-de-batxillerat-cientificotecnologic-participen-en-la-diada-de-sant-albert-a-la-universitat-de-girona\/attachment\/imatge-de-whatsapp-2025-11-14-a-les-13-28-43_e43e31f7\/\" data-original-link=\"https:\/\/agora.xtec.cat\/iesilladerodes\/wp-content\/uploads\/usu2146\/2025\/11\/Imatge-de-WhatsApp-2025-11-14-a-les-13.28.43_e43e31f7.jpg\" class=\"wp-block-getwid-images-slider__image wp-image-2229\" srcset=\"https:\/\/agora.xtec.cat\/iesilladerodes\/wp-content\/uploads\/usu2146\/2025\/11\/Imatge-de-WhatsApp-2025-11-14-a-les-13.28.43_e43e31f7.jpg 1536w, https:\/\/agora.xtec.cat\/iesilladerodes\/wp-content\/uploads\/usu2146\/2025\/11\/Imatge-de-WhatsApp-2025-11-14-a-les-13.28.43_e43e31f7-225x300.jpg 225w, https:\/\/agora.xtec.cat\/iesilladerodes\/wp-content\/uploads\/usu2146\/2025\/11\/Imatge-de-WhatsApp-2025-11-14-a-les-13.28.43_e43e31f7-768x1024.jpg 768w, https:\/\/agora.xtec.cat\/iesilladerodes\/wp-content\/uploads\/usu2146\/2025\/11\/Imatge-de-WhatsApp-2025-11-14-a-les-13.28.43_e43e31f7-1152x1536.jpg 1152w\" sizes=\"auto, (max-width: 1536px) 100vw, 1536px\" \/><\/figure><\/div><div class=\"wp-block-getwid-images-slider__item\"><figure><img loading=\"lazy\" decoding=\"async\" width=\"1536\" height=\"2048\" src=\"https:\/\/agora.xtec.cat\/iesilladerodes\/wp-content\/uploads\/usu2146\/2025\/11\/Imatge-de-WhatsApp-2025-11-14-a-les-13.28.42_ddd36621.jpg\" alt=\"\" data-id=\"2230\" data-link=\"https:\/\/agora.xtec.cat\/iesilladerodes\/general\/els-estudiants-de-batxillerat-cientificotecnologic-participen-en-la-diada-de-sant-albert-a-la-universitat-de-girona\/attachment\/imatge-de-whatsapp-2025-11-14-a-les-13-28-42_ddd36621\/\" data-original-link=\"https:\/\/agora.xtec.cat\/iesilladerodes\/wp-content\/uploads\/usu2146\/2025\/11\/Imatge-de-WhatsApp-2025-11-14-a-les-13.28.42_ddd36621.jpg\" class=\"wp-block-getwid-images-slider__image wp-image-2230\" srcset=\"https:\/\/agora.xtec.cat\/iesilladerodes\/wp-content\/uploads\/usu2146\/2025\/11\/Imatge-de-WhatsApp-2025-11-14-a-les-13.28.42_ddd36621.jpg 1536w, https:\/\/agora.xtec.cat\/iesilladerodes\/wp-content\/uploads\/usu2146\/2025\/11\/Imatge-de-WhatsApp-2025-11-14-a-les-13.28.42_ddd36621-225x300.jpg 225w, https:\/\/agora.xtec.cat\/iesilladerodes\/wp-content\/uploads\/usu2146\/2025\/11\/Imatge-de-WhatsApp-2025-11-14-a-les-13.28.42_ddd36621-768x1024.jpg 768w, https:\/\/agora.xtec.cat\/iesilladerodes\/wp-content\/uploads\/usu2146\/2025\/11\/Imatge-de-WhatsApp-2025-11-14-a-les-13.28.42_ddd36621-1152x1536.jpg 1152w\" sizes=\"auto, (max-width: 1536px) 100vw, 1536px\" \/><\/figure><\/div><div class=\"wp-block-getwid-images-slider__item\"><figure><img loading=\"lazy\" decoding=\"async\" width=\"1536\" height=\"2048\" src=\"https:\/\/agora.xtec.cat\/iesilladerodes\/wp-content\/uploads\/usu2146\/2025\/11\/Imatge-de-WhatsApp-2025-11-14-a-les-13.28.43_c41ca5c4.jpg\" alt=\"\" data-id=\"2231\" data-link=\"https:\/\/agora.xtec.cat\/iesilladerodes\/general\/els-estudiants-de-batxillerat-cientificotecnologic-participen-en-la-diada-de-sant-albert-a-la-universitat-de-girona\/attachment\/imatge-de-whatsapp-2025-11-14-a-les-13-28-43_c41ca5c4\/\" data-original-link=\"https:\/\/agora.xtec.cat\/iesilladerodes\/wp-content\/uploads\/usu2146\/2025\/11\/Imatge-de-WhatsApp-2025-11-14-a-les-13.28.43_c41ca5c4.jpg\" class=\"wp-block-getwid-images-slider__image wp-image-2231\" srcset=\"https:\/\/agora.xtec.cat\/iesilladerodes\/wp-content\/uploads\/usu2146\/2025\/11\/Imatge-de-WhatsApp-2025-11-14-a-les-13.28.43_c41ca5c4.jpg 1536w, https:\/\/agora.xtec.cat\/iesilladerodes\/wp-content\/uploads\/usu2146\/2025\/11\/Imatge-de-WhatsApp-2025-11-14-a-les-13.28.43_c41ca5c4-225x300.jpg 225w, https:\/\/agora.xtec.cat\/iesilladerodes\/wp-content\/uploads\/usu2146\/2025\/11\/Imatge-de-WhatsApp-2025-11-14-a-les-13.28.43_c41ca5c4-768x1024.jpg 768w, https:\/\/agora.xtec.cat\/iesilladerodes\/wp-content\/uploads\/usu2146\/2025\/11\/Imatge-de-WhatsApp-2025-11-14-a-les-13.28.43_c41ca5c4-1152x1536.jpg 1152w\" sizes=\"auto, (max-width: 1536px) 100vw, 1536px\" \/><\/figure><\/div><div class=\"wp-block-getwid-images-slider__item\"><figure><img loading=\"lazy\" decoding=\"async\" width=\"1536\" height=\"2048\" src=\"https:\/\/agora.xtec.cat\/iesilladerodes\/wp-content\/uploads\/usu2146\/2025\/11\/Imatge-de-WhatsApp-2025-11-14-a-les-13.28.43_6e59d0e2.jpg\" alt=\"\" data-id=\"2226\" data-link=\"https:\/\/agora.xtec.cat\/iesilladerodes\/general\/els-estudiants-de-batxillerat-cientificotecnologic-participen-en-la-diada-de-sant-albert-a-la-universitat-de-girona\/attachment\/imatge-de-whatsapp-2025-11-14-a-les-13-28-43_6e59d0e2\/\" data-original-link=\"https:\/\/agora.xtec.cat\/iesilladerodes\/wp-content\/uploads\/usu2146\/2025\/11\/Imatge-de-WhatsApp-2025-11-14-a-les-13.28.43_6e59d0e2.jpg\" class=\"wp-block-getwid-images-slider__image wp-image-2226\" srcset=\"https:\/\/agora.xtec.cat\/iesilladerodes\/wp-content\/uploads\/usu2146\/2025\/11\/Imatge-de-WhatsApp-2025-11-14-a-les-13.28.43_6e59d0e2.jpg 1536w, https:\/\/agora.xtec.cat\/iesilladerodes\/wp-content\/uploads\/usu2146\/2025\/11\/Imatge-de-WhatsApp-2025-11-14-a-les-13.28.43_6e59d0e2-225x300.jpg 225w, https:\/\/agora.xtec.cat\/iesilladerodes\/wp-content\/uploads\/usu2146\/2025\/11\/Imatge-de-WhatsApp-2025-11-14-a-les-13.28.43_6e59d0e2-768x1024.jpg 768w, https:\/\/agora.xtec.cat\/iesilladerodes\/wp-content\/uploads\/usu2146\/2025\/11\/Imatge-de-WhatsApp-2025-11-14-a-les-13.28.43_6e59d0e2-1152x1536.jpg 1152w\" sizes=\"auto, (max-width: 1536px) 100vw, 1536px\" \/><\/figure><\/div><div class=\"wp-block-getwid-images-slider__item\"><figure><img loading=\"lazy\" decoding=\"async\" width=\"1536\" height=\"2048\" src=\"https:\/\/agora.xtec.cat\/iesilladerodes\/wp-content\/uploads\/usu2146\/2025\/11\/Imatge-de-WhatsApp-2025-11-14-a-les-13.28.42_efce95b5.jpg\" alt=\"\" data-id=\"2227\" data-link=\"https:\/\/agora.xtec.cat\/iesilladerodes\/general\/els-estudiants-de-batxillerat-cientificotecnologic-participen-en-la-diada-de-sant-albert-a-la-universitat-de-girona\/attachment\/imatge-de-whatsapp-2025-11-14-a-les-13-28-42_efce95b5\/\" data-original-link=\"https:\/\/agora.xtec.cat\/iesilladerodes\/wp-content\/uploads\/usu2146\/2025\/11\/Imatge-de-WhatsApp-2025-11-14-a-les-13.28.42_efce95b5.jpg\" class=\"wp-block-getwid-images-slider__image wp-image-2227\" srcset=\"https:\/\/agora.xtec.cat\/iesilladerodes\/wp-content\/uploads\/usu2146\/2025\/11\/Imatge-de-WhatsApp-2025-11-14-a-les-13.28.42_efce95b5.jpg 1536w, https:\/\/agora.xtec.cat\/iesilladerodes\/wp-content\/uploads\/usu2146\/2025\/11\/Imatge-de-WhatsApp-2025-11-14-a-les-13.28.42_efce95b5-225x300.jpg 225w, https:\/\/agora.xtec.cat\/iesilladerodes\/wp-content\/uploads\/usu2146\/2025\/11\/Imatge-de-WhatsApp-2025-11-14-a-les-13.28.42_efce95b5-768x1024.jpg 768w, https:\/\/agora.xtec.cat\/iesilladerodes\/wp-content\/uploads\/usu2146\/2025\/11\/Imatge-de-WhatsApp-2025-11-14-a-les-13.28.42_efce95b5-1152x1536.jpg 1152w\" sizes=\"auto, (max-width: 1536px) 100vw, 1536px\" \/><\/figure><\/div><div class=\"wp-block-getwid-images-slider__item\"><figure><img loading=\"lazy\" decoding=\"async\" width=\"1536\" height=\"2048\" src=\"https:\/\/agora.xtec.cat\/iesilladerodes\/wp-content\/uploads\/usu2146\/2025\/11\/Imatge-de-WhatsApp-2025-11-14-a-les-13.28.44_82172bc2.jpg\" alt=\"\" data-id=\"2228\" data-link=\"https:\/\/agora.xtec.cat\/iesilladerodes\/general\/els-estudiants-de-batxillerat-cientificotecnologic-participen-en-la-diada-de-sant-albert-a-la-universitat-de-girona\/attachment\/imatge-de-whatsapp-2025-11-14-a-les-13-28-44_82172bc2\/\" data-original-link=\"https:\/\/agora.xtec.cat\/iesilladerodes\/wp-content\/uploads\/usu2146\/2025\/11\/Imatge-de-WhatsApp-2025-11-14-a-les-13.28.44_82172bc2.jpg\" class=\"wp-block-getwid-images-slider__image wp-image-2228\" srcset=\"https:\/\/agora.xtec.cat\/iesilladerodes\/wp-content\/uploads\/usu2146\/2025\/11\/Imatge-de-WhatsApp-2025-11-14-a-les-13.28.44_82172bc2.jpg 1536w, https:\/\/agora.xtec.cat\/iesilladerodes\/wp-content\/uploads\/usu2146\/2025\/11\/Imatge-de-WhatsApp-2025-11-14-a-les-13.28.44_82172bc2-225x300.jpg 225w, https:\/\/agora.xtec.cat\/iesilladerodes\/wp-content\/uploads\/usu2146\/2025\/11\/Imatge-de-WhatsApp-2025-11-14-a-les-13.28.44_82172bc2-768x1024.jpg 768w, https:\/\/agora.xtec.cat\/iesilladerodes\/wp-content\/uploads\/usu2146\/2025\/11\/Imatge-de-WhatsApp-2025-11-14-a-les-13.28.44_82172bc2-1152x1536.jpg 1152w\" sizes=\"auto, (max-width: 1536px) 100vw, 1536px\" \/><\/figure><\/div><\/div><\/div>\n","protected":false},"excerpt":{"rendered":"<p>Aquest divendres 14 de novembre, l&#8217;alumnat de 1r i 2n de batxillerat de la modalitat cient\u00edficotecnol\u00f2gica del nostre centre ha [&hellip;]<\/p>\n","protected":false},"author":5,"featured_media":2233,"comment_status":"open","ping_status":"open","sticky":false,"template":"","format":"standard","meta":{"site-sidebar-layout":"default","site-content-layout":"","ast-site-content-layout":"default","site-content-style":"default","site-sidebar-style":"default","ast-global-header-display":"","ast-banner-title-visibility":"","ast-main-header-display":"","ast-hfb-above-header-display":"","ast-hfb-below-header-display":"","ast-hfb-mobile-header-display":"","site-post-title":"","ast-breadcrumbs-content":"","ast-featured-img":"","footer-sml-layout":"","theme-transparent-header-meta":"","adv-header-id-meta":"","stick-header-meta":"","header-above-stick-meta":"","header-main-stick-meta":"","header-below-stick-meta":"","astra-migrate-meta-layouts":"set","ast-page-background-enabled":"default","ast-page-background-meta":{"desktop":{"background-color":"var(--ast-global-color-4)","background-image":"","background-repeat":"repeat","background-position":"center center","background-size":"auto","background-attachment":"scroll","background-type":"","background-media":"","overlay-type":"","overlay-color":"","overlay-opacity":"","overlay-gradient":""},"tablet":{"background-color":"","background-image":"","background-repeat":"repeat","background-position":"center center","background-size":"auto","background-attachment":"scroll","background-type":"","background-media":"","overlay-type":"","overlay-color":"","overlay-opacity":"","overlay-gradient":""},"mobile":{"background-color":"","background-image":"","background-repeat":"repeat","background-position":"center center","background-size":"auto","background-attachment":"scroll","background-type":"","background-media":"","overlay-type":"","overlay-color":"","overlay-opacity":"","overlay-gradient":""}},"ast-content-background-meta":{"desktop":{"background-color":"var(--ast-global-color-5)","background-image":"","background-repeat":"repeat","background-position":"center center","background-size":"auto","background-attachment":"scroll","background-type":"","background-media":"","overlay-type":"","overlay-color":"","overlay-opacity":"","overlay-gradient":""},"tablet":{"background-color":"var(--ast-global-color-5)","background-image":"","background-repeat":"repeat","background-position":"center center","background-size":"auto","background-attachment":"scroll","background-type":"","background-media":"","overlay-type":"","overlay-color":"","overlay-opacity":"","overlay-gradient":""},"mobile":{"background-color":"var(--ast-global-color-5)","background-image":"","background-repeat":"repeat","background-position":"center center","background-size":"auto","background-attachment":"scroll","background-type":"","background-media":"","overlay-type":"","overlay-color":"","overlay-opacity":"","overlay-gradient":""}},"footnotes":""},"categories":[8,1,29],"tags":[],"class_list":["post-2225","post","type-post","status-publish","format-standard","has-post-thumbnail","hentry","category-batxillerat","category-general","category-portada"],"post_mailing_queue_ids":[],"_links":{"self":[{"href":"https:\/\/agora.xtec.cat\/iesilladerodes\/wp-json\/wp\/v2\/posts\/2225","targetHints":{"allow":["GET"]}}],"collection":[{"href":"https:\/\/agora.xtec.cat\/iesilladerodes\/wp-json\/wp\/v2\/posts"}],"about":[{"href":"https:\/\/agora.xtec.cat\/iesilladerodes\/wp-json\/wp\/v2\/types\/post"}],"author":[{"embeddable":true,"href":"https:\/\/agora.xtec.cat\/iesilladerodes\/wp-json\/wp\/v2\/users\/5"}],"replies":[{"embeddable":true,"href":"https:\/\/agora.xtec.cat\/iesilladerodes\/wp-json\/wp\/v2\/comments?post=2225"}],"version-history":[{"count":3,"href":"https:\/\/agora.xtec.cat\/iesilladerodes\/wp-json\/wp\/v2\/posts\/2225\/revisions"}],"predecessor-version":[{"id":2235,"href":"https:\/\/agora.xtec.cat\/iesilladerodes\/wp-json\/wp\/v2\/posts\/2225\/revisions\/2235"}],"wp:featuredmedia":[{"embeddable":true,"href":"https:\/\/agora.xtec.cat\/iesilladerodes\/wp-json\/wp\/v2\/media\/2233"}],"wp:attachment":[{"href":"https:\/\/agora.xtec.cat\/iesilladerodes\/wp-json\/wp\/v2\/media?parent=2225"}],"wp:term":[{"taxonomy":"category","embeddable":true,"href":"https:\/\/agora.xtec.cat\/iesilladerodes\/wp-json\/wp\/v2\/categories?post=2225"},{"taxonomy":"post_tag","embeddable":true,"href":"https:\/\/agora.xtec.cat\/iesilladerodes\/wp-json\/wp\/v2\/tags?post=2225"}],"curies":[{"name":"wp","href":"https:\/\/api.w.org\/{rel}","templated":true}]}}