{"id":2072,"date":"2025-05-12T15:11:00","date_gmt":"2025-05-12T13:11:00","guid":{"rendered":"https:\/\/agora.xtec.cat\/iesilladerodes\/?p=2072"},"modified":"2025-07-04T15:12:44","modified_gmt":"2025-07-04T13:12:44","slug":"celebrem-el-dia-deuropa-a-linstitut-illa-de-rodes","status":"publish","type":"post","link":"https:\/\/agora.xtec.cat\/iesilladerodes\/general\/celebrem-el-dia-deuropa-a-linstitut-illa-de-rodes\/","title":{"rendered":"Celebrem el Dia d&#8217;Europa a l&#8217;Institut Illa de Rodes!"},"content":{"rendered":"\n<figure class=\"wp-block-image size-full\"><a href=\"https:\/\/agora.xtec.cat\/iesilladerodes\/wp-content\/uploads\/usu2146\/2025\/07\/dia_europa.jpg\"><img loading=\"lazy\" decoding=\"async\" width=\"750\" height=\"563\" src=\"https:\/\/agora.xtec.cat\/iesilladerodes\/wp-content\/uploads\/usu2146\/2025\/07\/dia_europa.jpg\" alt=\"\" class=\"wp-image-2073\" srcset=\"https:\/\/agora.xtec.cat\/iesilladerodes\/wp-content\/uploads\/usu2146\/2025\/07\/dia_europa.jpg 750w, https:\/\/agora.xtec.cat\/iesilladerodes\/wp-content\/uploads\/usu2146\/2025\/07\/dia_europa-300x225.jpg 300w\" sizes=\"auto, (max-width: 750px) 100vw, 750px\" \/><\/a><\/figure>\n\n\n\n<p>Aquest 9 de maig, el nostre centre ha celebrat amb entusiasme el Dia d&#8217;Europa, una jornada que ens convida a reflexionar sobre els valors de pau, unitat i cooperaci\u00f3 entre els pobles del nostre continent.<br><br>Des de primera hora, la m\u00fasica ha estat la protagonista amb una programaci\u00f3 especial del projecte Illa FM, que ha fet sonar can\u00e7ons representatives de la diversitat cultural europea. A l&#8217;entrada i sortida del centre, hem escoltat la versi\u00f3 en catal\u00e0 de l&#8217;Himne de l&#8217;Alegria, s\u00edmbol d&#8217;una Europa unida.<br><br>Durant el mat\u00ed, l&#8217;alumnat de 4t d&#8217;ESO ha llegit un manifest europeu i ha participat en una activitat l\u00fadica per aprofundir en el coneixement dels estats membres de la Uni\u00f3 Europea. Tamb\u00e9 s&#8217;ha treballat a les tutories un kahoot sobre la UE, dins del programa educatiu Europe@School.<br><br>Mentrestant, un total de 37 ambaixadors i ambaixadores EPAS del nostre institut han viatjat a Barcelona per participar en l&#8217;acte central de celebraci\u00f3, organitzat per l&#8217;Oficina del Parlament Europeu a Catalunya. M\u00e9s de 600 alumnes de 21 centres catalans hi han compartit experi\u00e8ncies i activitats al voltant dels valors europeus i la participaci\u00f3 democr\u00e0tica.<br><br>Volem destacar especialment la participaci\u00f3 de la nostra alumna N\u00faria Subir\u00f3s, que ha intervingut al programa de r\u00e0dio LOFT, de 3Cat, per explicar el nostre comprom\u00eds amb el programa Erasmus+ i el paper del nostre centre com a Escola Ambaixadora del Parlament Europeu.<br><br>Tamb\u00e9 hem tingut l&#8217;honor de con\u00e8ixer el President de la Generalitat, Salvador Illa, que ha saludat l&#8217;alumnat i ha pronunciat unes paraules en defensa de la democr\u00e0cia i la construcci\u00f3 d&#8217;una Europa m\u00e9s justa i cohesionada.<br><br>Ha estat una jornada plena d&#8217;aprenentatge, conviv\u00e8ncia i europeisme!<\/p>\n\n\n\n<p>Bon Dia d&#8217;Europa!<\/p>\n","protected":false},"excerpt":{"rendered":"<p>Aquest 9 de maig, el nostre centre ha celebrat amb entusiasme el Dia d&#8217;Europa, una jornada que ens convida a [&hellip;]<\/p>\n","protected":false},"author":1,"featured_media":2073,"comment_status":"open","ping_status":"open","sticky":false,"template":"","format":"standard","meta":{"site-sidebar-layout":"default","site-content-layout":"","ast-site-content-layout":"default","site-content-style":"default","site-sidebar-style":"default","ast-global-header-display":"","ast-banner-title-visibility":"","ast-main-header-display":"","ast-hfb-above-header-display":"","ast-hfb-below-header-display":"","ast-hfb-mobile-header-display":"","site-post-title":"","ast-breadcrumbs-content":"","ast-featured-img":"","footer-sml-layout":"","theme-transparent-header-meta":"","adv-header-id-meta":"","stick-header-meta":"","header-above-stick-meta":"","header-main-stick-meta":"","header-below-stick-meta":"","astra-migrate-meta-layouts":"set","ast-page-background-enabled":"default","ast-page-background-meta":{"desktop":{"background-color":"var(--ast-global-color-4)","background-image":"","background-repeat":"repeat","background-position":"center center","background-size":"auto","background-attachment":"scroll","background-type":"","background-media":"","overlay-type":"","overlay-color":"","overlay-opacity":"","overlay-gradient":""},"tablet":{"background-color":"","background-image":"","background-repeat":"repeat","background-position":"center center","background-size":"auto","background-attachment":"scroll","background-type":"","background-media":"","overlay-type":"","overlay-color":"","overlay-opacity":"","overlay-gradient":""},"mobile":{"background-color":"","background-image":"","background-repeat":"repeat","background-position":"center center","background-size":"auto","background-attachment":"scroll","background-type":"","background-media":"","overlay-type":"","overlay-color":"","overlay-opacity":"","overlay-gradient":""}},"ast-content-background-meta":{"desktop":{"background-color":"var(--ast-global-color-5)","background-image":"","background-repeat":"repeat","background-position":"center center","background-size":"auto","background-attachment":"scroll","background-type":"","background-media":"","overlay-type":"","overlay-color":"","overlay-opacity":"","overlay-gradient":""},"tablet":{"background-color":"var(--ast-global-color-5)","background-image":"","background-repeat":"repeat","background-position":"center center","background-size":"auto","background-attachment":"scroll","background-type":"","background-media":"","overlay-type":"","overlay-color":"","overlay-opacity":"","overlay-gradient":""},"mobile":{"background-color":"var(--ast-global-color-5)","background-image":"","background-repeat":"repeat","background-position":"center center","background-size":"auto","background-attachment":"scroll","background-type":"","background-media":"","overlay-type":"","overlay-color":"","overlay-opacity":"","overlay-gradient":""}},"footnotes":""},"categories":[1,118,29],"tags":[],"class_list":["post-2072","post","type-post","status-publish","format-standard","has-post-thumbnail","hentry","category-general","category-internacionalitzacio","category-portada"],"post_mailing_queue_ids":[],"_links":{"self":[{"href":"https:\/\/agora.xtec.cat\/iesilladerodes\/wp-json\/wp\/v2\/posts\/2072","targetHints":{"allow":["GET"]}}],"collection":[{"href":"https:\/\/agora.xtec.cat\/iesilladerodes\/wp-json\/wp\/v2\/posts"}],"about":[{"href":"https:\/\/agora.xtec.cat\/iesilladerodes\/wp-json\/wp\/v2\/types\/post"}],"author":[{"embeddable":true,"href":"https:\/\/agora.xtec.cat\/iesilladerodes\/wp-json\/wp\/v2\/users\/1"}],"replies":[{"embeddable":true,"href":"https:\/\/agora.xtec.cat\/iesilladerodes\/wp-json\/wp\/v2\/comments?post=2072"}],"version-history":[{"count":2,"href":"https:\/\/agora.xtec.cat\/iesilladerodes\/wp-json\/wp\/v2\/posts\/2072\/revisions"}],"predecessor-version":[{"id":2075,"href":"https:\/\/agora.xtec.cat\/iesilladerodes\/wp-json\/wp\/v2\/posts\/2072\/revisions\/2075"}],"wp:featuredmedia":[{"embeddable":true,"href":"https:\/\/agora.xtec.cat\/iesilladerodes\/wp-json\/wp\/v2\/media\/2073"}],"wp:attachment":[{"href":"https:\/\/agora.xtec.cat\/iesilladerodes\/wp-json\/wp\/v2\/media?parent=2072"}],"wp:term":[{"taxonomy":"category","embeddable":true,"href":"https:\/\/agora.xtec.cat\/iesilladerodes\/wp-json\/wp\/v2\/categories?post=2072"},{"taxonomy":"post_tag","embeddable":true,"href":"https:\/\/agora.xtec.cat\/iesilladerodes\/wp-json\/wp\/v2\/tags?post=2072"}],"curies":[{"name":"wp","href":"https:\/\/api.w.org\/{rel}","templated":true}]}}