{"id":1565,"date":"2025-03-07T11:26:00","date_gmt":"2025-03-07T10:26:00","guid":{"rendered":"https:\/\/agora.xtec.cat\/iesilladerodes\/?p=1565"},"modified":"2025-03-21T11:29:14","modified_gmt":"2025-03-21T10:29:14","slug":"la-consellera-deducacio-i-formacio-professional-visita-el-nostre-centre","status":"publish","type":"post","link":"https:\/\/agora.xtec.cat\/iesilladerodes\/portada\/la-consellera-deducacio-i-formacio-professional-visita-el-nostre-centre\/","title":{"rendered":"La consellera d&#8217;Educaci\u00f3 i Formaci\u00f3 Professional visita el nostre centre"},"content":{"rendered":"\n<figure class=\"wp-block-image alignleft size-full is-resized\"><a href=\"https:\/\/agora.xtec.cat\/iesilladerodes\/wp-content\/uploads\/usu2146\/2025\/03\/910_1_IMG_20250307_WA0002.jpg\"><img loading=\"lazy\" decoding=\"async\" width=\"750\" height=\"563\" src=\"https:\/\/agora.xtec.cat\/iesilladerodes\/wp-content\/uploads\/usu2146\/2025\/03\/910_1_IMG_20250307_WA0002.jpg\" alt=\"\" class=\"wp-image-1566\" style=\"width:419px;height:auto\" srcset=\"https:\/\/agora.xtec.cat\/iesilladerodes\/wp-content\/uploads\/usu2146\/2025\/03\/910_1_IMG_20250307_WA0002.jpg 750w, https:\/\/agora.xtec.cat\/iesilladerodes\/wp-content\/uploads\/usu2146\/2025\/03\/910_1_IMG_20250307_WA0002-300x225.jpg 300w\" sizes=\"auto, (max-width: 750px) 100vw, 750px\" \/><\/a><\/figure>\n\n\n\n<p class=\"justificar-text\">Aquest mat\u00ed, 7 de mar\u00e7, hem rebut la visita de la consellera d&#8217;Educaci\u00f3 i Formaci\u00f3 Professional, Esther Niub\u00f3.<\/p>\n\n\n\n<p class=\"justificar-text\">La visita de la consellera ha perm\u00e8s que alguns dels nostres ambaixadors j\u00fanior -en Mike, l&#8217;Iker i en Maruan- &nbsp;li hagin pogut explicar la nostra tasca com a EPAS (Escola Ambaixadora del Parlament Europeu) i li han mostrat l&#8217;Infopoint.<\/p>\n\n\n\n<p class=\"justificar-text\">La consellera, juntament amb l&#8217;alcalde, Josep Maria Mart\u00ednez, i la regidora d&#8217;ensenyament, Yana Arjona, de l&#8217;ajuntament de Roses han visitat el centre i s&#8217;han reunit amb l&#8217;equip directiu. A la reuni\u00f3, tamb\u00e9 hi ha assistit el director del ST de Girona, Miquel Marc\u00e8, i la inspectora del centre, Lourdes Montaner.<\/p>\n\n\n\n<p class=\"justificar-text\">En el decurs de la visita, la consellera tamb\u00e9 ha pogut participar de l&#8217;activitat que l&#8217;alumnat de 1r i 2n d&#8217;ESO havia preparat per celebrar el 8M, Dia Internacional de la Dona, i ha pogut escoltar el manifest que han llegit les alumnes de 2n d&#8217;ESO Lourdes, Kamilia, Jana i Mia.<\/p>\n\n\n\n<p class=\"justificar-text\">Estem molt agra\u00efts i contents d&#8217;haver rebut aquesta visita.<\/p>\n","protected":false},"excerpt":{"rendered":"<p>Aquest mat\u00ed, 7 de mar\u00e7, hem rebut la visita de la consellera d&#8217;Educaci\u00f3 i Formaci\u00f3 Professional, Esther Niub\u00f3. La visita [&hellip;]<\/p>\n","protected":false},"author":1,"featured_media":1566,"comment_status":"closed","ping_status":"open","sticky":false,"template":"","format":"standard","meta":{"site-sidebar-layout":"default","site-content-layout":"","ast-site-content-layout":"default","site-content-style":"default","site-sidebar-style":"default","ast-global-header-display":"","ast-banner-title-visibility":"","ast-main-header-display":"","ast-hfb-above-header-display":"","ast-hfb-below-header-display":"","ast-hfb-mobile-header-display":"","site-post-title":"","ast-breadcrumbs-content":"","ast-featured-img":"","footer-sml-layout":"","theme-transparent-header-meta":"","adv-header-id-meta":"","stick-header-meta":"","header-above-stick-meta":"","header-main-stick-meta":"","header-below-stick-meta":"","astra-migrate-meta-layouts":"set","ast-page-background-enabled":"default","ast-page-background-meta":{"desktop":{"background-color":"var(--ast-global-color-4)","background-image":"","background-repeat":"repeat","background-position":"center center","background-size":"auto","background-attachment":"scroll","background-type":"","background-media":"","overlay-type":"","overlay-color":"","overlay-opacity":"","overlay-gradient":""},"tablet":{"background-color":"","background-image":"","background-repeat":"repeat","background-position":"center center","background-size":"auto","background-attachment":"scroll","background-type":"","background-media":"","overlay-type":"","overlay-color":"","overlay-opacity":"","overlay-gradient":""},"mobile":{"background-color":"","background-image":"","background-repeat":"repeat","background-position":"center center","background-size":"auto","background-attachment":"scroll","background-type":"","background-media":"","overlay-type":"","overlay-color":"","overlay-opacity":"","overlay-gradient":""}},"ast-content-background-meta":{"desktop":{"background-color":"var(--ast-global-color-5)","background-image":"","background-repeat":"repeat","background-position":"center center","background-size":"auto","background-attachment":"scroll","background-type":"","background-media":"","overlay-type":"","overlay-color":"","overlay-opacity":"","overlay-gradient":""},"tablet":{"background-color":"var(--ast-global-color-5)","background-image":"","background-repeat":"repeat","background-position":"center center","background-size":"auto","background-attachment":"scroll","background-type":"","background-media":"","overlay-type":"","overlay-color":"","overlay-opacity":"","overlay-gradient":""},"mobile":{"background-color":"var(--ast-global-color-5)","background-image":"","background-repeat":"repeat","background-position":"center center","background-size":"auto","background-attachment":"scroll","background-type":"","background-media":"","overlay-type":"","overlay-color":"","overlay-opacity":"","overlay-gradient":""}},"footnotes":""},"categories":[29],"tags":[],"class_list":["post-1565","post","type-post","status-publish","format-standard","has-post-thumbnail","hentry","category-portada"],"post_mailing_queue_ids":[],"_links":{"self":[{"href":"https:\/\/agora.xtec.cat\/iesilladerodes\/wp-json\/wp\/v2\/posts\/1565","targetHints":{"allow":["GET"]}}],"collection":[{"href":"https:\/\/agora.xtec.cat\/iesilladerodes\/wp-json\/wp\/v2\/posts"}],"about":[{"href":"https:\/\/agora.xtec.cat\/iesilladerodes\/wp-json\/wp\/v2\/types\/post"}],"author":[{"embeddable":true,"href":"https:\/\/agora.xtec.cat\/iesilladerodes\/wp-json\/wp\/v2\/users\/1"}],"replies":[{"embeddable":true,"href":"https:\/\/agora.xtec.cat\/iesilladerodes\/wp-json\/wp\/v2\/comments?post=1565"}],"version-history":[{"count":1,"href":"https:\/\/agora.xtec.cat\/iesilladerodes\/wp-json\/wp\/v2\/posts\/1565\/revisions"}],"predecessor-version":[{"id":1567,"href":"https:\/\/agora.xtec.cat\/iesilladerodes\/wp-json\/wp\/v2\/posts\/1565\/revisions\/1567"}],"wp:featuredmedia":[{"embeddable":true,"href":"https:\/\/agora.xtec.cat\/iesilladerodes\/wp-json\/wp\/v2\/media\/1566"}],"wp:attachment":[{"href":"https:\/\/agora.xtec.cat\/iesilladerodes\/wp-json\/wp\/v2\/media?parent=1565"}],"wp:term":[{"taxonomy":"category","embeddable":true,"href":"https:\/\/agora.xtec.cat\/iesilladerodes\/wp-json\/wp\/v2\/categories?post=1565"},{"taxonomy":"post_tag","embeddable":true,"href":"https:\/\/agora.xtec.cat\/iesilladerodes\/wp-json\/wp\/v2\/tags?post=1565"}],"curies":[{"name":"wp","href":"https:\/\/api.w.org\/{rel}","templated":true}]}}