{"id":1557,"date":"2025-02-17T11:12:00","date_gmt":"2025-02-17T10:12:00","guid":{"rendered":"https:\/\/agora.xtec.cat\/iesilladerodes\/?p=1557"},"modified":"2025-03-21T11:16:50","modified_gmt":"2025-03-21T10:16:50","slug":"trobada-telematica-entre-linstitut-illa-de-rodes-i-linstitut-de-celra","status":"publish","type":"post","link":"https:\/\/agora.xtec.cat\/iesilladerodes\/portada\/trobada-telematica-entre-linstitut-illa-de-rodes-i-linstitut-de-celra\/","title":{"rendered":"Trobada telem\u00e0tica entre l&#8217;Institut Illa de Rodes i l&#8217;Institut de Celr\u00e0"},"content":{"rendered":"\n<figure class=\"wp-block-image alignleft size-full is-resized\"><a href=\"https:\/\/agora.xtec.cat\/iesilladerodes\/wp-content\/uploads\/usu2146\/2025\/03\/906_1_IMG_20250217_104012.jpg\"><img loading=\"lazy\" decoding=\"async\" width=\"750\" height=\"563\" src=\"https:\/\/agora.xtec.cat\/iesilladerodes\/wp-content\/uploads\/usu2146\/2025\/03\/906_1_IMG_20250217_104012.jpg\" alt=\"\" class=\"wp-image-1558\" style=\"width:448px;height:auto\" srcset=\"https:\/\/agora.xtec.cat\/iesilladerodes\/wp-content\/uploads\/usu2146\/2025\/03\/906_1_IMG_20250217_104012.jpg 750w, https:\/\/agora.xtec.cat\/iesilladerodes\/wp-content\/uploads\/usu2146\/2025\/03\/906_1_IMG_20250217_104012-300x225.jpg 300w\" sizes=\"auto, (max-width: 750px) 100vw, 750px\" \/><\/a><\/figure>\n\n\n\n<p class=\"justificar-text\">El dia 17 de febrer de 2025, l\u2019Institut Illa de Rodes i l\u2019Institut de Celr\u00e0 han participat en una trobada telem\u00e0tica com a Escoles Ambaixadores del Parlament Europeu (EPAS &amp; MEPAS). Aquesta sessi\u00f3 ha perm\u00e8s als alumnes compartir experi\u00e8ncies, aprendre m\u00e9s sobre la Uni\u00f3 Europea i refor\u00e7ar el sentiment de ciutadania europea.<\/p>\n\n\n\n<p class=\"justificar-text\">L\u2019activitat ha comen\u00e7at amb una presentaci\u00f3 de cada centre, els seus equips d&#8217;ambaixadors i professorat participant. A continuaci\u00f3, els alumnes han jugat a jocs interactius sobre la UE (creats pels mateixos estudiants) per posar a prova els seus coneixements d\u2019una manera din\u00e0mica i participativa. Posteriorment, cada centre ha presentat dues de les seves activitats destacades del programa EPAS durant el curs, afavorint l\u2019intercanvi de bones pr\u00e0ctiques i refor\u00e7ant els vincles entre ambd\u00f3s instituts.<\/p>\n\n\n\n<p class=\"justificar-text\">Per concloure la trobada, els participants han escrit missatges en un mur digital compartit sobre qu\u00e8 significa per a ells ser ciutadans europeus. Aquesta activitat ha afavorit la reflexi\u00f3 sobre els valors europeus i la import\u00e0ncia de la cooperaci\u00f3 entre pa\u00efsos per a la construcci\u00f3 d\u2019un futur millor.<\/p>\n","protected":false},"excerpt":{"rendered":"<p>El dia 17 de febrer de 2025, l\u2019Institut Illa de Rodes i l\u2019Institut de Celr\u00e0 han participat en una trobada [&hellip;]<\/p>\n","protected":false},"author":1,"featured_media":1558,"comment_status":"closed","ping_status":"open","sticky":false,"template":"","format":"standard","meta":{"site-sidebar-layout":"default","site-content-layout":"","ast-site-content-layout":"default","site-content-style":"default","site-sidebar-style":"default","ast-global-header-display":"","ast-banner-title-visibility":"","ast-main-header-display":"","ast-hfb-above-header-display":"","ast-hfb-below-header-display":"","ast-hfb-mobile-header-display":"","site-post-title":"","ast-breadcrumbs-content":"","ast-featured-img":"","footer-sml-layout":"","theme-transparent-header-meta":"","adv-header-id-meta":"","stick-header-meta":"","header-above-stick-meta":"","header-main-stick-meta":"","header-below-stick-meta":"","astra-migrate-meta-layouts":"set","ast-page-background-enabled":"default","ast-page-background-meta":{"desktop":{"background-color":"var(--ast-global-color-4)","background-image":"","background-repeat":"repeat","background-position":"center center","background-size":"auto","background-attachment":"scroll","background-type":"","background-media":"","overlay-type":"","overlay-color":"","overlay-opacity":"","overlay-gradient":""},"tablet":{"background-color":"","background-image":"","background-repeat":"repeat","background-position":"center center","background-size":"auto","background-attachment":"scroll","background-type":"","background-media":"","overlay-type":"","overlay-color":"","overlay-opacity":"","overlay-gradient":""},"mobile":{"background-color":"","background-image":"","background-repeat":"repeat","background-position":"center center","background-size":"auto","background-attachment":"scroll","background-type":"","background-media":"","overlay-type":"","overlay-color":"","overlay-opacity":"","overlay-gradient":""}},"ast-content-background-meta":{"desktop":{"background-color":"var(--ast-global-color-5)","background-image":"","background-repeat":"repeat","background-position":"center center","background-size":"auto","background-attachment":"scroll","background-type":"","background-media":"","overlay-type":"","overlay-color":"","overlay-opacity":"","overlay-gradient":""},"tablet":{"background-color":"var(--ast-global-color-5)","background-image":"","background-repeat":"repeat","background-position":"center center","background-size":"auto","background-attachment":"scroll","background-type":"","background-media":"","overlay-type":"","overlay-color":"","overlay-opacity":"","overlay-gradient":""},"mobile":{"background-color":"var(--ast-global-color-5)","background-image":"","background-repeat":"repeat","background-position":"center center","background-size":"auto","background-attachment":"scroll","background-type":"","background-media":"","overlay-type":"","overlay-color":"","overlay-opacity":"","overlay-gradient":""}},"footnotes":""},"categories":[118,29],"tags":[],"class_list":["post-1557","post","type-post","status-publish","format-standard","has-post-thumbnail","hentry","category-internacionalitzacio","category-portada"],"post_mailing_queue_ids":[],"_links":{"self":[{"href":"https:\/\/agora.xtec.cat\/iesilladerodes\/wp-json\/wp\/v2\/posts\/1557","targetHints":{"allow":["GET"]}}],"collection":[{"href":"https:\/\/agora.xtec.cat\/iesilladerodes\/wp-json\/wp\/v2\/posts"}],"about":[{"href":"https:\/\/agora.xtec.cat\/iesilladerodes\/wp-json\/wp\/v2\/types\/post"}],"author":[{"embeddable":true,"href":"https:\/\/agora.xtec.cat\/iesilladerodes\/wp-json\/wp\/v2\/users\/1"}],"replies":[{"embeddable":true,"href":"https:\/\/agora.xtec.cat\/iesilladerodes\/wp-json\/wp\/v2\/comments?post=1557"}],"version-history":[{"count":1,"href":"https:\/\/agora.xtec.cat\/iesilladerodes\/wp-json\/wp\/v2\/posts\/1557\/revisions"}],"predecessor-version":[{"id":1559,"href":"https:\/\/agora.xtec.cat\/iesilladerodes\/wp-json\/wp\/v2\/posts\/1557\/revisions\/1559"}],"wp:featuredmedia":[{"embeddable":true,"href":"https:\/\/agora.xtec.cat\/iesilladerodes\/wp-json\/wp\/v2\/media\/1558"}],"wp:attachment":[{"href":"https:\/\/agora.xtec.cat\/iesilladerodes\/wp-json\/wp\/v2\/media?parent=1557"}],"wp:term":[{"taxonomy":"category","embeddable":true,"href":"https:\/\/agora.xtec.cat\/iesilladerodes\/wp-json\/wp\/v2\/categories?post=1557"},{"taxonomy":"post_tag","embeddable":true,"href":"https:\/\/agora.xtec.cat\/iesilladerodes\/wp-json\/wp\/v2\/tags?post=1557"}],"curies":[{"name":"wp","href":"https:\/\/api.w.org\/{rel}","templated":true}]}}