{"id":1255,"date":"2025-02-03T17:26:00","date_gmt":"2025-02-03T16:26:00","guid":{"rendered":"https:\/\/agora.xtec.cat\/iesilladerodes\/?p=1255"},"modified":"2025-02-16T17:42:42","modified_gmt":"2025-02-16T16:42:42","slug":"sortida-figueres-1938","status":"publish","type":"post","link":"https:\/\/agora.xtec.cat\/iesilladerodes\/eso\/sortida-figueres-1938\/","title":{"rendered":"Sortida Figueres 1938"},"content":{"rendered":"\n<figure class=\"wp-block-image alignleft size-full justificar-text\"><a href=\"https:\/\/agora.xtec.cat\/iesilladerodes\/wp-content\/uploads\/usu2146\/2025\/02\/900_1_20250127_095149.jpg\"><img loading=\"lazy\" decoding=\"async\" width=\"422\" height=\"750\" src=\"https:\/\/agora.xtec.cat\/iesilladerodes\/wp-content\/uploads\/usu2146\/2025\/02\/900_1_20250127_095149.jpg\" alt=\"\" class=\"wp-image-1256\" srcset=\"https:\/\/agora.xtec.cat\/iesilladerodes\/wp-content\/uploads\/usu2146\/2025\/02\/900_1_20250127_095149.jpg 422w, https:\/\/agora.xtec.cat\/iesilladerodes\/wp-content\/uploads\/usu2146\/2025\/02\/900_1_20250127_095149-169x300.jpg 169w\" sizes=\"auto, (max-width: 422px) 100vw, 422px\" \/><\/a><\/figure>\n\n\n\n<p class=\"justificar-text\">Aquest curs 2024-2025 ens hem unit al projecte de la Ruta de Figueres 1938, coincidint amb el 27 de gener, Dia Internacional de Commemoraci\u00f3 en Mem\u00f2ria de les V\u00edctimes de l&#8217;Holocaust.<br>El 23 de gener de 1938, un diumenge al mat\u00ed, l&#8217;aviaci\u00f3 italiana va bombardejar Figueres, deixant una empremta tr\u00e0gica que avui recordem amb un acte conjunt al Parc Bosc.<br>Aquest acte ens permet reflexionar sobre les v\u00edctimes dels bombardejos i tamb\u00e9 recordar les v\u00edctimes de l&#8217;Holocaust, un comprom\u00eds essencial amb la pau, els drets humans i els valors europeus que promovem com a centre EPAS.<br>Hi hem participat, conjuntament amb l&#8217;INS Alexandre Deulofeu, l&#8217;INS Cap Norfeu, l&#8217;INS Cendrassos, l&#8217;INS de La Jonquera, l&#8217;INS de Vilafant i l&#8217;INS El Pedr\u00f3 (L&#8217;Escala).<br>&#8220;Con\u00e8ixer el passat \u00e9s essencial per construir un futur m\u00e9s just i solidari&#8221;<\/p>\n\n\n\n<p class=\"justificar-text\">Gr\u00e0cies a tots els estudiants i professorat que han fet possible aquest homenatge!<\/p>\n","protected":false},"excerpt":{"rendered":"<p>Aquest curs 2024-2025 ens hem unit al projecte de la Ruta de Figueres 1938, coincidint amb el 27 de gener, [&hellip;]<\/p>\n","protected":false},"author":1,"featured_media":1256,"comment_status":"open","ping_status":"open","sticky":false,"template":"","format":"standard","meta":{"site-sidebar-layout":"default","site-content-layout":"","ast-site-content-layout":"default","site-content-style":"default","site-sidebar-style":"default","ast-global-header-display":"","ast-banner-title-visibility":"","ast-main-header-display":"","ast-hfb-above-header-display":"","ast-hfb-below-header-display":"","ast-hfb-mobile-header-display":"","site-post-title":"","ast-breadcrumbs-content":"","ast-featured-img":"","footer-sml-layout":"","theme-transparent-header-meta":"","adv-header-id-meta":"","stick-header-meta":"","header-above-stick-meta":"","header-main-stick-meta":"","header-below-stick-meta":"","astra-migrate-meta-layouts":"set","ast-page-background-enabled":"default","ast-page-background-meta":{"desktop":{"background-color":"var(--ast-global-color-4)","background-image":"","background-repeat":"repeat","background-position":"center center","background-size":"auto","background-attachment":"scroll","background-type":"","background-media":"","overlay-type":"","overlay-color":"","overlay-opacity":"","overlay-gradient":""},"tablet":{"background-color":"","background-image":"","background-repeat":"repeat","background-position":"center center","background-size":"auto","background-attachment":"scroll","background-type":"","background-media":"","overlay-type":"","overlay-color":"","overlay-opacity":"","overlay-gradient":""},"mobile":{"background-color":"","background-image":"","background-repeat":"repeat","background-position":"center center","background-size":"auto","background-attachment":"scroll","background-type":"","background-media":"","overlay-type":"","overlay-color":"","overlay-opacity":"","overlay-gradient":""}},"ast-content-background-meta":{"desktop":{"background-color":"var(--ast-global-color-5)","background-image":"","background-repeat":"repeat","background-position":"center center","background-size":"auto","background-attachment":"scroll","background-type":"","background-media":"","overlay-type":"","overlay-color":"","overlay-opacity":"","overlay-gradient":""},"tablet":{"background-color":"var(--ast-global-color-5)","background-image":"","background-repeat":"repeat","background-position":"center center","background-size":"auto","background-attachment":"scroll","background-type":"","background-media":"","overlay-type":"","overlay-color":"","overlay-opacity":"","overlay-gradient":""},"mobile":{"background-color":"var(--ast-global-color-5)","background-image":"","background-repeat":"repeat","background-position":"center center","background-size":"auto","background-attachment":"scroll","background-type":"","background-media":"","overlay-type":"","overlay-color":"","overlay-opacity":"","overlay-gradient":""}},"footnotes":""},"categories":[3,29],"tags":[],"class_list":["post-1255","post","type-post","status-publish","format-standard","has-post-thumbnail","hentry","category-eso","category-portada"],"post_mailing_queue_ids":[],"_links":{"self":[{"href":"https:\/\/agora.xtec.cat\/iesilladerodes\/wp-json\/wp\/v2\/posts\/1255","targetHints":{"allow":["GET"]}}],"collection":[{"href":"https:\/\/agora.xtec.cat\/iesilladerodes\/wp-json\/wp\/v2\/posts"}],"about":[{"href":"https:\/\/agora.xtec.cat\/iesilladerodes\/wp-json\/wp\/v2\/types\/post"}],"author":[{"embeddable":true,"href":"https:\/\/agora.xtec.cat\/iesilladerodes\/wp-json\/wp\/v2\/users\/1"}],"replies":[{"embeddable":true,"href":"https:\/\/agora.xtec.cat\/iesilladerodes\/wp-json\/wp\/v2\/comments?post=1255"}],"version-history":[{"count":6,"href":"https:\/\/agora.xtec.cat\/iesilladerodes\/wp-json\/wp\/v2\/posts\/1255\/revisions"}],"predecessor-version":[{"id":1263,"href":"https:\/\/agora.xtec.cat\/iesilladerodes\/wp-json\/wp\/v2\/posts\/1255\/revisions\/1263"}],"wp:featuredmedia":[{"embeddable":true,"href":"https:\/\/agora.xtec.cat\/iesilladerodes\/wp-json\/wp\/v2\/media\/1256"}],"wp:attachment":[{"href":"https:\/\/agora.xtec.cat\/iesilladerodes\/wp-json\/wp\/v2\/media?parent=1255"}],"wp:term":[{"taxonomy":"category","embeddable":true,"href":"https:\/\/agora.xtec.cat\/iesilladerodes\/wp-json\/wp\/v2\/categories?post=1255"},{"taxonomy":"post_tag","embeddable":true,"href":"https:\/\/agora.xtec.cat\/iesilladerodes\/wp-json\/wp\/v2\/tags?post=1255"}],"curies":[{"name":"wp","href":"https:\/\/api.w.org\/{rel}","templated":true}]}}