{"id":1197,"date":"2025-01-30T18:50:16","date_gmt":"2025-01-30T17:50:16","guid":{"rendered":"https:\/\/agora.xtec.cat\/iesilladerodes\/?p=1197"},"modified":"2025-02-01T19:17:58","modified_gmt":"2025-02-01T18:17:58","slug":"mobilitat-erasmus-a-bratislava","status":"publish","type":"post","link":"https:\/\/agora.xtec.cat\/iesilladerodes\/batxillerat\/mobilitat-erasmus-a-bratislava\/","title":{"rendered":"Mobilitat Erasmus+ a Bratislava!"},"content":{"rendered":"\n<figure class=\"wp-block-image alignleft size-full is-resized\"><a href=\"https:\/\/agora.xtec.cat\/iesilladerodes\/wp-content\/uploads\/usu2146\/2025\/02\/897_1_IMG_20250122_083139.jpg\"><img loading=\"lazy\" decoding=\"async\" width=\"750\" height=\"563\" src=\"https:\/\/agora.xtec.cat\/iesilladerodes\/wp-content\/uploads\/usu2146\/2025\/02\/897_1_IMG_20250122_083139.jpg\" alt=\"\" class=\"wp-image-1198\" style=\"width:336px;height:auto\" srcset=\"https:\/\/agora.xtec.cat\/iesilladerodes\/wp-content\/uploads\/usu2146\/2025\/02\/897_1_IMG_20250122_083139.jpg 750w, https:\/\/agora.xtec.cat\/iesilladerodes\/wp-content\/uploads\/usu2146\/2025\/02\/897_1_IMG_20250122_083139-300x225.jpg 300w\" sizes=\"auto, (max-width: 750px) 100vw, 750px\" \/><\/a><\/figure>\n\n\n\n<p>Del 19 al 24 de gener de 2024, els alumnes de Primer de Batxillerat de la mat\u00e8ria de Ciutadania, Pol\u00edtica i Dret van participar en una mobilitat a Bratislava, Eslov\u00e0quia, en el marc del nostre projecte Erasmus+&nbsp;<em>&#8220;Voices of Europe: Sharing Values Through Music&#8221;<\/em>. Aquest projecte, desenvolupat en col\u00b7laboraci\u00f3 amb el centre educatiu Gam\u010da, tenia com a objectiu explorar els valors europeus a trav\u00e9s de la m\u00fasica i fomentar la cooperaci\u00f3 intercultural, el pensament cr\u00edtic i el desenvolupament de compet\u00e8ncies art\u00edstiques i digitals.<\/p>\n\n\n\n<p>L&#8217;experi\u00e8ncia va combinar tallers, debats, activitats culturals i din\u00e0miques col\u00b7laboratives que van connectar estudiants d\u2019ambd\u00f3s pa\u00efsos. L&#8217;intercanvi va comen\u00e7ar amb una presentaci\u00f3 del centre amfitri\u00f3 i va continuar amb activitats que van oferir un equilibri entre l\u2019aprenentatge te\u00f2ric i experi\u00e8ncies pr\u00e0ctiques. Una de les primeres activitats va ser un taller en qu\u00e8 els estudiants van analitzar can\u00e7ons ic\u00f2niques europees, identificant com aquestes reflecteixen valors com la solidaritat, la igualtat i la llibertat. A m\u00e9s, van participar en un emocionant&nbsp;<em>City Rally<\/em>&nbsp;per Bratislava, resolent pistes en equips internacionals mentre descobrien els llocs m\u00e9s emblem\u00e0tics de la ciutat i la seva hist\u00f2ria.<\/p>\n\n\n\n<p>Una altra de les activitats destacades va ser l&#8217;intercanvi musical, en qu\u00e8 cada grup va presentar i analitzar can\u00e7ons pr\u00e8viament seleccionades, generant debats enriquidors sobre com aquestes reflecteixen els valors europeus. Tamb\u00e9 van tenir l\u2019oportunitat de participar en un taller de dansa tradicional eslovaca, que va permetre als estudiants connectar amb la riquesa cultural del pa\u00eds amfitri\u00f3 mentre col\u00b7laboraven amb els seus companys locals. La immersi\u00f3 cultural va continuar amb una activitat teatral centrada en la Revoluci\u00f3 de Vellut, en qu\u00e8 els participants van recrear esdeveniments hist\u00f2rics clau que van marcar la lluita d\u2019Eslov\u00e0quia per la llibertat i els drets humans.<\/p>\n\n\n\n<p>A m\u00e9s de les activitats a Bratislava, els estudiants van visitar la ciutat hist\u00f2rica de Trnava, coneguda com la &#8220;Roma Eslovaca&#8221;. All\u00e0, juntament amb estudiants d\u2019un altre centre educatiu local, van explorar llocs emblem\u00e0tics com la Bas\u00edlica de Sant Nicolau i les antigues muralles medievals. La visita va refor\u00e7ar els valors de solidaritat i treball en equip, promovent una connexi\u00f3 profunda amb el patrimoni cultural europeu.<\/p>\n\n\n\n<p>Al llarg d\u2019aquesta mobilitat, els estudiants van crear diversos productes col\u00b7laboratius,&nbsp;destacant els seus aprenentatges i reflexions sobre els valors europeus. L&#8217;experi\u00e8ncia no nom\u00e9s els va permetre desenvolupar compet\u00e8ncies interculturals i art\u00edstiques, sin\u00f3 que tamb\u00e9 va enfortir el seu sentiment de pertinen\u00e7a a una Europa unida i diversa.<\/p>\n\n\n\n<p>El projecte&nbsp;<em>&#8220;Voices of Europe: Sharing Values Through Music&#8221;<\/em>&nbsp;ha estat una oportunitat transformadora per a tots els participants, consolidant el comprom\u00eds de l\u2019Institut Illa de Rodes amb la promoci\u00f3 d\u2019una ciutadania activa i amb els valors fonamentals de la Uni\u00f3 Europea. La mobilitat a Bratislava ha deixat una empremta inesborrable en estudiants i docents, inspirant noves iniciatives i refor\u00e7ant la dimensi\u00f3 europea del centre educatiu.<\/p>\n","protected":false},"excerpt":{"rendered":"<p>Del 19 al 24 de gener de 2024, els alumnes de Primer de Batxillerat de la mat\u00e8ria de Ciutadania, Pol\u00edtica [&hellip;]<\/p>\n","protected":false},"author":1,"featured_media":1198,"comment_status":"open","ping_status":"open","sticky":false,"template":"","format":"standard","meta":{"site-sidebar-layout":"default","site-content-layout":"","ast-site-content-layout":"default","site-content-style":"default","site-sidebar-style":"default","ast-global-header-display":"","ast-banner-title-visibility":"","ast-main-header-display":"","ast-hfb-above-header-display":"","ast-hfb-below-header-display":"","ast-hfb-mobile-header-display":"","site-post-title":"","ast-breadcrumbs-content":"","ast-featured-img":"","footer-sml-layout":"","theme-transparent-header-meta":"","adv-header-id-meta":"","stick-header-meta":"","header-above-stick-meta":"","header-main-stick-meta":"","header-below-stick-meta":"","astra-migrate-meta-layouts":"set","ast-page-background-enabled":"default","ast-page-background-meta":{"desktop":{"background-color":"var(--ast-global-color-4)","background-image":"","background-repeat":"repeat","background-position":"center center","background-size":"auto","background-attachment":"scroll","background-type":"","background-media":"","overlay-type":"","overlay-color":"","overlay-opacity":"","overlay-gradient":""},"tablet":{"background-color":"","background-image":"","background-repeat":"repeat","background-position":"center center","background-size":"auto","background-attachment":"scroll","background-type":"","background-media":"","overlay-type":"","overlay-color":"","overlay-opacity":"","overlay-gradient":""},"mobile":{"background-color":"","background-image":"","background-repeat":"repeat","background-position":"center center","background-size":"auto","background-attachment":"scroll","background-type":"","background-media":"","overlay-type":"","overlay-color":"","overlay-opacity":"","overlay-gradient":""}},"ast-content-background-meta":{"desktop":{"background-color":"var(--ast-global-color-5)","background-image":"","background-repeat":"repeat","background-position":"center center","background-size":"auto","background-attachment":"scroll","background-type":"","background-media":"","overlay-type":"","overlay-color":"","overlay-opacity":"","overlay-gradient":""},"tablet":{"background-color":"var(--ast-global-color-5)","background-image":"","background-repeat":"repeat","background-position":"center center","background-size":"auto","background-attachment":"scroll","background-type":"","background-media":"","overlay-type":"","overlay-color":"","overlay-opacity":"","overlay-gradient":""},"mobile":{"background-color":"var(--ast-global-color-5)","background-image":"","background-repeat":"repeat","background-position":"center center","background-size":"auto","background-attachment":"scroll","background-type":"","background-media":"","overlay-type":"","overlay-color":"","overlay-opacity":"","overlay-gradient":""}},"footnotes":""},"categories":[8,118,29],"tags":[],"class_list":["post-1197","post","type-post","status-publish","format-standard","has-post-thumbnail","hentry","category-batxillerat","category-internacionalitzacio","category-portada"],"post_mailing_queue_ids":[],"_links":{"self":[{"href":"https:\/\/agora.xtec.cat\/iesilladerodes\/wp-json\/wp\/v2\/posts\/1197","targetHints":{"allow":["GET"]}}],"collection":[{"href":"https:\/\/agora.xtec.cat\/iesilladerodes\/wp-json\/wp\/v2\/posts"}],"about":[{"href":"https:\/\/agora.xtec.cat\/iesilladerodes\/wp-json\/wp\/v2\/types\/post"}],"author":[{"embeddable":true,"href":"https:\/\/agora.xtec.cat\/iesilladerodes\/wp-json\/wp\/v2\/users\/1"}],"replies":[{"embeddable":true,"href":"https:\/\/agora.xtec.cat\/iesilladerodes\/wp-json\/wp\/v2\/comments?post=1197"}],"version-history":[{"count":1,"href":"https:\/\/agora.xtec.cat\/iesilladerodes\/wp-json\/wp\/v2\/posts\/1197\/revisions"}],"predecessor-version":[{"id":1199,"href":"https:\/\/agora.xtec.cat\/iesilladerodes\/wp-json\/wp\/v2\/posts\/1197\/revisions\/1199"}],"wp:featuredmedia":[{"embeddable":true,"href":"https:\/\/agora.xtec.cat\/iesilladerodes\/wp-json\/wp\/v2\/media\/1198"}],"wp:attachment":[{"href":"https:\/\/agora.xtec.cat\/iesilladerodes\/wp-json\/wp\/v2\/media?parent=1197"}],"wp:term":[{"taxonomy":"category","embeddable":true,"href":"https:\/\/agora.xtec.cat\/iesilladerodes\/wp-json\/wp\/v2\/categories?post=1197"},{"taxonomy":"post_tag","embeddable":true,"href":"https:\/\/agora.xtec.cat\/iesilladerodes\/wp-json\/wp\/v2\/tags?post=1197"}],"curies":[{"name":"wp","href":"https:\/\/api.w.org\/{rel}","templated":true}]}}