{"id":1048,"date":"2024-12-18T22:47:00","date_gmt":"2024-12-18T21:47:00","guid":{"rendered":"https:\/\/agora.xtec.cat\/iesilladerodes\/?p=1048"},"modified":"2025-02-01T19:18:40","modified_gmt":"2025-02-01T18:18:40","slug":"participem-a-les-jornades-erasmus-2024","status":"publish","type":"post","link":"https:\/\/agora.xtec.cat\/iesilladerodes\/batxillerat\/participem-a-les-jornades-erasmus-2024\/","title":{"rendered":"Participem a les Jornades Erasmus 2024!"},"content":{"rendered":"\n<figure class=\"wp-block-image alignleft size-full is-resized\"><a href=\"https:\/\/agora.xtec.cat\/iesilladerodes\/wp-content\/uploads\/usu2146\/2024\/12\/893_1_IMG_20241217_WA0028.jpg\"><img loading=\"lazy\" decoding=\"async\" width=\"561\" height=\"750\" src=\"https:\/\/agora.xtec.cat\/iesilladerodes\/wp-content\/uploads\/usu2146\/2024\/12\/893_1_IMG_20241217_WA0028.jpg\" alt=\"\" class=\"wp-image-1049\" style=\"width:267px;height:auto\" srcset=\"https:\/\/agora.xtec.cat\/iesilladerodes\/wp-content\/uploads\/usu2146\/2024\/12\/893_1_IMG_20241217_WA0028.jpg 561w, https:\/\/agora.xtec.cat\/iesilladerodes\/wp-content\/uploads\/usu2146\/2024\/12\/893_1_IMG_20241217_WA0028-224x300.jpg 224w\" sizes=\"auto, (max-width: 561px) 100vw, 561px\" \/><\/a><\/figure>\n\n\n\n<p class=\"has-text-align-left justificar-text\">El Servei Espanyol per a la Internacionalitzaci\u00f3 de l&#8217;Educaci\u00f3 (SEPIE), Ag\u00e8ncia Nacional del programa Erasmus+ de la Uni\u00f3 Europea en els \u00e0mbits de l&#8217;educaci\u00f3 i la formaci\u00f3 ha organitzat un any m\u00e9s les Jornades Anuals de Difusi\u00f3 i Informaci\u00f3 Erasmus 2024, que se celebren els dies 17 i 18 de desembre a Madrid.<br>Avui dimarts, 17 de desembre, ja hem assistit a la &#8220;Jornada Anual de Difusi\u00f3 Erasmus+ 2024&#8221; que s\u2019ha celebra al Teatro Real. La jornada ha perm\u00e8s mostrar una visi\u00f3 general de les excel\u00b7lents oportunitats que ofereix el programa Erasmus+ per a l\u2019alumnat de totes les edats i el professorat i com d\u2019enriquidor \u00e9s per als centres educatius que tenim la sort de participar-hi. Durant la jornada s\u2019han tractat diversos temes al voltant de dos dels eixos principals del programa: la transformaci\u00f3 digital i la inclusi\u00f3 educativa.<br>D\u2019una banda, diversos especialistes han tractat el tema de la transformaci\u00f3 digital a l\u2019Erasmus+ i les perspectives de futur en una pon\u00e8ncia i s\u2019ha realitzat una taula rodona per tractar l\u2019impacte de la IA en l\u2019educaci\u00f3 i la formaci\u00f3.<br>D\u2019altra banda, hem tingut l\u2019oportunitat d\u2019escoltar diversos testimonis de superaci\u00f3 en diversos \u00e0mbits gr\u00e0cies a l\u2019oportunitat de participar en programes Erasmus 2021-2027:relatives a les diverses accions clau KA1 (mobilitat de persones), KA2 (cooperaci\u00f3 entre organitzacions) i KA3 (reclzament al desenvolupament i cooperaci\u00f3 de pol\u00edtiques) aix\u00ed com les activitats Jean Monet.<br>L\u2019acte ha acabat amb la presentaci\u00f3 dels diversos projectes premiats i els lliurament dels premis i reconeixements seg\u00fcents:<br>Els premis EITA 2024 que premia projectes de centres que vetllen pel benestar a l\u2019escola.<br>El Segell europeu de les lleng\u00fces 2024, ha perm\u00e8s reflexionar sobre les lleng\u00fces a l\u2019era digital i con\u00e8ixer models de bones pr\u00e0ctiques per concloure que \u201cel multiling\u00fcisme \u00e9s la llengua europea\u201d.<br>Reconeixements a la qualitat de projectes Erasmus+ 2024.<br>La ministra de Ci\u00e8ncia, Innovaci\u00f3 i Universitats, Diana Morant Ripoll, ha clausurat la jornada reivindicant la import\u00e0ncia de l\u2019educaci\u00f3 i la del programa Erasmus, tot reivindicant el paper cabdal de l\u2019Estat espanyol en l\u2019impuls del programa Erasmus.<br>Dem\u00e0 dimecres, 18 de desembre, \u00e9s el torn de la Jornada Informativa Erasmus+ 2025 \u2013 Educaci\u00f3 escolar i Educaci\u00f3 de persones adultes, una jornada de treball t\u00e8cnic que de ben segur que ser\u00e0 molt profitosa.<\/p>\n","protected":false},"excerpt":{"rendered":"<p>El Servei Espanyol per a la Internacionalitzaci\u00f3 de l&#8217;Educaci\u00f3 (SEPIE), Ag\u00e8ncia Nacional del programa Erasmus+ de la Uni\u00f3 Europea en [&hellip;]<\/p>\n","protected":false},"author":1,"featured_media":1049,"comment_status":"open","ping_status":"open","sticky":false,"template":"","format":"standard","meta":{"site-sidebar-layout":"default","site-content-layout":"","ast-site-content-layout":"default","site-content-style":"default","site-sidebar-style":"default","ast-global-header-display":"","ast-banner-title-visibility":"","ast-main-header-display":"","ast-hfb-above-header-display":"","ast-hfb-below-header-display":"","ast-hfb-mobile-header-display":"","site-post-title":"","ast-breadcrumbs-content":"","ast-featured-img":"","footer-sml-layout":"","theme-transparent-header-meta":"","adv-header-id-meta":"","stick-header-meta":"","header-above-stick-meta":"","header-main-stick-meta":"","header-below-stick-meta":"","astra-migrate-meta-layouts":"set","ast-page-background-enabled":"default","ast-page-background-meta":{"desktop":{"background-color":"var(--ast-global-color-4)","background-image":"","background-repeat":"repeat","background-position":"center center","background-size":"auto","background-attachment":"scroll","background-type":"","background-media":"","overlay-type":"","overlay-color":"","overlay-opacity":"","overlay-gradient":""},"tablet":{"background-color":"","background-image":"","background-repeat":"repeat","background-position":"center center","background-size":"auto","background-attachment":"scroll","background-type":"","background-media":"","overlay-type":"","overlay-color":"","overlay-opacity":"","overlay-gradient":""},"mobile":{"background-color":"","background-image":"","background-repeat":"repeat","background-position":"center center","background-size":"auto","background-attachment":"scroll","background-type":"","background-media":"","overlay-type":"","overlay-color":"","overlay-opacity":"","overlay-gradient":""}},"ast-content-background-meta":{"desktop":{"background-color":"var(--ast-global-color-5)","background-image":"","background-repeat":"repeat","background-position":"center center","background-size":"auto","background-attachment":"scroll","background-type":"","background-media":"","overlay-type":"","overlay-color":"","overlay-opacity":"","overlay-gradient":""},"tablet":{"background-color":"var(--ast-global-color-5)","background-image":"","background-repeat":"repeat","background-position":"center center","background-size":"auto","background-attachment":"scroll","background-type":"","background-media":"","overlay-type":"","overlay-color":"","overlay-opacity":"","overlay-gradient":""},"mobile":{"background-color":"var(--ast-global-color-5)","background-image":"","background-repeat":"repeat","background-position":"center center","background-size":"auto","background-attachment":"scroll","background-type":"","background-media":"","overlay-type":"","overlay-color":"","overlay-opacity":"","overlay-gradient":""}},"footnotes":""},"categories":[8,118,29],"tags":[],"class_list":["post-1048","post","type-post","status-publish","format-standard","has-post-thumbnail","hentry","category-batxillerat","category-internacionalitzacio","category-portada"],"post_mailing_queue_ids":[],"_links":{"self":[{"href":"https:\/\/agora.xtec.cat\/iesilladerodes\/wp-json\/wp\/v2\/posts\/1048","targetHints":{"allow":["GET"]}}],"collection":[{"href":"https:\/\/agora.xtec.cat\/iesilladerodes\/wp-json\/wp\/v2\/posts"}],"about":[{"href":"https:\/\/agora.xtec.cat\/iesilladerodes\/wp-json\/wp\/v2\/types\/post"}],"author":[{"embeddable":true,"href":"https:\/\/agora.xtec.cat\/iesilladerodes\/wp-json\/wp\/v2\/users\/1"}],"replies":[{"embeddable":true,"href":"https:\/\/agora.xtec.cat\/iesilladerodes\/wp-json\/wp\/v2\/comments?post=1048"}],"version-history":[{"count":6,"href":"https:\/\/agora.xtec.cat\/iesilladerodes\/wp-json\/wp\/v2\/posts\/1048\/revisions"}],"predecessor-version":[{"id":1119,"href":"https:\/\/agora.xtec.cat\/iesilladerodes\/wp-json\/wp\/v2\/posts\/1048\/revisions\/1119"}],"wp:featuredmedia":[{"embeddable":true,"href":"https:\/\/agora.xtec.cat\/iesilladerodes\/wp-json\/wp\/v2\/media\/1049"}],"wp:attachment":[{"href":"https:\/\/agora.xtec.cat\/iesilladerodes\/wp-json\/wp\/v2\/media?parent=1048"}],"wp:term":[{"taxonomy":"category","embeddable":true,"href":"https:\/\/agora.xtec.cat\/iesilladerodes\/wp-json\/wp\/v2\/categories?post=1048"},{"taxonomy":"post_tag","embeddable":true,"href":"https:\/\/agora.xtec.cat\/iesilladerodes\/wp-json\/wp\/v2\/tags?post=1048"}],"curies":[{"name":"wp","href":"https:\/\/api.w.org\/{rel}","templated":true}]}}