{"id":845,"date":"2021-11-16T17:54:45","date_gmt":"2021-11-16T16:54:45","guid":{"rendered":"https:\/\/agora.xtec.cat\/iesicilia\/?p=845"},"modified":"2021-11-24T12:19:43","modified_gmt":"2021-11-24T11:19:43","slug":"eleccions-al-consell-escolar","status":"publish","type":"post","link":"https:\/\/agora.xtec.cat\/iesicilia\/general\/eleccions-al-consell-escolar\/","title":{"rendered":"Eleccions al Consell Escolar"},"content":{"rendered":"<p style=\"text-align: justify;\"><a href=\"https:\/\/agora.xtec.cat\/iesicilia\/wp-content\/uploads\/usu2573\/2021\/11\/consellescolar-150x150-1.jpg\"><img loading=\"lazy\" decoding=\"async\" class=\"alignleft size-full wp-image-843\" src=\"https:\/\/agora.xtec.cat\/iesicilia\/wp-content\/uploads\/usu2573\/2021\/11\/consellescolar-150x150-1.jpg\" alt=\"\" width=\"150\" height=\"150\" \/><\/a>\u00c9s l\u2019<strong>\u00f2rgan col\u00b7legiat de participaci\u00f3<\/strong> de la comunitat escolar en el govern del centre. Hi ha representats de tots els col\u00b7lectius que intervenen en la comunitat educativa: equip directiu, professorat, alumnat [de 1r a 4t d&#8217;ESO], personal no docent, AFA i fam\u00edlies. La seva funci\u00f3 principal \u00e9s participar en la presa de decisions en relaci\u00f3 amb aquells temes importants per al funcionament i l\u2019organitzaci\u00f3 del centre. Els membres del consell escolar s\u00f3n elegits per un per\u00edode de quatre anys i es renoven per meitats cada dos anys. Si voleu m\u00e9s informaci\u00f3 sobre el seu funcionament cliqueu <a href=\"https:\/\/educacio.gencat.cat\/ca\/arees-actuacio\/centres-serveis-educatius\/centres\/consells-escolars-centres\/\" target=\"_blank\" rel=\"noopener\">AQU\u00cd.<\/a><\/p>\n<p style=\"text-align: justify;\">ES CONVOQUEN LES ELECCIONS AL CONSELL ESCOLAR, QUE EN EL NOSTRE CAS DONAR\u00c0 PAS AL 1r CONSELL ESCOLAR DE L&#8217;IE SIC\u00cdLIA.<\/p>\n<p style=\"text-align: justify;\">Del 4 al 12 de novembre podeu presentar la vostra <strong>candidatura al Consell Escolar del centre.<\/strong><\/p>\n<p style=\"text-align: justify;\"><strong>Des del centre us animem a participar-hi!<\/strong><\/p>\n<p style=\"text-align: justify;\"><strong>Calendari de les Eleccions al Consell Escolar a IE Sic\u00edlia\u00a0<\/strong>\u00a0<a href=\"https:\/\/drive.google.com\/file\/d\/1s-77CBm-BSmJXuxSbe_fvGVH_cBW0r0t\/view?usp=sharing\">clica aqu\u00ed<\/a><\/p>\n<p style=\"text-align: justify;\"><strong>Full de Candidatura\u00a0<\/strong> <a href=\"https:\/\/drive.google.com\/file\/d\/119Wi5gSK2I-rUs-MV-pQbT7FgvgeHO78\/view?usp=sharing\">clica aqu\u00ed<\/a><\/p>\n<p style=\"text-align: justify;\"><strong>PROCLAMACI\u00d3 DE CANDIDATURES DE TOTS ELS SECTORS\u00a0<a href=\"https:\/\/drive.google.com\/file\/d\/1u49qDNb7L9b3BL7TNeJQMA_rxfUAiTyo\/view?usp=sharing\">clica aqu\u00ed<\/a><\/strong><\/p>\n<p style=\"text-align: justify;\">\n","protected":false},"excerpt":{"rendered":"<p>\u00c9s l\u2019\u00f2rgan col\u00b7legiat de participaci\u00f3 de la comunitat escolar en el govern del centre. Hi ha representats de tots els col\u00b7lectius que intervenen en la comunitat educativa: equip directiu, professorat, alumnat [de 1r a 4t d&#8217;ESO], personal no docent, AFA i fam\u00edlies. La seva funci\u00f3 principal \u00e9s participar en la presa de decisions en relaci\u00f3 [&hellip;]<\/p>\n","protected":false},"author":1,"featured_media":0,"comment_status":"open","ping_status":"closed","sticky":false,"template":"","format":"standard","meta":{"_bbp_topic_count":0,"_bbp_reply_count":0,"_bbp_total_topic_count":0,"_bbp_total_reply_count":0,"_bbp_voice_count":0,"_bbp_anonymous_reply_count":0,"_bbp_topic_count_hidden":0,"_bbp_reply_count_hidden":0,"_bbp_forum_subforum_count":0,"site-sidebar-layout":"default","site-content-layout":"","ast-site-content-layout":"","site-content-style":"default","site-sidebar-style":"default","ast-global-header-display":"","ast-banner-title-visibility":"","ast-main-header-display":"","ast-hfb-above-header-display":"","ast-hfb-below-header-display":"","ast-hfb-mobile-header-display":"","site-post-title":"","ast-breadcrumbs-content":"","ast-featured-img":"","footer-sml-layout":"","theme-transparent-header-meta":"","adv-header-id-meta":"","stick-header-meta":"","header-above-stick-meta":"","header-main-stick-meta":"","header-below-stick-meta":"","astra-migrate-meta-layouts":"default","ast-page-background-enabled":"default","ast-page-background-meta":{"desktop":{"background-color":"var(--ast-global-color-4)","background-image":"","background-repeat":"repeat","background-position":"center center","background-size":"auto","background-attachment":"scroll","background-type":"","background-media":"","overlay-type":"","overlay-color":"","overlay-opacity":"","overlay-gradient":""},"tablet":{"background-color":"","background-image":"","background-repeat":"repeat","background-position":"center center","background-size":"auto","background-attachment":"scroll","background-type":"","background-media":"","overlay-type":"","overlay-color":"","overlay-opacity":"","overlay-gradient":""},"mobile":{"background-color":"","background-image":"","background-repeat":"repeat","background-position":"center center","background-size":"auto","background-attachment":"scroll","background-type":"","background-media":"","overlay-type":"","overlay-color":"","overlay-opacity":"","overlay-gradient":""}},"ast-content-background-meta":{"desktop":{"background-color":"var(--ast-global-color-5)","background-image":"","background-repeat":"repeat","background-position":"center center","background-size":"auto","background-attachment":"scroll","background-type":"","background-media":"","overlay-type":"","overlay-color":"","overlay-opacity":"","overlay-gradient":""},"tablet":{"background-color":"var(--ast-global-color-5)","background-image":"","background-repeat":"repeat","background-position":"center center","background-size":"auto","background-attachment":"scroll","background-type":"","background-media":"","overlay-type":"","overlay-color":"","overlay-opacity":"","overlay-gradient":""},"mobile":{"background-color":"var(--ast-global-color-5)","background-image":"","background-repeat":"repeat","background-position":"center center","background-size":"auto","background-attachment":"scroll","background-type":"","background-media":"","overlay-type":"","overlay-color":"","overlay-opacity":"","overlay-gradient":""}},"footnotes":""},"categories":[1,29],"tags":[125,114],"class_list":["post-845","post","type-post","status-publish","format-standard","hentry","category-general","category-portada","tag-consell-escolar","tag-informacio"],"post_mailing_queue_ids":[],"_links":{"self":[{"href":"https:\/\/agora.xtec.cat\/iesicilia\/wp-json\/wp\/v2\/posts\/845","targetHints":{"allow":["GET"]}}],"collection":[{"href":"https:\/\/agora.xtec.cat\/iesicilia\/wp-json\/wp\/v2\/posts"}],"about":[{"href":"https:\/\/agora.xtec.cat\/iesicilia\/wp-json\/wp\/v2\/types\/post"}],"author":[{"embeddable":true,"href":"https:\/\/agora.xtec.cat\/iesicilia\/wp-json\/wp\/v2\/users\/1"}],"replies":[{"embeddable":true,"href":"https:\/\/agora.xtec.cat\/iesicilia\/wp-json\/wp\/v2\/comments?post=845"}],"version-history":[{"count":3,"href":"https:\/\/agora.xtec.cat\/iesicilia\/wp-json\/wp\/v2\/posts\/845\/revisions"}],"predecessor-version":[{"id":915,"href":"https:\/\/agora.xtec.cat\/iesicilia\/wp-json\/wp\/v2\/posts\/845\/revisions\/915"}],"wp:attachment":[{"href":"https:\/\/agora.xtec.cat\/iesicilia\/wp-json\/wp\/v2\/media?parent=845"}],"wp:term":[{"taxonomy":"category","embeddable":true,"href":"https:\/\/agora.xtec.cat\/iesicilia\/wp-json\/wp\/v2\/categories?post=845"},{"taxonomy":"post_tag","embeddable":true,"href":"https:\/\/agora.xtec.cat\/iesicilia\/wp-json\/wp\/v2\/tags?post=845"}],"curies":[{"name":"wp","href":"https:\/\/api.w.org\/{rel}","templated":true}]}}