{"id":764,"date":"2021-09-28T15:13:00","date_gmt":"2021-09-28T13:13:00","guid":{"rendered":"https:\/\/agora.xtec.cat\/iesicilia\/?p=764"},"modified":"2021-11-24T12:28:45","modified_gmt":"2021-11-24T11:28:45","slug":"pla-dactuacio-covid-19-2021-2022","status":"publish","type":"post","link":"https:\/\/agora.xtec.cat\/iesicilia\/portada\/pla-dactuacio-covid-19-2021-2022\/","title":{"rendered":"Pla d\u2019actuaci\u00f3 COVID 19 2021-2022"},"content":{"rendered":"<header class=\"entry-header\">\n<p class=\"entry-title\" style=\"text-align: justify;\"><span style=\"font-size: 1em;\">Les condicions sanit\u00e0ries derivades de la pand\u00e8mia han fet que s\u2019haguessin de modificar algunes de les pautes d\u2019actuaci\u00f3 i protocols que es feien servir en cursos anteriors. La majoria s\u00f3n pautes d\u2019actuaci\u00f3 transit\u00f2ries que tindran la durada que tingui la situaci\u00f3 d\u2019excepcionalitat derivada de la pand\u00e8mia de la COVID 19.\u00a0 Conv\u00e9 tenir presents les indicacions per poder tenir el centre sempre obert en les millors condicions possibles. <\/span><strong style=\"font-size: 1em;\">Gr\u00e0cies per l\u2019esfor\u00e7.<\/strong><\/p>\n<\/header>\n<div class=\"entry-content\">\n<p style=\"text-align: justify;\">Trobareu aquesta informaci\u00f3\u00a0<a href=\"https:\/\/view.genial.ly\/612eafc1d5aee50de05d08f8\">AQU\u00cd<\/a><\/p>\n<p style=\"text-align: justify;\">La documentaci\u00f3 s\u2019ha\u00a0<strong>actualitzat amb data 10 de setembre de 2021<\/strong>. S\u2019han disposat noves directrius seguint les instruccions pel curs 2021-2022<\/p>\n<\/div>\n","protected":false},"excerpt":{"rendered":"<p>Les condicions sanit\u00e0ries derivades de la pand\u00e8mia han fet que s\u2019haguessin de modificar algunes de les pautes d\u2019actuaci\u00f3 i protocols que es feien servir en cursos anteriors. La majoria s\u00f3n pautes d\u2019actuaci\u00f3 transit\u00f2ries que tindran la durada que tingui la situaci\u00f3 d\u2019excepcionalitat derivada de la pand\u00e8mia de la COVID 19.\u00a0 Conv\u00e9 tenir presents les indicacions [&hellip;]<\/p>\n","protected":false},"author":1,"featured_media":0,"comment_status":"open","ping_status":"closed","sticky":false,"template":"","format":"standard","meta":{"_bbp_topic_count":0,"_bbp_reply_count":0,"_bbp_total_topic_count":0,"_bbp_total_reply_count":0,"_bbp_voice_count":0,"_bbp_anonymous_reply_count":0,"_bbp_topic_count_hidden":0,"_bbp_reply_count_hidden":0,"_bbp_forum_subforum_count":0,"site-sidebar-layout":"default","site-content-layout":"","ast-site-content-layout":"","site-content-style":"default","site-sidebar-style":"default","ast-global-header-display":"","ast-banner-title-visibility":"","ast-main-header-display":"","ast-hfb-above-header-display":"","ast-hfb-below-header-display":"","ast-hfb-mobile-header-display":"","site-post-title":"","ast-breadcrumbs-content":"","ast-featured-img":"","footer-sml-layout":"","theme-transparent-header-meta":"","adv-header-id-meta":"","stick-header-meta":"","header-above-stick-meta":"","header-main-stick-meta":"","header-below-stick-meta":"","astra-migrate-meta-layouts":"default","ast-page-background-enabled":"default","ast-page-background-meta":{"desktop":{"background-color":"var(--ast-global-color-4)","background-image":"","background-repeat":"repeat","background-position":"center center","background-size":"auto","background-attachment":"scroll","background-type":"","background-media":"","overlay-type":"","overlay-color":"","overlay-opacity":"","overlay-gradient":""},"tablet":{"background-color":"","background-image":"","background-repeat":"repeat","background-position":"center center","background-size":"auto","background-attachment":"scroll","background-type":"","background-media":"","overlay-type":"","overlay-color":"","overlay-opacity":"","overlay-gradient":""},"mobile":{"background-color":"","background-image":"","background-repeat":"repeat","background-position":"center center","background-size":"auto","background-attachment":"scroll","background-type":"","background-media":"","overlay-type":"","overlay-color":"","overlay-opacity":"","overlay-gradient":""}},"ast-content-background-meta":{"desktop":{"background-color":"var(--ast-global-color-5)","background-image":"","background-repeat":"repeat","background-position":"center center","background-size":"auto","background-attachment":"scroll","background-type":"","background-media":"","overlay-type":"","overlay-color":"","overlay-opacity":"","overlay-gradient":""},"tablet":{"background-color":"var(--ast-global-color-5)","background-image":"","background-repeat":"repeat","background-position":"center center","background-size":"auto","background-attachment":"scroll","background-type":"","background-media":"","overlay-type":"","overlay-color":"","overlay-opacity":"","overlay-gradient":""},"mobile":{"background-color":"var(--ast-global-color-5)","background-image":"","background-repeat":"repeat","background-position":"center center","background-size":"auto","background-attachment":"scroll","background-type":"","background-media":"","overlay-type":"","overlay-color":"","overlay-opacity":"","overlay-gradient":""}},"footnotes":""},"categories":[29],"tags":[],"class_list":["post-764","post","type-post","status-publish","format-standard","hentry","category-portada"],"post_mailing_queue_ids":[],"_links":{"self":[{"href":"https:\/\/agora.xtec.cat\/iesicilia\/wp-json\/wp\/v2\/posts\/764","targetHints":{"allow":["GET"]}}],"collection":[{"href":"https:\/\/agora.xtec.cat\/iesicilia\/wp-json\/wp\/v2\/posts"}],"about":[{"href":"https:\/\/agora.xtec.cat\/iesicilia\/wp-json\/wp\/v2\/types\/post"}],"author":[{"embeddable":true,"href":"https:\/\/agora.xtec.cat\/iesicilia\/wp-json\/wp\/v2\/users\/1"}],"replies":[{"embeddable":true,"href":"https:\/\/agora.xtec.cat\/iesicilia\/wp-json\/wp\/v2\/comments?post=764"}],"version-history":[{"count":2,"href":"https:\/\/agora.xtec.cat\/iesicilia\/wp-json\/wp\/v2\/posts\/764\/revisions"}],"predecessor-version":[{"id":926,"href":"https:\/\/agora.xtec.cat\/iesicilia\/wp-json\/wp\/v2\/posts\/764\/revisions\/926"}],"wp:attachment":[{"href":"https:\/\/agora.xtec.cat\/iesicilia\/wp-json\/wp\/v2\/media?parent=764"}],"wp:term":[{"taxonomy":"category","embeddable":true,"href":"https:\/\/agora.xtec.cat\/iesicilia\/wp-json\/wp\/v2\/categories?post=764"},{"taxonomy":"post_tag","embeddable":true,"href":"https:\/\/agora.xtec.cat\/iesicilia\/wp-json\/wp\/v2\/tags?post=764"}],"curies":[{"name":"wp","href":"https:\/\/api.w.org\/{rel}","templated":true}]}}