{"id":2316,"date":"2026-03-03T13:49:04","date_gmt":"2026-03-03T12:49:04","guid":{"rendered":"https:\/\/agora.xtec.cat\/iesicilia\/?p=2316"},"modified":"2026-03-03T14:03:02","modified_gmt":"2026-03-03T13:03:02","slug":"la-musica-a-la-nostra-escola","status":"publish","type":"post","link":"https:\/\/agora.xtec.cat\/iesicilia\/general\/la-musica-a-la-nostra-escola\/","title":{"rendered":"La m\u00fasica a la nostra escola"},"content":{"rendered":"<p>&nbsp;<\/p>\n<p><span style=\"font-weight: 400;\">A l\u2019escola, creiem que educar en m\u00fasica \u00e9s educar en sensibilitat, expressi\u00f3 i treball en equip. I sobretot, \u00e9s donar als infants una eina per mirar el m\u00f3n amb uns altres ulls, ser persones cr\u00edtiques respecte als altres i a ells mateixos, i cr\u00e9ixer en valors.<\/span><\/p>\n<p><span style=\"font-weight: 400;\">\u00c9s per aix\u00f2 que la m\u00fasica acompanya festes, projectes i un munt de moments especials del curs. Es<\/span><\/p>\n<p><img loading=\"lazy\" decoding=\"async\" class=\" wp-image-2319 alignright\" src=\"https:\/\/agora.xtec.cat\/iesicilia\/wp-content\/uploads\/usu2573\/2026\/03\/IMG_20250221_153612_resized-2_compressed-1.jpg\" alt=\"\" width=\"245\" height=\"367\" srcset=\"https:\/\/agora.xtec.cat\/iesicilia\/wp-content\/uploads\/usu2573\/2026\/03\/IMG_20250221_153612_resized-2_compressed-1.jpg 875w, https:\/\/agora.xtec.cat\/iesicilia\/wp-content\/uploads\/usu2573\/2026\/03\/IMG_20250221_153612_resized-2_compressed-1-200x300.jpg 200w, https:\/\/agora.xtec.cat\/iesicilia\/wp-content\/uploads\/usu2573\/2026\/03\/IMG_20250221_153612_resized-2_compressed-1-683x1024.jpg 683w, https:\/\/agora.xtec.cat\/iesicilia\/wp-content\/uploads\/usu2573\/2026\/03\/IMG_20250221_153612_resized-2_compressed-1-768x1151.jpg 768w\" sizes=\"auto, (max-width: 245px) 100vw, 245px\" \/><\/p>\n<p><span style=\"font-weight: 400;\">t\u00e0 present en el dia a dia de tot el nostre alumnat.<\/span><\/p>\n<p><b>Com aprenem m\u00fasica?<\/b><\/p>\n<p><span style=\"font-family: inherit; font-size: 1em;\">Els m\u00e9s petits exploren el m\u00f3n a trav\u00e9s dels sons: escolten, imiten, experimenten i juguen amb la veu, el co<\/span><span style=\"font-family: inherit; font-size: 1em;\">s i amb alguns instruments senzills. Utilitzant sempre el joc i l\u2019experimentaci\u00f3 com a base d\u2019aprenentatge.<\/span><\/p>\n<p><span style=\"font-weight: 400;\">A mesura que creixen, aprenen a escoltar, analitzar, crear i interpretar ritmes, melodies i repertoris diversos, escoltant diferents estils musicals, m\u00fasica de diferents \u00e8poques, i tocant instruments de diferents fam\u00edlies (petita percussi\u00f3, xil\u00f2fons, flautes, ukeleles, etc.). Sent totalment els protagonistes del seu propi aprenentatge i marcant cadasc\u00fa el seu ritme.<\/span><\/p>\n<p><b>Qu\u00e8 volem?<\/b><\/p>\n<ul>\n<li style=\"font-weight: 400;\" aria-level=\"1\"><span style=\"font-weight: 400;\">Mostrar h\u00e0bits de percepci\u00f3 reflexiva i oberta de la realitat sonora del seu entorn natural i cultural, aix\u00ed com utilitzar elements dels llenguatges visual, musical i corporal per analitzar i entendre algunes produccions art\u00edstiques.<\/span><\/li>\n<li style=\"font-weight: 400;\" aria-level=\"1\"><span style=\"font-weight: 400;\">Interpretar m\u00fasica de forma individual i col\u00b7lectiva utilitzant la veu, els instruments i el cos. Aix\u00ed com compondre, experimentar i\/o improvisar amb instruments i t\u00e8cniques dels diferents llenguatges art\u00edstics. Podent ser aquesta una eina d\u2019expressi\u00f3 mundial.<\/span><\/li>\n<li style=\"font-weight: 400;\" aria-level=\"1\"><span style=\"font-weight: 400;\">Valorar amb respecte i sentit cr\u00edtic diferents produccions art\u00edstiques en diferents contextos i gaudir de les experi\u00e8ncies i creacions art\u00edstiques com a font d\u2019enriquiment personal i social.<\/span><\/li>\n<\/ul>\n<p><span style=\"font-weight: 400;\">Des dels m\u00e9s petits fins als m\u00e9s grans, la m\u00fasica \u00e9s una eina per descobrir, expressar-se i cr\u00e9ixer.<\/span><\/p>\n","protected":false},"excerpt":{"rendered":"<p>&nbsp; A l\u2019escola, creiem que educar en m\u00fasica \u00e9s educar en sensibilitat, expressi\u00f3 i treball en equip. I sobretot, \u00e9s donar als infants una eina per mirar el m\u00f3n amb uns altres ulls, ser persones cr\u00edtiques respecte als altres i a ells mateixos, i cr\u00e9ixer en valors. \u00c9s per aix\u00f2 que la m\u00fasica acompanya festes, [&hellip;]<\/p>\n","protected":false},"author":1,"featured_media":2327,"comment_status":"open","ping_status":"open","sticky":false,"template":"","format":"standard","meta":{"_bbp_topic_count":0,"_bbp_reply_count":0,"_bbp_total_topic_count":0,"_bbp_total_reply_count":0,"_bbp_voice_count":0,"_bbp_anonymous_reply_count":0,"_bbp_topic_count_hidden":0,"_bbp_reply_count_hidden":0,"_bbp_forum_subforum_count":0,"site-sidebar-layout":"default","site-content-layout":"","ast-site-content-layout":"","site-content-style":"default","site-sidebar-style":"default","ast-global-header-display":"","ast-banner-title-visibility":"","ast-main-header-display":"","ast-hfb-above-header-display":"","ast-hfb-below-header-display":"","ast-hfb-mobile-header-display":"","site-post-title":"","ast-breadcrumbs-content":"","ast-featured-img":"","footer-sml-layout":"","theme-transparent-header-meta":"","adv-header-id-meta":"","stick-header-meta":"","header-above-stick-meta":"","header-main-stick-meta":"","header-below-stick-meta":"","astra-migrate-meta-layouts":"default","ast-page-background-enabled":"default","ast-page-background-meta":{"desktop":{"background-color":"var(--ast-global-color-4)","background-image":"","background-repeat":"repeat","background-position":"center center","background-size":"auto","background-attachment":"scroll","background-type":"","background-media":"","overlay-type":"","overlay-color":"","overlay-opacity":"","overlay-gradient":""},"tablet":{"background-color":"","background-image":"","background-repeat":"repeat","background-position":"center center","background-size":"auto","background-attachment":"scroll","background-type":"","background-media":"","overlay-type":"","overlay-color":"","overlay-opacity":"","overlay-gradient":""},"mobile":{"background-color":"","background-image":"","background-repeat":"repeat","background-position":"center center","background-size":"auto","background-attachment":"scroll","background-type":"","background-media":"","overlay-type":"","overlay-color":"","overlay-opacity":"","overlay-gradient":""}},"ast-content-background-meta":{"desktop":{"background-color":"var(--ast-global-color-5)","background-image":"","background-repeat":"repeat","background-position":"center center","background-size":"auto","background-attachment":"scroll","background-type":"","background-media":"","overlay-type":"","overlay-color":"","overlay-opacity":"","overlay-gradient":""},"tablet":{"background-color":"var(--ast-global-color-5)","background-image":"","background-repeat":"repeat","background-position":"center center","background-size":"auto","background-attachment":"scroll","background-type":"","background-media":"","overlay-type":"","overlay-color":"","overlay-opacity":"","overlay-gradient":""},"mobile":{"background-color":"var(--ast-global-color-5)","background-image":"","background-repeat":"repeat","background-position":"center center","background-size":"auto","background-attachment":"scroll","background-type":"","background-media":"","overlay-type":"","overlay-color":"","overlay-opacity":"","overlay-gradient":""}},"footnotes":""},"categories":[1,29],"tags":[128,133],"class_list":["post-2316","post","type-post","status-publish","format-standard","has-post-thumbnail","hentry","category-general","category-portada","tag-aprenentatges","tag-musica"],"post_mailing_queue_ids":[],"_links":{"self":[{"href":"https:\/\/agora.xtec.cat\/iesicilia\/wp-json\/wp\/v2\/posts\/2316","targetHints":{"allow":["GET"]}}],"collection":[{"href":"https:\/\/agora.xtec.cat\/iesicilia\/wp-json\/wp\/v2\/posts"}],"about":[{"href":"https:\/\/agora.xtec.cat\/iesicilia\/wp-json\/wp\/v2\/types\/post"}],"author":[{"embeddable":true,"href":"https:\/\/agora.xtec.cat\/iesicilia\/wp-json\/wp\/v2\/users\/1"}],"replies":[{"embeddable":true,"href":"https:\/\/agora.xtec.cat\/iesicilia\/wp-json\/wp\/v2\/comments?post=2316"}],"version-history":[{"count":4,"href":"https:\/\/agora.xtec.cat\/iesicilia\/wp-json\/wp\/v2\/posts\/2316\/revisions"}],"predecessor-version":[{"id":2324,"href":"https:\/\/agora.xtec.cat\/iesicilia\/wp-json\/wp\/v2\/posts\/2316\/revisions\/2324"}],"wp:featuredmedia":[{"embeddable":true,"href":"https:\/\/agora.xtec.cat\/iesicilia\/wp-json\/wp\/v2\/media\/2327"}],"wp:attachment":[{"href":"https:\/\/agora.xtec.cat\/iesicilia\/wp-json\/wp\/v2\/media?parent=2316"}],"wp:term":[{"taxonomy":"category","embeddable":true,"href":"https:\/\/agora.xtec.cat\/iesicilia\/wp-json\/wp\/v2\/categories?post=2316"},{"taxonomy":"post_tag","embeddable":true,"href":"https:\/\/agora.xtec.cat\/iesicilia\/wp-json\/wp\/v2\/tags?post=2316"}],"curies":[{"name":"wp","href":"https:\/\/api.w.org\/{rel}","templated":true}]}}