{"id":2178,"date":"2025-10-28T14:04:24","date_gmt":"2025-10-28T13:04:24","guid":{"rendered":"https:\/\/agora.xtec.cat\/iesicilia\/?p=2178"},"modified":"2025-10-28T14:07:47","modified_gmt":"2025-10-28T13:07:47","slug":"els-grups-multinivell-a-educacio-infantil","status":"publish","type":"post","link":"https:\/\/agora.xtec.cat\/iesicilia\/general\/els-grups-multinivell-a-educacio-infantil\/","title":{"rendered":"Els grups multinivell a Educaci\u00f3 Infantil"},"content":{"rendered":"<h3><b>Treball en grups multinivell a Educaci\u00f3 Infantil: cr\u00e9ixer aprenent dels altres<\/b><\/h3>\n<p><span style=\"font-weight: 400;\">A l\u2019Institut Escola Sic\u00edlia som conscients que cada infant t\u00e9 el seu propi ritme, les seves necessitats i les seves fortaleses. \u00c9s per aix\u00f2 que, al llarg de la setmana destinem diferents franges hor\u00e0ries per treballar <\/span><b>grups multinivell<\/b><span style=\"font-weight: 400;\">, formats per nens i nenes de diferents edats dins de l\u2019etapa del segon cicle d\u2019educaci\u00f3 infantil.<img loading=\"lazy\" decoding=\"async\" class=\"wp-image-2181 alignleft\" src=\"https:\/\/agora.xtec.cat\/iesicilia\/wp-content\/uploads\/usu2573\/2025\/10\/nova-1-1024x1024.jpg\" alt=\"\" width=\"199\" height=\"199\" srcset=\"https:\/\/agora.xtec.cat\/iesicilia\/wp-content\/uploads\/usu2573\/2025\/10\/nova-1-1024x1024.jpg 1024w, https:\/\/agora.xtec.cat\/iesicilia\/wp-content\/uploads\/usu2573\/2025\/10\/nova-1-300x300.jpg 300w, https:\/\/agora.xtec.cat\/iesicilia\/wp-content\/uploads\/usu2573\/2025\/10\/nova-1-150x150.jpg 150w, https:\/\/agora.xtec.cat\/iesicilia\/wp-content\/uploads\/usu2573\/2025\/10\/nova-1-768x768.jpg 768w, https:\/\/agora.xtec.cat\/iesicilia\/wp-content\/uploads\/usu2573\/2025\/10\/nova-1.jpg 1500w\" sizes=\"auto, (max-width: 199px) 100vw, 199px\" \/><\/span><\/p>\n<p><span style=\"font-weight: 400;\">Les propostes que s&#8217;ofereixen en aquestes franges s\u00f3n <\/span><b>activitats din\u00e0miques, l\u00fadiques i manipulatives<\/b><span style=\"font-weight: 400;\">, adaptades als interessos, possibilitats dels infants i partint dels seus coneixements previs. A trav\u00e9s del joc, l\u2019experimentaci\u00f3 i la descoberta, cada nen i nena pot participar activament del seu propi aprenentatge, a m\u00e9s comparteix experi\u00e8ncies amb companys i companyes m\u00e9s grans o m\u00e9s petits.<\/span><\/p>\n<h3><\/h3>\n<p>&nbsp;<\/p>\n<h3><b>Per qu\u00e8 creiem que \u00e9s benefici\u00f3s aquest tipus de treball entre els infants?<\/b><\/h3>\n<ul>\n<li style=\"font-weight: 400;\" aria-level=\"1\"><b>Afavoreix l\u2019autonomia i la responsabilitat<\/b><span style=\"font-weight: 400;\">. Els infants assumeixen rols diferents segons el grup,<\/span><\/li>\n<li style=\"font-weight: 400;\" aria-level=\"1\"><span style=\"font-weight: 400;\"><img loading=\"lazy\" decoding=\"async\" class=\"wp-image-2182 alignright\" src=\"https:\/\/agora.xtec.cat\/iesicilia\/wp-content\/uploads\/usu2573\/2025\/10\/nova3-1024x1024.jpg\" alt=\"\" width=\"202\" height=\"202\" srcset=\"https:\/\/agora.xtec.cat\/iesicilia\/wp-content\/uploads\/usu2573\/2025\/10\/nova3-1024x1024.jpg 1024w, https:\/\/agora.xtec.cat\/iesicilia\/wp-content\/uploads\/usu2573\/2025\/10\/nova3-300x300.jpg 300w, https:\/\/agora.xtec.cat\/iesicilia\/wp-content\/uploads\/usu2573\/2025\/10\/nova3-150x150.jpg 150w, https:\/\/agora.xtec.cat\/iesicilia\/wp-content\/uploads\/usu2573\/2025\/10\/nova3-768x768.jpg 768w, https:\/\/agora.xtec.cat\/iesicilia\/wp-content\/uploads\/usu2573\/2025\/10\/nova3.jpg 1500w\" sizes=\"auto, (max-width: 202px) 100vw, 202px\" \/>\u00a0l\u2019activitat i s\u00f3n part\u00edcips del seu aprenentatge.<\/span><\/li>\n<li style=\"font-weight: 400;\" aria-level=\"1\"><b>Fomenta la cooperaci\u00f3 i l\u2019ajuda m\u00fatua. <\/b><span style=\"font-weight: 400;\">Aix\u00ed, es potencien<\/span> <span style=\"font-weight: 400;\">valors com l\u2019empatia i el respecte.<\/span><\/li>\n<li style=\"font-weight: 400;\" aria-level=\"1\"><b>Estimula l\u2019aprenentatge significatiu<\/b><span style=\"font-weight: 400;\">, ja que les activitats es viuen com una experi\u00e8ncia compartida, motivadora, plena de sentit i contextualitzades.<\/span><\/li>\n<li style=\"font-weight: 400;\" aria-level=\"1\"><b>Respecta la diversitat i el ritme maduratiu de cada infant<\/b><span style=\"font-weight: 400;\">, creant un ambient inclusiu on tothom pot aportar i aprendre.<\/span><span style=\"font-weight: 400;\"><br \/>\n<\/span><\/li>\n<\/ul>\n<p><span style=\"font-weight: 400;\">Treballar per grups multinivell \u00e9s una manera d\u2019entendre l\u2019educaci\u00f3 des del respecte, l\u2019escolta i la confian\u00e7a en les capacitats del<\/span><span style=\"font-weight: 400;\">s infants. Perqu\u00e8 aprendre no \u00e9s nom\u00e9s adquirir coneixements, sin\u00f3 tamb\u00e9 <\/span><b>cr\u00e9ixer amb els altres<\/b><span style=\"font-weight: 400;\">.<\/span><\/p>\n<p><img loading=\"lazy\" decoding=\"async\" class=\"wp-image-2183 aligncenter\" src=\"https:\/\/agora.xtec.cat\/iesicilia\/wp-content\/uploads\/usu2573\/2025\/10\/nova2-1024x1024.jpg\" alt=\"\" width=\"187\" height=\"187\" srcset=\"https:\/\/agora.xtec.cat\/iesicilia\/wp-content\/uploads\/usu2573\/2025\/10\/nova2-1024x1024.jpg 1024w, https:\/\/agora.xtec.cat\/iesicilia\/wp-content\/uploads\/usu2573\/2025\/10\/nova2-300x300.jpg 300w, https:\/\/agora.xtec.cat\/iesicilia\/wp-content\/uploads\/usu2573\/2025\/10\/nova2-150x150.jpg 150w, https:\/\/agora.xtec.cat\/iesicilia\/wp-content\/uploads\/usu2573\/2025\/10\/nova2-768x768.jpg 768w, https:\/\/agora.xtec.cat\/iesicilia\/wp-content\/uploads\/usu2573\/2025\/10\/nova2.jpg 1500w\" sizes=\"auto, (max-width: 187px) 100vw, 187px\" \/><\/p>\n","protected":false},"excerpt":{"rendered":"<p>Treball en grups multinivell a Educaci\u00f3 Infantil: cr\u00e9ixer aprenent dels altres A l\u2019Institut Escola Sic\u00edlia som conscients que cada infant t\u00e9 el seu propi ritme, les seves necessitats i les seves fortaleses. \u00c9s per aix\u00f2 que, al llarg de la setmana destinem diferents franges hor\u00e0ries per treballar grups multinivell, formats per nens i nenes de [&hellip;]<\/p>\n","protected":false},"author":1,"featured_media":2182,"comment_status":"open","ping_status":"open","sticky":false,"template":"","format":"standard","meta":{"_bbp_topic_count":0,"_bbp_reply_count":0,"_bbp_total_topic_count":0,"_bbp_total_reply_count":0,"_bbp_voice_count":0,"_bbp_anonymous_reply_count":0,"_bbp_topic_count_hidden":0,"_bbp_reply_count_hidden":0,"_bbp_forum_subforum_count":0,"site-sidebar-layout":"default","site-content-layout":"","ast-site-content-layout":"","site-content-style":"default","site-sidebar-style":"default","ast-global-header-display":"","ast-banner-title-visibility":"","ast-main-header-display":"","ast-hfb-above-header-display":"","ast-hfb-below-header-display":"","ast-hfb-mobile-header-display":"","site-post-title":"","ast-breadcrumbs-content":"","ast-featured-img":"","footer-sml-layout":"","theme-transparent-header-meta":"","adv-header-id-meta":"","stick-header-meta":"","header-above-stick-meta":"","header-main-stick-meta":"","header-below-stick-meta":"","astra-migrate-meta-layouts":"default","ast-page-background-enabled":"default","ast-page-background-meta":{"desktop":{"background-color":"var(--ast-global-color-4)","background-image":"","background-repeat":"repeat","background-position":"center center","background-size":"auto","background-attachment":"scroll","background-type":"","background-media":"","overlay-type":"","overlay-color":"","overlay-opacity":"","overlay-gradient":""},"tablet":{"background-color":"","background-image":"","background-repeat":"repeat","background-position":"center center","background-size":"auto","background-attachment":"scroll","background-type":"","background-media":"","overlay-type":"","overlay-color":"","overlay-opacity":"","overlay-gradient":""},"mobile":{"background-color":"","background-image":"","background-repeat":"repeat","background-position":"center center","background-size":"auto","background-attachment":"scroll","background-type":"","background-media":"","overlay-type":"","overlay-color":"","overlay-opacity":"","overlay-gradient":""}},"ast-content-background-meta":{"desktop":{"background-color":"var(--ast-global-color-5)","background-image":"","background-repeat":"repeat","background-position":"center center","background-size":"auto","background-attachment":"scroll","background-type":"","background-media":"","overlay-type":"","overlay-color":"","overlay-opacity":"","overlay-gradient":""},"tablet":{"background-color":"var(--ast-global-color-5)","background-image":"","background-repeat":"repeat","background-position":"center center","background-size":"auto","background-attachment":"scroll","background-type":"","background-media":"","overlay-type":"","overlay-color":"","overlay-opacity":"","overlay-gradient":""},"mobile":{"background-color":"var(--ast-global-color-5)","background-image":"","background-repeat":"repeat","background-position":"center center","background-size":"auto","background-attachment":"scroll","background-type":"","background-media":"","overlay-type":"","overlay-color":"","overlay-opacity":"","overlay-gradient":""}},"footnotes":""},"categories":[1,8,29],"tags":[],"class_list":["post-2178","post","type-post","status-publish","format-standard","has-post-thumbnail","hentry","category-general","category-inf","category-portada"],"post_mailing_queue_ids":[],"_links":{"self":[{"href":"https:\/\/agora.xtec.cat\/iesicilia\/wp-json\/wp\/v2\/posts\/2178","targetHints":{"allow":["GET"]}}],"collection":[{"href":"https:\/\/agora.xtec.cat\/iesicilia\/wp-json\/wp\/v2\/posts"}],"about":[{"href":"https:\/\/agora.xtec.cat\/iesicilia\/wp-json\/wp\/v2\/types\/post"}],"author":[{"embeddable":true,"href":"https:\/\/agora.xtec.cat\/iesicilia\/wp-json\/wp\/v2\/users\/1"}],"replies":[{"embeddable":true,"href":"https:\/\/agora.xtec.cat\/iesicilia\/wp-json\/wp\/v2\/comments?post=2178"}],"version-history":[{"count":4,"href":"https:\/\/agora.xtec.cat\/iesicilia\/wp-json\/wp\/v2\/posts\/2178\/revisions"}],"predecessor-version":[{"id":2186,"href":"https:\/\/agora.xtec.cat\/iesicilia\/wp-json\/wp\/v2\/posts\/2178\/revisions\/2186"}],"wp:featuredmedia":[{"embeddable":true,"href":"https:\/\/agora.xtec.cat\/iesicilia\/wp-json\/wp\/v2\/media\/2182"}],"wp:attachment":[{"href":"https:\/\/agora.xtec.cat\/iesicilia\/wp-json\/wp\/v2\/media?parent=2178"}],"wp:term":[{"taxonomy":"category","embeddable":true,"href":"https:\/\/agora.xtec.cat\/iesicilia\/wp-json\/wp\/v2\/categories?post=2178"},{"taxonomy":"post_tag","embeddable":true,"href":"https:\/\/agora.xtec.cat\/iesicilia\/wp-json\/wp\/v2\/tags?post=2178"}],"curies":[{"name":"wp","href":"https:\/\/api.w.org\/{rel}","templated":true}]}}